{"id":234460,"date":"2026-04-23T12:14:06","date_gmt":"2026-04-23T10:14:06","guid":{"rendered":"https:\/\/arlettipartners.com\/?news=lussemburgo-aumento-salario-minimo-e-clima-di-tensione"},"modified":"2026-04-28T14:58:18","modified_gmt":"2026-04-28T12:58:18","slug":"lussemburgo-aumento-salario-minimo-e-clima-di-tensione","status":"publish","type":"news","link":"https:\/\/arlettipartners.com\/it\/lussemburgo-aumento-salario-minimo-e-clima-di-tensione\/","title":{"rendered":"Lussemburgo: aumento del salario minimo e clima di tensione"},"content":{"rendered":"\n<p>Il Governo del Lussemburgo ha ufficialmente confermato l\u2019aumento del salario minimo, annunciando un incremento del 3,8% che entrer\u00e0 in vigore dal 1\u00b0 gennaio 2027. La misura ha gi\u00e0 acceso il dibattito tra sindacati e datori di lavoro, evidenziando le persistenti tensioni sull\u2019adeguatezza dei salari.<\/p>\n\n<h2 class=\"wp-block-heading\" id=\"h-minimum-wage-increase-overview-of-the-measure\"><h2><strong>Aumento del salario minimo: panoramica della misura<\/strong><\/h2><\/h2>\n\n<p>In Lussemburgo, il Governo ha confermato un aumento del salario minimo pari al 3,8%, con entrata in vigore prevista per il 1\u00b0 gennaio 2027. La misura si inserisce in un pi\u00f9 ampio insieme di politiche volte a rafforzare il potere d\u2019acquisto, in particolare alla luce del persistente aumento del costo della vita. Tenuto conto dei meccanismi di indicizzazione automatica gi\u00e0 previsti dalla <a href=\"https:\/\/data.legilux.public.lu\/filestore\/eli\/etat\/leg\/code\/travail\/20200201\/fr\/pdf\/eli-etat-leg-code-travail-20200201-fr-pdf.pdf\">normativa lussemburghese<\/a>, l\u2019adeguamento complessivo dovrebbe tradursi in un incremento medio di circa 170 euro mensili.<\/p>\n\n<h2 class=\"wp-block-heading\" id=\"h-eu-framework-and-benchmarks-for-minimum-wage-adequacy\"><h2><strong>Quadro europeo e parametri di adeguatezza del salario minimo<\/strong><\/h2><\/h2>\n\n<p>L\u2019aumento deve essere interpretato nel contesto delineato dalla <a href=\"https:\/\/eur-lex.europa.eu\/legal-content\/IT\/TXT\/?uri=CELEX:32022L2041\">Direttiva UE sui salari minimi adeguati<\/a>, che impone agli Stati membri di garantire che i salari minimi legali assicurino un tenore di vita dignitoso e siano coerenti con le strutture salariali nazionali. Tra i valori di riferimento raccomandati, la Direttiva indica parametri quali il 60% del salario mediano o il 50% del salario medio, utili per valutarne l\u2019adeguatezza.<\/p>\n\n<h2 class=\"wp-block-heading\" id=\"h-concerns-raised-by-trade-unions\"><h2><strong>Criticit\u00e0 sollevate dalle organizzazioni sindacali<\/strong><\/h2><\/h2>\n\n<p>Sebbene la misura sia stata formalmente adottata, essa ha suscitato forti critiche da parte delle organizzazioni sindacali, che hanno giudicato insoddisfacente l\u2019esito delle negoziazioni. In particolare, sono state espresse perplessit\u00e0 in merito al metodo utilizzato per determinare il salario mediano, parametro chiave per valutare l\u2019adeguatezza dell\u2019aumento. Secondo i rappresentanti dei lavoratori, l\u2019esclusione di alcune componenti della retribuzione \u2013 quali bonus e mensilit\u00e0 aggiuntive \u2013 comporterebbe una sottostima del salario mediano effettivo, riducendo di conseguenza l\u2019entit\u00e0 dell\u2019adeguamento.<\/p>\n\n<h2 class=\"wp-block-heading\" id=\"h-workers-demands-and-the-issue-of-wage-adequacy\"><h2><strong>Rivendicazioni dei lavoratori e tema dell\u2019adeguatezza salariale<\/strong><\/h2><\/h2>\n\n<p>Le organizzazioni sindacali hanno richiesto un intervento pi\u00f9 incisivo, sostenendo un aumento di circa il 12%, ritenuto pi\u00f9 adeguato a garantire standard di vita dignitosi, in particolare per i lavoratori a basso reddito. Tale posizione riflette preoccupazioni pi\u00f9 ampie legate al fenomeno della povert\u00e0 lavorativa in un contesto caratterizzato da un elevato costo della vita.<\/p>\n\n<h2 class=\"wp-block-heading\" id=\"h-employers-position-and-deadlock-in-social-dialogue\"><h2><strong>Posizione dei datori di lavoro e stallo del dialogo sociale<\/strong><\/h2><\/h2>\n\n<p>Le organizzazioni datoriali hanno invece espresso preoccupazioni in merito alla sostenibilit\u00e0 economica della misura, sostenendo che un aumento di tale entit\u00e0 potrebbe incidere negativamente sui costi del lavoro e sulla competitivit\u00e0 delle imprese. In alternativa, hanno proposto misure di sostegno diretto al reddito che non comportino un incremento significativo dei livelli salariali. A fronte di queste posizioni contrapposte, il dialogo sociale appare attualmente in fase di stallo, con le parti ancora distanti.<\/p>\n\n<h2 class=\"wp-block-heading\" id=\"h-concluding-remarks-and-future-outlook\"><h2><strong>Considerazioni conclusive e prospettive future<\/strong><\/h2><\/h2>\n\n<p>La situazione in Lussemburgo evidenzia la complessit\u00e0 nel definire un salario minimo equilibrato, capace di conciliare efficacemente la tutela del potere d\u2019acquisto dei lavoratori con la sostenibilit\u00e0 economica delle imprese. L\u2019evoluzione del confronto tra Governo e parti sociali sar\u00e0 determinante per comprendere se, nel prossimo futuro, verranno introdotti ulteriori adeguamenti o misure correttive.<\/p>\n","protected":false},"excerpt":{"rendered":"<p>L\u2019aumento del salario minimo in Lussemburgo previsto per il 2027 \u00e8 stato confermato con un incremento del 3,8%, mentre sindacati e datori di lavoro restano divisi sull\u2019adeguatezza dei salari e sulle future riforme.<\/p>\n","protected":false},"author":76,"featured_media":175751,"template":"","meta":{"_acf_changed":false,"footnotes":""},"categories":[1463,1459],"tags":[6735],"country":[1584],"container":[],"service":[5576],"tag-di-competenza":[5605],"class_list":["post-234460","news","type-news","status-publish","has-post-thumbnail","hentry","category-remuneration","category-labour-law","tag-news-2","country-lussemburgo","service-posting-of-workers-to-eu","tag-di-competenza-team-posting-it"],"acf":[],"yoast_head":"<!-- This site is optimized with the Yoast SEO Premium plugin v27.4 (Yoast SEO v27.4) - https:\/\/yoast.com\/product\/yoast-seo-premium-wordpress\/ -->\n<title>Lussemburgo: aumento del salario minimo e clima di tensione - Arletti Partners<\/title>\n<meta name=\"description\" content=\"Il Lussemburgo conferma un aumento del salario minimo del 3,8% a partire dal 2027, mentre sindacati e datori di lavoro restano divisi sull\u2019adeguatezza dei salari e sulle riforme.\" \/>\n<meta name=\"robots\" content=\"index, follow, max-snippet:-1, max-image-preview:large, max-video-preview:-1\" \/>\n<link rel=\"canonical\" href=\"https:\/\/arlettipartners.com\/it\/lussemburgo-aumento-salario-minimo-e-clima-di-tensione\/\" \/>\n<meta property=\"og:locale\" content=\"it_IT\" \/>\n<meta property=\"og:type\" content=\"article\" \/>\n<meta property=\"og:title\" content=\"Lussemburgo: aumento del salario minimo e clima di tensione\" \/>\n<meta property=\"og:description\" content=\"Il Lussemburgo conferma un aumento del salario minimo del 3,8% a partire dal 2027, mentre sindacati e datori di lavoro restano divisi sull\u2019adeguatezza dei salari e sulle riforme.\" \/>\n<meta property=\"og:url\" content=\"https:\/\/arlettipartners.com\/it\/lussemburgo-aumento-salario-minimo-e-clima-di-tensione\/\" \/>\n<meta property=\"og:site_name\" content=\"Arletti Partners\" \/>\n<meta property=\"article:publisher\" content=\"https:\/\/www.facebook.com\/ArlettiPartners\" \/>\n<meta property=\"article:modified_time\" content=\"2026-04-28T12:58:18+00:00\" \/>\n<meta property=\"og:image\" content=\"https:\/\/arlettipartners.com\/wp-content\/uploads\/2024\/05\/Increase-in-inspections-and-sanctions-in-Luxembourg.png\" \/>\n\t<meta property=\"og:image:width\" content=\"1300\" \/>\n\t<meta property=\"og:image:height\" content=\"700\" \/>\n\t<meta property=\"og:image:type\" content=\"image\/png\" \/>\n<meta name=\"twitter:card\" content=\"summary_large_image\" \/>\n<meta name=\"twitter:label1\" content=\"Tempo di lettura stimato\" \/>\n\t<meta name=\"twitter:data1\" content=\"2 minuti\" \/>\n<script type=\"application\/ld+json\" class=\"yoast-schema-graph\">{\"@context\":\"https:\\\/\\\/schema.org\",\"@graph\":[{\"@type\":\"WebPage\",\"@id\":\"https:\\\/\\\/arlettipartners.com\\\/it\\\/lussemburgo-aumento-salario-minimo-e-clima-di-tensione\\\/\",\"url\":\"https:\\\/\\\/arlettipartners.com\\\/it\\\/lussemburgo-aumento-salario-minimo-e-clima-di-tensione\\\/\",\"name\":\"Lussemburgo: aumento del salario minimo e clima di tensione - Arletti Partners\",\"isPartOf\":{\"@id\":\"https:\\\/\\\/arlettipartners.com\\\/it\\\/#website\"},\"primaryImageOfPage\":{\"@id\":\"https:\\\/\\\/arlettipartners.com\\\/it\\\/lussemburgo-aumento-salario-minimo-e-clima-di-tensione\\\/#primaryimage\"},\"image\":{\"@id\":\"https:\\\/\\\/arlettipartners.com\\\/it\\\/lussemburgo-aumento-salario-minimo-e-clima-di-tensione\\\/#primaryimage\"},\"thumbnailUrl\":\"https:\\\/\\\/arlettipartners.com\\\/wp-content\\\/uploads\\\/2024\\\/05\\\/Increase-in-inspections-and-sanctions-in-Luxembourg.png\",\"datePublished\":\"2026-04-23T10:14:06+00:00\",\"dateModified\":\"2026-04-28T12:58:18+00:00\",\"description\":\"Il Lussemburgo conferma un aumento del salario minimo del 3,8% a partire dal 2027, mentre sindacati e datori di lavoro restano divisi sull\u2019adeguatezza dei salari e sulle riforme.\",\"breadcrumb\":{\"@id\":\"https:\\\/\\\/arlettipartners.com\\\/it\\\/lussemburgo-aumento-salario-minimo-e-clima-di-tensione\\\/#breadcrumb\"},\"inLanguage\":\"it-IT\",\"potentialAction\":[{\"@type\":\"ReadAction\",\"target\":[\"https:\\\/\\\/arlettipartners.com\\\/it\\\/lussemburgo-aumento-salario-minimo-e-clima-di-tensione\\\/\"]}]},{\"@type\":\"ImageObject\",\"inLanguage\":\"it-IT\",\"@id\":\"https:\\\/\\\/arlettipartners.com\\\/it\\\/lussemburgo-aumento-salario-minimo-e-clima-di-tensione\\\/#primaryimage\",\"url\":\"https:\\\/\\\/arlettipartners.com\\\/wp-content\\\/uploads\\\/2024\\\/05\\\/Increase-in-inspections-and-sanctions-in-Luxembourg.png\",\"contentUrl\":\"https:\\\/\\\/arlettipartners.com\\\/wp-content\\\/uploads\\\/2024\\\/05\\\/Increase-in-inspections-and-sanctions-in-Luxembourg.png\",\"width\":1300,\"height\":700,\"caption\":\"Luxembourg's\"},{\"@type\":\"BreadcrumbList\",\"@id\":\"https:\\\/\\\/arlettipartners.com\\\/it\\\/lussemburgo-aumento-salario-minimo-e-clima-di-tensione\\\/#breadcrumb\",\"itemListElement\":[{\"@type\":\"ListItem\",\"position\":1,\"name\":\"Home\",\"item\":\"https:\\\/\\\/arlettipartners.com\\\/it\\\/\"},{\"@type\":\"ListItem\",\"position\":2,\"name\":\"News\",\"item\":\"https:\\\/\\\/arlettipartners.com\\\/it\\\/?post_type=news\"},{\"@type\":\"ListItem\",\"position\":3,\"name\":\"Labour Law\",\"item\":\"https:\\\/\\\/arlettipartners.com\\\/it\\\/category\\\/labour-law\\\/\"},{\"@type\":\"ListItem\",\"position\":4,\"name\":\"Posting of Workers for Provisions of Services\",\"item\":\"https:\\\/\\\/arlettipartners.com\\\/it\\\/category\\\/labour-law\\\/posting-of-workers-for-provisions-of-services\\\/\"},{\"@type\":\"ListItem\",\"position\":5,\"name\":\"Remuneration\",\"item\":\"https:\\\/\\\/arlettipartners.com\\\/it\\\/category\\\/diritto-del-lavoro\\\/distacco-dei-lavoratori\\\/livelli-salariali\\\/\"},{\"@type\":\"ListItem\",\"position\":6,\"name\":\"Lussemburgo: aumento del salario minimo e clima di tensione\"}]},{\"@type\":\"WebSite\",\"@id\":\"https:\\\/\\\/arlettipartners.com\\\/it\\\/#website\",\"url\":\"https:\\\/\\\/arlettipartners.com\\\/it\\\/\",\"name\":\"Arletti Partners\",\"description\":\"Tax Advisors and Global Mobility Specialists\",\"publisher\":{\"@id\":\"https:\\\/\\\/arlettipartners.com\\\/it\\\/#organization\"},\"potentialAction\":[{\"@type\":\"SearchAction\",\"target\":{\"@type\":\"EntryPoint\",\"urlTemplate\":\"https:\\\/\\\/arlettipartners.com\\\/it\\\/?s={search_term_string}\"},\"query-input\":{\"@type\":\"PropertyValueSpecification\",\"valueRequired\":true,\"valueName\":\"search_term_string\"}}],\"inLanguage\":\"it-IT\"},{\"@type\":\"Organization\",\"@id\":\"https:\\\/\\\/arlettipartners.com\\\/it\\\/#organization\",\"name\":\"Arletti & Partners\",\"url\":\"https:\\\/\\\/arlettipartners.com\\\/it\\\/\",\"logo\":{\"@type\":\"ImageObject\",\"inLanguage\":\"it-IT\",\"@id\":\"https:\\\/\\\/arlettipartners.com\\\/it\\\/#\\\/schema\\\/logo\\\/image\\\/\",\"url\":\"https:\\\/\\\/arlettipartners.com\\\/wp-content\\\/uploads\\\/2022\\\/03\\\/logo.png.nuovo_.nero_.png\",\"contentUrl\":\"https:\\\/\\\/arlettipartners.com\\\/wp-content\\\/uploads\\\/2022\\\/03\\\/logo.png.nuovo_.nero_.png\",\"width\":150,\"height\":32,\"caption\":\"Arletti & Partners\"},\"image\":{\"@id\":\"https:\\\/\\\/arlettipartners.com\\\/it\\\/#\\\/schema\\\/logo\\\/image\\\/\"},\"sameAs\":[\"https:\\\/\\\/www.facebook.com\\\/ArlettiPartners\",\"https:\\\/\\\/www.linkedin.com\\\/company\\\/aampp---arletti-amp-partners\\\/\"]}]}<\/script>\n<!-- \/ Yoast SEO Premium plugin. -->","yoast_head_json":{"title":"Lussemburgo: aumento del salario minimo e clima di tensione - Arletti Partners","description":"Il Lussemburgo conferma un aumento del salario minimo del 3,8% a partire dal 2027, mentre sindacati e datori di lavoro restano divisi sull\u2019adeguatezza dei salari e sulle riforme.","robots":{"index":"index","follow":"follow","max-snippet":"max-snippet:-1","max-image-preview":"max-image-preview:large","max-video-preview":"max-video-preview:-1"},"canonical":"https:\/\/arlettipartners.com\/it\/lussemburgo-aumento-salario-minimo-e-clima-di-tensione\/","og_locale":"it_IT","og_type":"article","og_title":"Lussemburgo: aumento del salario minimo e clima di tensione","og_description":"Il Lussemburgo conferma un aumento del salario minimo del 3,8% a partire dal 2027, mentre sindacati e datori di lavoro restano divisi sull\u2019adeguatezza dei salari e sulle riforme.","og_url":"https:\/\/arlettipartners.com\/it\/lussemburgo-aumento-salario-minimo-e-clima-di-tensione\/","og_site_name":"Arletti Partners","article_publisher":"https:\/\/www.facebook.com\/ArlettiPartners","article_modified_time":"2026-04-28T12:58:18+00:00","og_image":[{"width":1300,"height":700,"url":"https:\/\/arlettipartners.com\/wp-content\/uploads\/2024\/05\/Increase-in-inspections-and-sanctions-in-Luxembourg.png","type":"image\/png"}],"twitter_card":"summary_large_image","twitter_misc":{"Tempo di lettura stimato":"2 minuti"},"schema":{"@context":"https:\/\/schema.org","@graph":[{"@type":"WebPage","@id":"https:\/\/arlettipartners.com\/it\/lussemburgo-aumento-salario-minimo-e-clima-di-tensione\/","url":"https:\/\/arlettipartners.com\/it\/lussemburgo-aumento-salario-minimo-e-clima-di-tensione\/","name":"Lussemburgo: aumento del salario minimo e clima di tensione - Arletti Partners","isPartOf":{"@id":"https:\/\/arlettipartners.com\/it\/#website"},"primaryImageOfPage":{"@id":"https:\/\/arlettipartners.com\/it\/lussemburgo-aumento-salario-minimo-e-clima-di-tensione\/#primaryimage"},"image":{"@id":"https:\/\/arlettipartners.com\/it\/lussemburgo-aumento-salario-minimo-e-clima-di-tensione\/#primaryimage"},"thumbnailUrl":"https:\/\/arlettipartners.com\/wp-content\/uploads\/2024\/05\/Increase-in-inspections-and-sanctions-in-Luxembourg.png","datePublished":"2026-04-23T10:14:06+00:00","dateModified":"2026-04-28T12:58:18+00:00","description":"Il Lussemburgo conferma un aumento del salario minimo del 3,8% a partire dal 2027, mentre sindacati e datori di lavoro restano divisi sull\u2019adeguatezza dei salari e sulle riforme.","breadcrumb":{"@id":"https:\/\/arlettipartners.com\/it\/lussemburgo-aumento-salario-minimo-e-clima-di-tensione\/#breadcrumb"},"inLanguage":"it-IT","potentialAction":[{"@type":"ReadAction","target":["https:\/\/arlettipartners.com\/it\/lussemburgo-aumento-salario-minimo-e-clima-di-tensione\/"]}]},{"@type":"ImageObject","inLanguage":"it-IT","@id":"https:\/\/arlettipartners.com\/it\/lussemburgo-aumento-salario-minimo-e-clima-di-tensione\/#primaryimage","url":"https:\/\/arlettipartners.com\/wp-content\/uploads\/2024\/05\/Increase-in-inspections-and-sanctions-in-Luxembourg.png","contentUrl":"https:\/\/arlettipartners.com\/wp-content\/uploads\/2024\/05\/Increase-in-inspections-and-sanctions-in-Luxembourg.png","width":1300,"height":700,"caption":"Luxembourg's"},{"@type":"BreadcrumbList","@id":"https:\/\/arlettipartners.com\/it\/lussemburgo-aumento-salario-minimo-e-clima-di-tensione\/#breadcrumb","itemListElement":[{"@type":"ListItem","position":1,"name":"Home","item":"https:\/\/arlettipartners.com\/it\/"},{"@type":"ListItem","position":2,"name":"News","item":"https:\/\/arlettipartners.com\/it\/?post_type=news"},{"@type":"ListItem","position":3,"name":"Labour Law","item":"https:\/\/arlettipartners.com\/it\/category\/labour-law\/"},{"@type":"ListItem","position":4,"name":"Posting of Workers for Provisions of Services","item":"https:\/\/arlettipartners.com\/it\/category\/labour-law\/posting-of-workers-for-provisions-of-services\/"},{"@type":"ListItem","position":5,"name":"Remuneration","item":"https:\/\/arlettipartners.com\/it\/category\/diritto-del-lavoro\/distacco-dei-lavoratori\/livelli-salariali\/"},{"@type":"ListItem","position":6,"name":"Lussemburgo: aumento del salario minimo e clima di tensione"}]},{"@type":"WebSite","@id":"https:\/\/arlettipartners.com\/it\/#website","url":"https:\/\/arlettipartners.com\/it\/","name":"Arletti Partners","description":"Tax Advisors and Global Mobility Specialists","publisher":{"@id":"https:\/\/arlettipartners.com\/it\/#organization"},"potentialAction":[{"@type":"SearchAction","target":{"@type":"EntryPoint","urlTemplate":"https:\/\/arlettipartners.com\/it\/?s={search_term_string}"},"query-input":{"@type":"PropertyValueSpecification","valueRequired":true,"valueName":"search_term_string"}}],"inLanguage":"it-IT"},{"@type":"Organization","@id":"https:\/\/arlettipartners.com\/it\/#organization","name":"Arletti & Partners","url":"https:\/\/arlettipartners.com\/it\/","logo":{"@type":"ImageObject","inLanguage":"it-IT","@id":"https:\/\/arlettipartners.com\/it\/#\/schema\/logo\/image\/","url":"https:\/\/arlettipartners.com\/wp-content\/uploads\/2022\/03\/logo.png.nuovo_.nero_.png","contentUrl":"https:\/\/arlettipartners.com\/wp-content\/uploads\/2022\/03\/logo.png.nuovo_.nero_.png","width":150,"height":32,"caption":"Arletti & Partners"},"image":{"@id":"https:\/\/arlettipartners.com\/it\/#\/schema\/logo\/image\/"},"sameAs":["https:\/\/www.facebook.com\/ArlettiPartners","https:\/\/www.linkedin.com\/company\/aampp---arletti-amp-partners\/"]}]}},"_links":{"self":[{"href":"https:\/\/arlettipartners.com\/it\/wp-json\/wp\/v2\/news\/234460","targetHints":{"allow":["GET"]}}],"collection":[{"href":"https:\/\/arlettipartners.com\/it\/wp-json\/wp\/v2\/news"}],"about":[{"href":"https:\/\/arlettipartners.com\/it\/wp-json\/wp\/v2\/types\/news"}],"author":[{"embeddable":true,"href":"https:\/\/arlettipartners.com\/it\/wp-json\/wp\/v2\/users\/76"}],"version-history":[{"count":3,"href":"https:\/\/arlettipartners.com\/it\/wp-json\/wp\/v2\/news\/234460\/revisions"}],"predecessor-version":[{"id":234492,"href":"https:\/\/arlettipartners.com\/it\/wp-json\/wp\/v2\/news\/234460\/revisions\/234492"}],"wp:featuredmedia":[{"embeddable":true,"href":"https:\/\/arlettipartners.com\/it\/wp-json\/wp\/v2\/media\/175751"}],"wp:attachment":[{"href":"https:\/\/arlettipartners.com\/it\/wp-json\/wp\/v2\/media?parent=234460"}],"wp:term":[{"taxonomy":"category","embeddable":true,"href":"https:\/\/arlettipartners.com\/it\/wp-json\/wp\/v2\/categories?post=234460"},{"taxonomy":"post_tag","embeddable":true,"href":"https:\/\/arlettipartners.com\/it\/wp-json\/wp\/v2\/tags?post=234460"},{"taxonomy":"country","embeddable":true,"href":"https:\/\/arlettipartners.com\/it\/wp-json\/wp\/v2\/country?post=234460"},{"taxonomy":"container","embeddable":true,"href":"https:\/\/arlettipartners.com\/it\/wp-json\/wp\/v2\/container?post=234460"},{"taxonomy":"service","embeddable":true,"href":"https:\/\/arlettipartners.com\/it\/wp-json\/wp\/v2\/service?post=234460"},{"taxonomy":"tag-di-competenza","embeddable":true,"href":"https:\/\/arlettipartners.com\/it\/wp-json\/wp\/v2\/tag-di-competenza?post=234460"}],"curies":[{"name":"wp","href":"https:\/\/api.w.org\/{rel}","templated":true}]}}