{"id":139760,"date":"2022-10-12T12:26:36","date_gmt":"2022-10-12T10:26:36","guid":{"rendered":"https:\/\/arlettipartners.com\/aggiornamento-dal-ministero-dellinterno-e-dal-ministero-del-lavoro\/"},"modified":"2025-12-01T11:15:16","modified_gmt":"2025-12-01T10:15:16","slug":"aggiornamento-dal-ministero-dellinterno-e-dal-ministero-del-lavoro","status":"publish","type":"news","link":"https:\/\/arlettipartners.com\/it\/aggiornamento-dal-ministero-dellinterno-e-dal-ministero-del-lavoro\/","title":{"rendered":"Aggiornamento dal Ministero dell&#8217;Interno e dal Ministero del Lavoro"},"content":{"rendered":"<p style=\"text-align: left;\">Ci\u00f2 significa che \u00e8 possibile presentare la domanda di ingresso in Italia per i lavoratori formati all&#8217;estero, nonch\u00e9 per la <strong>conversione dei permessi di soggiorno<\/strong> rilasciati per altri scopi in permesso di soggiorno per lavoro subordinato e autonomo, fino al 31 dicembre 2022.<\/p>\n<p style=\"text-align: left;\">I permessi di soggiorno in questione sono i seguenti:<\/p>\n<ul>\n<li style=\"text-align: left;\"><strong>Modello BPS &#8211;<\/strong> permesso di soggiorno per lavoro subordinato per cittadini stranieri che hanno completato programmi di istruzione sostenuti dal Ministero del Lavoro italiano nel loro paese d&#8217;origine<\/li>\n<li style=\"text-align: left;\"><strong>Modello VA &#8211;<\/strong> conversione del permesso di soggiorno per lavoro subordinato<\/li>\n<li style=\"text-align: left;\"><strong>Modello VB &#8211;<\/strong> conversione del permesso di soggiorno per lavoro stagionale in permesso di soggiorno per lavoro subordinato<\/li>\n<li style=\"text-align: left;\"><strong>Modello LS &#8211;<\/strong> domanda di Nulla Osta per lavoro subordinatoo stranieri in possesso di un permesso di soggiorno CE<\/li>\n<li style=\"text-align: left;\"><strong>Modello LS1 &#8211;<\/strong> domanda di Nulla Osta per lavori domestici o stranieri in possesso di un permesso di soggiorno CE<\/li>\n<li style=\"text-align: left;\"><strong>Modello LS2 &#8211;<\/strong> permesso di soggiorno per lavoro autonomo per stranieri titolari di permesso di soggiorno CE<\/li>\n<li style=\"text-align: left;\"><strong>Modello Z &#8211;<\/strong> conversione del permesso di soggiorno per motivi di studio in permesso di soggiorno per lavoro autonomo.<\/li>\n<\/ul>\n","protected":false},"excerpt":{"rendered":"<p>Il 23 settembre 2022 il Ministero dell&#8217;Interno e il Ministero del Lavoro hanno annunciato una proroga del termine previsto dal Decreto del Presidente del Consiglio del 21 dicembre 2021.<\/p>\n","protected":false},"author":31,"featured_media":137024,"template":"","meta":{"_acf_changed":false,"footnotes":""},"categories":[1422],"tags":[],"country":[1503],"container":[],"service":[4049,4050],"tag-di-competenza":[5602],"class_list":["post-139760","news","type-news","status-publish","has-post-thumbnail","hentry","category-immigration-law","country-italia","service-immigration-services","service-visa-italy","tag-di-competenza-team-im-it"],"acf":[],"yoast_head":"<!-- This site is optimized with the Yoast SEO Premium plugin v27.4 (Yoast SEO v27.4) - https:\/\/yoast.com\/product\/yoast-seo-premium-wordpress\/ -->\n<title>Aggiornamento dal Ministero dell&#039;Interno e dal Ministero del Lavoro<\/title>\n<meta name=\"description\" content=\"Annunciata proroga del termine per la domanda di ingresso in Italia per lavoratori formati all&#039;estero e per conversione dei permessi di soggiorno.\" \/>\n<meta name=\"robots\" content=\"index, follow, max-snippet:-1, max-image-preview:large, max-video-preview:-1\" \/>\n<link rel=\"canonical\" href=\"https:\/\/arlettipartners.com\/it\/aggiornamento-dal-ministero-dellinterno-e-dal-ministero-del-lavoro\/\" \/>\n<meta property=\"og:locale\" content=\"it_IT\" \/>\n<meta property=\"og:type\" content=\"article\" \/>\n<meta property=\"og:title\" content=\"Aggiornamento dal Ministero dell&#039;Interno e dal Ministero del Lavoro\" \/>\n<meta property=\"og:description\" content=\"Annunciata proroga del termine per la domanda di ingresso in Italia per lavoratori formati all&#039;estero e per conversione dei permessi di soggiorno.\" \/>\n<meta property=\"og:url\" content=\"https:\/\/arlettipartners.com\/it\/aggiornamento-dal-ministero-dellinterno-e-dal-ministero-del-lavoro\/\" \/>\n<meta property=\"og:site_name\" content=\"Arletti Partners\" \/>\n<meta property=\"article:publisher\" content=\"https:\/\/www.facebook.com\/ArlettiPartners\" \/>\n<meta property=\"article:modified_time\" content=\"2025-12-01T10:15:16+00:00\" \/>\n<meta property=\"og:image\" content=\"https:\/\/arlettipartners.com\/wp-content\/uploads\/2022\/07\/nullaosta.png\" \/>\n\t<meta property=\"og:image:width\" content=\"1400\" \/>\n\t<meta property=\"og:image:height\" content=\"750\" \/>\n\t<meta property=\"og:image:type\" content=\"image\/png\" \/>\n<meta name=\"twitter:card\" content=\"summary_large_image\" \/>\n<meta name=\"twitter:label1\" content=\"Tempo di lettura stimato\" \/>\n\t<meta name=\"twitter:data1\" content=\"1 minuto\" \/>\n<script type=\"application\/ld+json\" class=\"yoast-schema-graph\">{\"@context\":\"https:\\\/\\\/schema.org\",\"@graph\":[{\"@type\":\"NewsArticle\",\"@id\":\"https:\\\/\\\/arlettipartners.com\\\/it\\\/aggiornamento-dal-ministero-dellinterno-e-dal-ministero-del-lavoro\\\/#article\",\"isPartOf\":{\"@id\":\"https:\\\/\\\/arlettipartners.com\\\/it\\\/aggiornamento-dal-ministero-dellinterno-e-dal-ministero-del-lavoro\\\/\"},\"author\":{\"name\":\"Sofia Galletti\",\"@id\":\"https:\\\/\\\/arlettipartners.com\\\/it\\\/#\\\/schema\\\/person\\\/a389fe5ccd4dc7635e1456ba0444fb6c\"},\"headline\":\"Aggiornamento dal Ministero dell&#8217;Interno e dal Ministero del Lavoro\",\"datePublished\":\"2022-10-12T10:26:36+00:00\",\"dateModified\":\"2025-12-01T10:15:16+00:00\",\"mainEntityOfPage\":{\"@id\":\"https:\\\/\\\/arlettipartners.com\\\/it\\\/aggiornamento-dal-ministero-dellinterno-e-dal-ministero-del-lavoro\\\/\"},\"wordCount\":193,\"publisher\":{\"@id\":\"https:\\\/\\\/arlettipartners.com\\\/it\\\/#organization\"},\"image\":{\"@id\":\"https:\\\/\\\/arlettipartners.com\\\/it\\\/aggiornamento-dal-ministero-dellinterno-e-dal-ministero-del-lavoro\\\/#primaryimage\"},\"thumbnailUrl\":\"https:\\\/\\\/arlettipartners.com\\\/wp-content\\\/uploads\\\/2022\\\/07\\\/nullaosta.png\",\"articleSection\":[\"Immigration Law\"],\"inLanguage\":\"it-IT\",\"copyrightYear\":\"2022\",\"copyrightHolder\":{\"@id\":\"https:\\\/\\\/arlettipartners.com\\\/#organization\"}},{\"@type\":\"WebPage\",\"@id\":\"https:\\\/\\\/arlettipartners.com\\\/it\\\/aggiornamento-dal-ministero-dellinterno-e-dal-ministero-del-lavoro\\\/\",\"url\":\"https:\\\/\\\/arlettipartners.com\\\/it\\\/aggiornamento-dal-ministero-dellinterno-e-dal-ministero-del-lavoro\\\/\",\"name\":\"Aggiornamento dal Ministero dell'Interno e dal Ministero del Lavoro\",\"isPartOf\":{\"@id\":\"https:\\\/\\\/arlettipartners.com\\\/it\\\/#website\"},\"primaryImageOfPage\":{\"@id\":\"https:\\\/\\\/arlettipartners.com\\\/it\\\/aggiornamento-dal-ministero-dellinterno-e-dal-ministero-del-lavoro\\\/#primaryimage\"},\"image\":{\"@id\":\"https:\\\/\\\/arlettipartners.com\\\/it\\\/aggiornamento-dal-ministero-dellinterno-e-dal-ministero-del-lavoro\\\/#primaryimage\"},\"thumbnailUrl\":\"https:\\\/\\\/arlettipartners.com\\\/wp-content\\\/uploads\\\/2022\\\/07\\\/nullaosta.png\",\"datePublished\":\"2022-10-12T10:26:36+00:00\",\"dateModified\":\"2025-12-01T10:15:16+00:00\",\"description\":\"Annunciata proroga del termine per la domanda di ingresso in Italia per lavoratori formati all'estero e per conversione dei permessi di soggiorno.\",\"breadcrumb\":{\"@id\":\"https:\\\/\\\/arlettipartners.com\\\/it\\\/aggiornamento-dal-ministero-dellinterno-e-dal-ministero-del-lavoro\\\/#breadcrumb\"},\"inLanguage\":\"it-IT\",\"potentialAction\":[{\"@type\":\"ReadAction\",\"target\":[\"https:\\\/\\\/arlettipartners.com\\\/it\\\/aggiornamento-dal-ministero-dellinterno-e-dal-ministero-del-lavoro\\\/\"]}]},{\"@type\":\"ImageObject\",\"inLanguage\":\"it-IT\",\"@id\":\"https:\\\/\\\/arlettipartners.com\\\/it\\\/aggiornamento-dal-ministero-dellinterno-e-dal-ministero-del-lavoro\\\/#primaryimage\",\"url\":\"https:\\\/\\\/arlettipartners.com\\\/wp-content\\\/uploads\\\/2022\\\/07\\\/nullaosta.png\",\"contentUrl\":\"https:\\\/\\\/arlettipartners.com\\\/wp-content\\\/uploads\\\/2022\\\/07\\\/nullaosta.png\",\"width\":1400,\"height\":750,\"caption\":\"rilascio del nullaosta in italia\"},{\"@type\":\"BreadcrumbList\",\"@id\":\"https:\\\/\\\/arlettipartners.com\\\/it\\\/aggiornamento-dal-ministero-dellinterno-e-dal-ministero-del-lavoro\\\/#breadcrumb\",\"itemListElement\":[{\"@type\":\"ListItem\",\"position\":1,\"name\":\"Home\",\"item\":\"https:\\\/\\\/arlettipartners.com\\\/it\\\/\"},{\"@type\":\"ListItem\",\"position\":2,\"name\":\"News\",\"item\":\"https:\\\/\\\/arlettipartners.com\\\/it\\\/?post_type=news\"},{\"@type\":\"ListItem\",\"position\":3,\"name\":\"Immigration Law\",\"item\":\"https:\\\/\\\/arlettipartners.com\\\/it\\\/category\\\/immigration-law\\\/\"},{\"@type\":\"ListItem\",\"position\":4,\"name\":\"Aggiornamento dal Ministero dell&#8217;Interno e dal Ministero del Lavoro\"}]},{\"@type\":\"WebSite\",\"@id\":\"https:\\\/\\\/arlettipartners.com\\\/it\\\/#website\",\"url\":\"https:\\\/\\\/arlettipartners.com\\\/it\\\/\",\"name\":\"Arletti Partners\",\"description\":\"Tax Advisors and Global Mobility Specialists\",\"publisher\":{\"@id\":\"https:\\\/\\\/arlettipartners.com\\\/it\\\/#organization\"},\"potentialAction\":[{\"@type\":\"SearchAction\",\"target\":{\"@type\":\"EntryPoint\",\"urlTemplate\":\"https:\\\/\\\/arlettipartners.com\\\/it\\\/?s={search_term_string}\"},\"query-input\":{\"@type\":\"PropertyValueSpecification\",\"valueRequired\":true,\"valueName\":\"search_term_string\"}}],\"inLanguage\":\"it-IT\"},{\"@type\":\"Organization\",\"@id\":\"https:\\\/\\\/arlettipartners.com\\\/it\\\/#organization\",\"name\":\"Arletti & Partners\",\"url\":\"https:\\\/\\\/arlettipartners.com\\\/it\\\/\",\"logo\":{\"@type\":\"ImageObject\",\"inLanguage\":\"it-IT\",\"@id\":\"https:\\\/\\\/arlettipartners.com\\\/it\\\/#\\\/schema\\\/logo\\\/image\\\/\",\"url\":\"https:\\\/\\\/arlettipartners.com\\\/wp-content\\\/uploads\\\/2022\\\/03\\\/logo.png.nuovo_.nero_.png\",\"contentUrl\":\"https:\\\/\\\/arlettipartners.com\\\/wp-content\\\/uploads\\\/2022\\\/03\\\/logo.png.nuovo_.nero_.png\",\"width\":150,\"height\":32,\"caption\":\"Arletti & Partners\"},\"image\":{\"@id\":\"https:\\\/\\\/arlettipartners.com\\\/it\\\/#\\\/schema\\\/logo\\\/image\\\/\"},\"sameAs\":[\"https:\\\/\\\/www.facebook.com\\\/ArlettiPartners\",\"https:\\\/\\\/www.linkedin.com\\\/company\\\/aampp---arletti-amp-partners\\\/\"]},{\"@type\":\"Person\",\"@id\":\"https:\\\/\\\/arlettipartners.com\\\/it\\\/#\\\/schema\\\/person\\\/a389fe5ccd4dc7635e1456ba0444fb6c\",\"name\":\"Sofia Galletti\",\"image\":{\"@type\":\"ImageObject\",\"inLanguage\":\"it-IT\",\"@id\":\"https:\\\/\\\/secure.gravatar.com\\\/avatar\\\/5e0cbe31cacd37256c5678f7d1ac82336b93c52345fefa3e8a627454ff94d04b?s=96&d=mm&r=g\",\"url\":\"https:\\\/\\\/secure.gravatar.com\\\/avatar\\\/5e0cbe31cacd37256c5678f7d1ac82336b93c52345fefa3e8a627454ff94d04b?s=96&d=mm&r=g\",\"contentUrl\":\"https:\\\/\\\/secure.gravatar.com\\\/avatar\\\/5e0cbe31cacd37256c5678f7d1ac82336b93c52345fefa3e8a627454ff94d04b?s=96&d=mm&r=g\",\"caption\":\"Sofia Galletti\"},\"url\":\"https:\\\/\\\/arlettipartners.com\\\/it\\\/author\\\/sofia-galletti\\\/\"}]}<\/script>\n<!-- \/ Yoast SEO Premium plugin. -->","yoast_head_json":{"title":"Aggiornamento dal Ministero dell'Interno e dal Ministero del Lavoro","description":"Annunciata proroga del termine per la domanda di ingresso in Italia per lavoratori formati all'estero e per conversione dei permessi di soggiorno.","robots":{"index":"index","follow":"follow","max-snippet":"max-snippet:-1","max-image-preview":"max-image-preview:large","max-video-preview":"max-video-preview:-1"},"canonical":"https:\/\/arlettipartners.com\/it\/aggiornamento-dal-ministero-dellinterno-e-dal-ministero-del-lavoro\/","og_locale":"it_IT","og_type":"article","og_title":"Aggiornamento dal Ministero dell'Interno e dal Ministero del Lavoro","og_description":"Annunciata proroga del termine per la domanda di ingresso in Italia per lavoratori formati all'estero e per conversione dei permessi di soggiorno.","og_url":"https:\/\/arlettipartners.com\/it\/aggiornamento-dal-ministero-dellinterno-e-dal-ministero-del-lavoro\/","og_site_name":"Arletti Partners","article_publisher":"https:\/\/www.facebook.com\/ArlettiPartners","article_modified_time":"2025-12-01T10:15:16+00:00","og_image":[{"width":1400,"height":750,"url":"https:\/\/arlettipartners.com\/wp-content\/uploads\/2022\/07\/nullaosta.png","type":"image\/png"}],"twitter_card":"summary_large_image","twitter_misc":{"Tempo di lettura stimato":"1 minuto"},"schema":{"@context":"https:\/\/schema.org","@graph":[{"@type":"NewsArticle","@id":"https:\/\/arlettipartners.com\/it\/aggiornamento-dal-ministero-dellinterno-e-dal-ministero-del-lavoro\/#article","isPartOf":{"@id":"https:\/\/arlettipartners.com\/it\/aggiornamento-dal-ministero-dellinterno-e-dal-ministero-del-lavoro\/"},"author":{"name":"Sofia Galletti","@id":"https:\/\/arlettipartners.com\/it\/#\/schema\/person\/a389fe5ccd4dc7635e1456ba0444fb6c"},"headline":"Aggiornamento dal Ministero dell&#8217;Interno e dal Ministero del Lavoro","datePublished":"2022-10-12T10:26:36+00:00","dateModified":"2025-12-01T10:15:16+00:00","mainEntityOfPage":{"@id":"https:\/\/arlettipartners.com\/it\/aggiornamento-dal-ministero-dellinterno-e-dal-ministero-del-lavoro\/"},"wordCount":193,"publisher":{"@id":"https:\/\/arlettipartners.com\/it\/#organization"},"image":{"@id":"https:\/\/arlettipartners.com\/it\/aggiornamento-dal-ministero-dellinterno-e-dal-ministero-del-lavoro\/#primaryimage"},"thumbnailUrl":"https:\/\/arlettipartners.com\/wp-content\/uploads\/2022\/07\/nullaosta.png","articleSection":["Immigration Law"],"inLanguage":"it-IT","copyrightYear":"2022","copyrightHolder":{"@id":"https:\/\/arlettipartners.com\/#organization"}},{"@type":"WebPage","@id":"https:\/\/arlettipartners.com\/it\/aggiornamento-dal-ministero-dellinterno-e-dal-ministero-del-lavoro\/","url":"https:\/\/arlettipartners.com\/it\/aggiornamento-dal-ministero-dellinterno-e-dal-ministero-del-lavoro\/","name":"Aggiornamento dal Ministero dell'Interno e dal Ministero del Lavoro","isPartOf":{"@id":"https:\/\/arlettipartners.com\/it\/#website"},"primaryImageOfPage":{"@id":"https:\/\/arlettipartners.com\/it\/aggiornamento-dal-ministero-dellinterno-e-dal-ministero-del-lavoro\/#primaryimage"},"image":{"@id":"https:\/\/arlettipartners.com\/it\/aggiornamento-dal-ministero-dellinterno-e-dal-ministero-del-lavoro\/#primaryimage"},"thumbnailUrl":"https:\/\/arlettipartners.com\/wp-content\/uploads\/2022\/07\/nullaosta.png","datePublished":"2022-10-12T10:26:36+00:00","dateModified":"2025-12-01T10:15:16+00:00","description":"Annunciata proroga del termine per la domanda di ingresso in Italia per lavoratori formati all'estero e per conversione dei permessi di soggiorno.","breadcrumb":{"@id":"https:\/\/arlettipartners.com\/it\/aggiornamento-dal-ministero-dellinterno-e-dal-ministero-del-lavoro\/#breadcrumb"},"inLanguage":"it-IT","potentialAction":[{"@type":"ReadAction","target":["https:\/\/arlettipartners.com\/it\/aggiornamento-dal-ministero-dellinterno-e-dal-ministero-del-lavoro\/"]}]},{"@type":"ImageObject","inLanguage":"it-IT","@id":"https:\/\/arlettipartners.com\/it\/aggiornamento-dal-ministero-dellinterno-e-dal-ministero-del-lavoro\/#primaryimage","url":"https:\/\/arlettipartners.com\/wp-content\/uploads\/2022\/07\/nullaosta.png","contentUrl":"https:\/\/arlettipartners.com\/wp-content\/uploads\/2022\/07\/nullaosta.png","width":1400,"height":750,"caption":"rilascio del nullaosta in italia"},{"@type":"BreadcrumbList","@id":"https:\/\/arlettipartners.com\/it\/aggiornamento-dal-ministero-dellinterno-e-dal-ministero-del-lavoro\/#breadcrumb","itemListElement":[{"@type":"ListItem","position":1,"name":"Home","item":"https:\/\/arlettipartners.com\/it\/"},{"@type":"ListItem","position":2,"name":"News","item":"https:\/\/arlettipartners.com\/it\/?post_type=news"},{"@type":"ListItem","position":3,"name":"Immigration Law","item":"https:\/\/arlettipartners.com\/it\/category\/immigration-law\/"},{"@type":"ListItem","position":4,"name":"Aggiornamento dal Ministero dell&#8217;Interno e dal Ministero del Lavoro"}]},{"@type":"WebSite","@id":"https:\/\/arlettipartners.com\/it\/#website","url":"https:\/\/arlettipartners.com\/it\/","name":"Arletti Partners","description":"Tax Advisors and Global Mobility Specialists","publisher":{"@id":"https:\/\/arlettipartners.com\/it\/#organization"},"potentialAction":[{"@type":"SearchAction","target":{"@type":"EntryPoint","urlTemplate":"https:\/\/arlettipartners.com\/it\/?s={search_term_string}"},"query-input":{"@type":"PropertyValueSpecification","valueRequired":true,"valueName":"search_term_string"}}],"inLanguage":"it-IT"},{"@type":"Organization","@id":"https:\/\/arlettipartners.com\/it\/#organization","name":"Arletti & Partners","url":"https:\/\/arlettipartners.com\/it\/","logo":{"@type":"ImageObject","inLanguage":"it-IT","@id":"https:\/\/arlettipartners.com\/it\/#\/schema\/logo\/image\/","url":"https:\/\/arlettipartners.com\/wp-content\/uploads\/2022\/03\/logo.png.nuovo_.nero_.png","contentUrl":"https:\/\/arlettipartners.com\/wp-content\/uploads\/2022\/03\/logo.png.nuovo_.nero_.png","width":150,"height":32,"caption":"Arletti & Partners"},"image":{"@id":"https:\/\/arlettipartners.com\/it\/#\/schema\/logo\/image\/"},"sameAs":["https:\/\/www.facebook.com\/ArlettiPartners","https:\/\/www.linkedin.com\/company\/aampp---arletti-amp-partners\/"]},{"@type":"Person","@id":"https:\/\/arlettipartners.com\/it\/#\/schema\/person\/a389fe5ccd4dc7635e1456ba0444fb6c","name":"Sofia Galletti","image":{"@type":"ImageObject","inLanguage":"it-IT","@id":"https:\/\/secure.gravatar.com\/avatar\/5e0cbe31cacd37256c5678f7d1ac82336b93c52345fefa3e8a627454ff94d04b?s=96&d=mm&r=g","url":"https:\/\/secure.gravatar.com\/avatar\/5e0cbe31cacd37256c5678f7d1ac82336b93c52345fefa3e8a627454ff94d04b?s=96&d=mm&r=g","contentUrl":"https:\/\/secure.gravatar.com\/avatar\/5e0cbe31cacd37256c5678f7d1ac82336b93c52345fefa3e8a627454ff94d04b?s=96&d=mm&r=g","caption":"Sofia Galletti"},"url":"https:\/\/arlettipartners.com\/it\/author\/sofia-galletti\/"}]}},"_links":{"self":[{"href":"https:\/\/arlettipartners.com\/it\/wp-json\/wp\/v2\/news\/139760","targetHints":{"allow":["GET"]}}],"collection":[{"href":"https:\/\/arlettipartners.com\/it\/wp-json\/wp\/v2\/news"}],"about":[{"href":"https:\/\/arlettipartners.com\/it\/wp-json\/wp\/v2\/types\/news"}],"author":[{"embeddable":true,"href":"https:\/\/arlettipartners.com\/it\/wp-json\/wp\/v2\/users\/31"}],"version-history":[{"count":1,"href":"https:\/\/arlettipartners.com\/it\/wp-json\/wp\/v2\/news\/139760\/revisions"}],"predecessor-version":[{"id":222831,"href":"https:\/\/arlettipartners.com\/it\/wp-json\/wp\/v2\/news\/139760\/revisions\/222831"}],"wp:featuredmedia":[{"embeddable":true,"href":"https:\/\/arlettipartners.com\/it\/wp-json\/wp\/v2\/media\/137024"}],"wp:attachment":[{"href":"https:\/\/arlettipartners.com\/it\/wp-json\/wp\/v2\/media?parent=139760"}],"wp:term":[{"taxonomy":"category","embeddable":true,"href":"https:\/\/arlettipartners.com\/it\/wp-json\/wp\/v2\/categories?post=139760"},{"taxonomy":"post_tag","embeddable":true,"href":"https:\/\/arlettipartners.com\/it\/wp-json\/wp\/v2\/tags?post=139760"},{"taxonomy":"country","embeddable":true,"href":"https:\/\/arlettipartners.com\/it\/wp-json\/wp\/v2\/country?post=139760"},{"taxonomy":"container","embeddable":true,"href":"https:\/\/arlettipartners.com\/it\/wp-json\/wp\/v2\/container?post=139760"},{"taxonomy":"service","embeddable":true,"href":"https:\/\/arlettipartners.com\/it\/wp-json\/wp\/v2\/service?post=139760"},{"taxonomy":"tag-di-competenza","embeddable":true,"href":"https:\/\/arlettipartners.com\/it\/wp-json\/wp\/v2\/tag-di-competenza?post=139760"}],"curies":[{"name":"wp","href":"https:\/\/api.w.org\/{rel}","templated":true}]}}