{"id":129501,"date":"2022-02-07T11:09:48","date_gmt":"2022-02-07T10:09:48","guid":{"rendered":"https:\/\/arlettipartners.com\/?p=129501"},"modified":"2025-12-04T12:13:34","modified_gmt":"2025-12-04T11:13:34","slug":"bando-digital-export-2022-regione-emilia-romagna","status":"publish","type":"news","link":"https:\/\/arlettipartners.com\/it\/bando-digital-export-2022-regione-emilia-romagna\/","title":{"rendered":"Bando Digital Export &#8211; Anno 2022 &#8211; Regione Emilia Romagna"},"content":{"rendered":"<p style=\"text-align: left;\">A partire dal 10 febbraio sar\u00e0 possibile presentare domanda per il bando digital export 2022, per accedere ai contributi messi a disposizione delle imprese per rafforzare l&#8217;operativit\u00e0 a livello internazionale. Scopriamo a chi \u00e8 destinato il bando, le spese ammissibili, contributi messi a disposizione e le scadenze da rispettare.<\/p>\n<h2 id=\"obiettivi\" class=\"titolo-visa\" style=\"text-align: left;\">Obiettivo del Bando<\/h2>\n<p style=\"text-align: left;\">Rafforzare la capacit\u00e0 delle imprese di operare sui mercati internazionali, assistendole nell\u2019individuazione di nuove opportunit\u00e0 di business nei mercati gi\u00e0 serviti e nella ricerca di nuovi mercati di sbocco, contribuendo cos\u00ec a incrementare la competitivit\u00e0 del sistema produttivo regionale.<\/p>\n<h2 id=\"destinatari\" class=\"titolo-visa\" style=\"text-align: left;\">Destinatari del Bando<\/h2>\n<p style=\"text-align: left;\"><strong>Imprese di micro, piccola e media dimensione<\/strong> con sede legale o unit\u00e0 operativa nella Regione Emilia-Romagna, con fatturato risultante da ultimo bilancio depositato in Camera di Commercio pari o superiore a 500.000,00 \u20ac.<\/p>\n<p style=\"text-align: left;\">Sono <strong>escluse<\/strong> le societ\u00e0 strumentali controllate direttamente o indirettamente da Pubbliche Amministrazioni o altri soggetti pubblici e imprese richiedenti non in regola con il pagamento del diritto annuale\/contributi del personale dipendente (DURC)<\/p>\n<h2 id=\"oggetto\" class=\"titolo-visa\" style=\"text-align: left;\">Oggetto<\/h2>\n<p style=\"text-align: left;\">Il bando supporta:<\/p>\n<ol style=\"text-align: left;\">\n<li style=\"text-align: left;\">Progetti partecipazione a <strong>eventi promozionali o B2B<\/strong>\u00a0fisici o virtuali realizzati da organizzatori internazionali, purch\u00e9 di livello internazionale;<\/li>\n<li style=\"text-align: left;\">Fiere e Convegni: partecipazione a <strong>fiere all\u2019estero o in Italia<\/strong> (in quest\u2019ultimo caso solo a fiere con qualifica \u201cinternazionale\u201d) di natura fisica o virtuale;<\/li>\n<li style=\"text-align: left;\">Business On Line: avvio e sviluppo della gestione business on line attraverso un corretto posizionamento sulle piattaforme (inclusa traduzione e\/o realizzazione in lingua straniera dei contenuti del sito web aziendale);<\/li>\n<li style=\"text-align: left;\">Marketing digitale: realizzazione di attivit\u00e0 di promozione attraverso uno o pi\u00f9 canali digitali, posizionamento sui motori di ricerca, vetrine digitali, social media marketing ecc.<\/li>\n<\/ol>\n<p style=\"text-align: left;\"><em><u>Le attivit\u00e0 dovranno essere realizzate in lingua straniera.<\/u><\/em><\/p>\n<h2 id=\"spese\" class=\"titolo-visa\" style=\"text-align: left;\">Le Spese che rientrano nel Bando Digital Export<\/h2>\n<ul style=\"text-align: left;\">\n<li style=\"text-align: left;\">Servizi di consulenza relativi a uno o pi\u00f9 ambiti di attivit\u00e0 a sostegno del commercio internazionale;<\/li>\n<li style=\"text-align: left;\">La partecipazione a convegni specialistici internazionali e a fiere a carattere internazionale in qualit\u00e0 di espositori in presenza o virtuali: Nel caso di <strong>fiere in presenza<\/strong> saranno ammessi i seguenti costi: affitto spazi, allestimento (incluse le spese di progettazione degli stand), gestione spazi, trasporto merci in esposizione e assicurazione delle stesse, ingaggio di hostess\/interpreti. Nel caso di <strong>fiere virtuali<\/strong> saranno ammessi i seguenti costi: iscrizione alla fiera e ai relativi servizi, consulenze in campo digital, hosting, sviluppo piattaforme per la virtualizzazione, produzione di contenuti digitali, accordi onerosi con media partners, spese di spedizione dei campionari;<\/li>\n<li style=\"text-align: left;\">Campagne di promozione tramite <strong>google ads e social network<\/strong>; ottimizzazione del sito web; iscrizione \/abbonamento ad un portale dedicato al settore di riferimento, specializzato in diffusione e pubblicit\u00e0; promozione e\/o sponsorizzazione in lingua straniera durante un evento.<\/li>\n<\/ul>\n<p style=\"text-align: left;\">Il <strong>costo minimo<\/strong> del progetto in fase di presentazione della domanda di finanziamento dovr\u00e0 essere di <strong>5.000,00 euro<\/strong>, al netto delle eventuali riduzioni risultanti a seguito dell\u2019esclusione di eventuali voci di spesa valutate come inammissibili dalla Regione.<\/p>\n<p style=\"text-align: left;\"><strong>Sono escluse le seguenti spese<\/strong>: viaggi, vitto e alloggio del personale dell\u2019impresa per trasferte in Italia o all\u2019estero. Le spese documentate dovranno essere sostenute a partire dal 01\/01\/2022 e fino 31\/12\/2022, fatturate a partire dal 01\/01\/2022 ed entro il 31\/12\/2022 e pagate entro la data di presentazione della rendicontazione di progetto, fissata al 31\/01\/2023.<\/p>\n<h2 id=\"contributi\" class=\"titolo-visa\" style=\"text-align: left;\">Contributo del Bando<\/h2>\n<p style=\"text-align: left;\">Sar\u00e0 concesso <strong>a fondo perduto<\/strong> nella misura massima del <strong>50% delle spese ammissibili<\/strong>. Il contributo regionale non potr\u00e0 comunque superare il valore di <strong>\u20ac 15.000<\/strong>. Le risorse stanziate ammontano complessivamente a <strong>\u20ac 2.146.339,01<\/strong>.<\/p>\n<h2 id=\"domanda\" class=\"titolo-visa\" style=\"text-align: left;\">Presentare la domanda per il Bando Digital Export<\/h2>\n<p style=\"text-align: left;\">A pena di esclusione, le richieste di contributo devono essere trasmesse esclusivamente in modalit\u00e0 telematica, attraverso lo sportello on line \u201cContributi alle imprese\u201d di Infocamere dalle ore 9:00 del 10\/02\/2022 alle ore 14:00 del 01\/03\/2022. La domanda dovr\u00e0 essere firmata, pena la non ammissibilit\u00e0 della stessa, con firma digitale.<br \/>\nIl nostro Studio pu\u00f2 supportarvi nella predisposizione ed invio della domanda.<\/p>\n","protected":false},"excerpt":{"rendered":"<p>A partire dal 10 febbraio sar\u00e0 possibile presentare domanda per il bando digital export 2022, per accedere ai contributi messi a disposizione delle imprese per rafforzare l&#8217;operativit\u00e0 a livello internazionale.<\/p>\n","protected":false},"author":47,"featured_media":129504,"template":"","meta":{"_acf_changed":false,"footnotes":""},"categories":[1450,1452],"tags":[],"country":[1503],"container":[],"service":[],"tag-di-competenza":[5604],"class_list":["post-129501","news","type-news","status-publish","has-post-thumbnail","hentry","category-income-tax-law","category-associated-enterprises-income-corporate-art-9-oecd","country-italia","tag-di-competenza-team-fiscale-italia-it"],"acf":[],"yoast_head":"<!-- This site is optimized with the Yoast SEO Premium plugin v27.4 (Yoast SEO v27.4) - https:\/\/yoast.com\/product\/yoast-seo-premium-wordpress\/ -->\n<title>Bando Digital Export 2022: come fare domanda<\/title>\n<meta name=\"description\" content=\"Le domande per il bando digital export sono aperte fino al 1\u00b0 marzo 2022. Contattaci per ricevere supporto nella presentazione della domanda!\" \/>\n<meta name=\"robots\" content=\"index, follow, max-snippet:-1, max-image-preview:large, max-video-preview:-1\" \/>\n<link rel=\"canonical\" href=\"https:\/\/arlettipartners.com\/it\/bando-digital-export-2022-regione-emilia-romagna\/\" \/>\n<meta property=\"og:locale\" content=\"it_IT\" \/>\n<meta property=\"og:type\" content=\"article\" \/>\n<meta property=\"og:title\" content=\"Bando Digital Export - Anno 2022 - Regione Emilia Romagna\" \/>\n<meta property=\"og:description\" content=\"Le domande per il bando digital export sono aperte fino al 1\u00b0 marzo 2022. Contattaci per ricevere supporto nella presentazione della domanda!\" \/>\n<meta property=\"og:url\" content=\"https:\/\/arlettipartners.com\/it\/bando-digital-export-2022-regione-emilia-romagna\/\" \/>\n<meta property=\"og:site_name\" content=\"Arletti Partners\" \/>\n<meta property=\"article:publisher\" content=\"https:\/\/www.facebook.com\/ArlettiPartners\" \/>\n<meta property=\"article:modified_time\" content=\"2025-12-04T11:13:34+00:00\" \/>\n<meta property=\"og:image\" content=\"https:\/\/arlettipartners.com\/wp-content\/uploads\/2022\/02\/bando-digital-export.webp\" \/>\n\t<meta property=\"og:image:width\" content=\"1600\" \/>\n\t<meta property=\"og:image:height\" content=\"900\" \/>\n\t<meta property=\"og:image:type\" content=\"image\/webp\" \/>\n<meta name=\"twitter:card\" content=\"summary_large_image\" \/>\n<meta name=\"twitter:label1\" content=\"Tempo di lettura stimato\" \/>\n\t<meta name=\"twitter:data1\" content=\"3 minuti\" \/>\n<script type=\"application\/ld+json\" class=\"yoast-schema-graph\">{\"@context\":\"https:\\\/\\\/schema.org\",\"@graph\":[{\"@type\":\"NewsArticle\",\"@id\":\"https:\\\/\\\/arlettipartners.com\\\/it\\\/bando-digital-export-2022-regione-emilia-romagna\\\/#article\",\"isPartOf\":{\"@id\":\"https:\\\/\\\/arlettipartners.com\\\/it\\\/bando-digital-export-2022-regione-emilia-romagna\\\/\"},\"author\":{\"name\":\"Emanuela Vivi\",\"@id\":\"https:\\\/\\\/arlettipartners.com\\\/it\\\/#\\\/schema\\\/person\\\/3727d27fa302054aac92fedcbf540ce2\"},\"headline\":\"Bando Digital Export &#8211; Anno 2022 &#8211; Regione Emilia Romagna\",\"datePublished\":\"2022-02-07T10:09:48+00:00\",\"dateModified\":\"2025-12-04T11:13:34+00:00\",\"mainEntityOfPage\":{\"@id\":\"https:\\\/\\\/arlettipartners.com\\\/it\\\/bando-digital-export-2022-regione-emilia-romagna\\\/\"},\"wordCount\":619,\"publisher\":{\"@id\":\"https:\\\/\\\/arlettipartners.com\\\/it\\\/#organization\"},\"image\":{\"@id\":\"https:\\\/\\\/arlettipartners.com\\\/it\\\/bando-digital-export-2022-regione-emilia-romagna\\\/#primaryimage\"},\"thumbnailUrl\":\"https:\\\/\\\/arlettipartners.com\\\/wp-content\\\/uploads\\\/2022\\\/02\\\/bando-digital-export.webp\",\"articleSection\":[\"Income Tax Law\",\"Associated Enterprises Income (Corporate) Art 9 OECD\"],\"inLanguage\":\"it-IT\",\"copyrightYear\":\"2022\",\"copyrightHolder\":{\"@id\":\"https:\\\/\\\/arlettipartners.com\\\/#organization\"}},{\"@type\":\"WebPage\",\"@id\":\"https:\\\/\\\/arlettipartners.com\\\/it\\\/bando-digital-export-2022-regione-emilia-romagna\\\/\",\"url\":\"https:\\\/\\\/arlettipartners.com\\\/it\\\/bando-digital-export-2022-regione-emilia-romagna\\\/\",\"name\":\"Bando Digital Export 2022: come fare domanda\",\"isPartOf\":{\"@id\":\"https:\\\/\\\/arlettipartners.com\\\/it\\\/#website\"},\"primaryImageOfPage\":{\"@id\":\"https:\\\/\\\/arlettipartners.com\\\/it\\\/bando-digital-export-2022-regione-emilia-romagna\\\/#primaryimage\"},\"image\":{\"@id\":\"https:\\\/\\\/arlettipartners.com\\\/it\\\/bando-digital-export-2022-regione-emilia-romagna\\\/#primaryimage\"},\"thumbnailUrl\":\"https:\\\/\\\/arlettipartners.com\\\/wp-content\\\/uploads\\\/2022\\\/02\\\/bando-digital-export.webp\",\"datePublished\":\"2022-02-07T10:09:48+00:00\",\"dateModified\":\"2025-12-04T11:13:34+00:00\",\"description\":\"Le domande per il bando digital export sono aperte fino al 1\u00b0 marzo 2022. Contattaci per ricevere supporto nella presentazione della domanda!\",\"breadcrumb\":{\"@id\":\"https:\\\/\\\/arlettipartners.com\\\/it\\\/bando-digital-export-2022-regione-emilia-romagna\\\/#breadcrumb\"},\"inLanguage\":\"it-IT\",\"potentialAction\":[{\"@type\":\"ReadAction\",\"target\":[\"https:\\\/\\\/arlettipartners.com\\\/it\\\/bando-digital-export-2022-regione-emilia-romagna\\\/\"]}]},{\"@type\":\"ImageObject\",\"inLanguage\":\"it-IT\",\"@id\":\"https:\\\/\\\/arlettipartners.com\\\/it\\\/bando-digital-export-2022-regione-emilia-romagna\\\/#primaryimage\",\"url\":\"https:\\\/\\\/arlettipartners.com\\\/wp-content\\\/uploads\\\/2022\\\/02\\\/bando-digital-export.webp\",\"contentUrl\":\"https:\\\/\\\/arlettipartners.com\\\/wp-content\\\/uploads\\\/2022\\\/02\\\/bando-digital-export.webp\",\"width\":1600,\"height\":900,\"caption\":\"presentare domanda per il bando digital export emilia romagna\"},{\"@type\":\"BreadcrumbList\",\"@id\":\"https:\\\/\\\/arlettipartners.com\\\/it\\\/bando-digital-export-2022-regione-emilia-romagna\\\/#breadcrumb\",\"itemListElement\":[{\"@type\":\"ListItem\",\"position\":1,\"name\":\"Home\",\"item\":\"https:\\\/\\\/arlettipartners.com\\\/it\\\/\"},{\"@type\":\"ListItem\",\"position\":2,\"name\":\"News\",\"item\":\"https:\\\/\\\/arlettipartners.com\\\/it\\\/?post_type=news\"},{\"@type\":\"ListItem\",\"position\":3,\"name\":\"Tax Law\",\"item\":\"https:\\\/\\\/arlettipartners.com\\\/it\\\/category\\\/legge-fiscale\\\/\"},{\"@type\":\"ListItem\",\"position\":4,\"name\":\"Income Tax Law\",\"item\":\"https:\\\/\\\/arlettipartners.com\\\/it\\\/category\\\/imposte-sul-reddito\\\/\"},{\"@type\":\"ListItem\",\"position\":5,\"name\":\"Associated Enterprises Income (Corporate) Art 9 OECD\",\"item\":\"https:\\\/\\\/arlettipartners.com\\\/it\\\/category\\\/imposte-sul-reddito\\\/imposta-sul-reddito-per-imprese-in-forma-associata\\\/\"},{\"@type\":\"ListItem\",\"position\":6,\"name\":\"Bando Digital Export &#8211; Anno 2022 &#8211; Regione Emilia Romagna\"}]},{\"@type\":\"WebSite\",\"@id\":\"https:\\\/\\\/arlettipartners.com\\\/it\\\/#website\",\"url\":\"https:\\\/\\\/arlettipartners.com\\\/it\\\/\",\"name\":\"Arletti Partners\",\"description\":\"Tax Advisors and Global Mobility Specialists\",\"publisher\":{\"@id\":\"https:\\\/\\\/arlettipartners.com\\\/it\\\/#organization\"},\"potentialAction\":[{\"@type\":\"SearchAction\",\"target\":{\"@type\":\"EntryPoint\",\"urlTemplate\":\"https:\\\/\\\/arlettipartners.com\\\/it\\\/?s={search_term_string}\"},\"query-input\":{\"@type\":\"PropertyValueSpecification\",\"valueRequired\":true,\"valueName\":\"search_term_string\"}}],\"inLanguage\":\"it-IT\"},{\"@type\":\"Organization\",\"@id\":\"https:\\\/\\\/arlettipartners.com\\\/it\\\/#organization\",\"name\":\"Arletti & Partners\",\"url\":\"https:\\\/\\\/arlettipartners.com\\\/it\\\/\",\"logo\":{\"@type\":\"ImageObject\",\"inLanguage\":\"it-IT\",\"@id\":\"https:\\\/\\\/arlettipartners.com\\\/it\\\/#\\\/schema\\\/logo\\\/image\\\/\",\"url\":\"https:\\\/\\\/arlettipartners.com\\\/wp-content\\\/uploads\\\/2022\\\/03\\\/logo.png.nuovo_.nero_.png\",\"contentUrl\":\"https:\\\/\\\/arlettipartners.com\\\/wp-content\\\/uploads\\\/2022\\\/03\\\/logo.png.nuovo_.nero_.png\",\"width\":150,\"height\":32,\"caption\":\"Arletti & Partners\"},\"image\":{\"@id\":\"https:\\\/\\\/arlettipartners.com\\\/it\\\/#\\\/schema\\\/logo\\\/image\\\/\"},\"sameAs\":[\"https:\\\/\\\/www.facebook.com\\\/ArlettiPartners\",\"https:\\\/\\\/www.linkedin.com\\\/company\\\/aampp---arletti-amp-partners\\\/\"]},{\"@type\":\"Person\",\"@id\":\"https:\\\/\\\/arlettipartners.com\\\/it\\\/#\\\/schema\\\/person\\\/3727d27fa302054aac92fedcbf540ce2\",\"name\":\"Emanuela Vivi\",\"image\":{\"@type\":\"ImageObject\",\"inLanguage\":\"it-IT\",\"@id\":\"https:\\\/\\\/secure.gravatar.com\\\/avatar\\\/3543ad551d08dba6389dbcc623792794cb33e43fbbd28bc51e5f8946476be825?s=96&d=mm&r=g\",\"url\":\"https:\\\/\\\/secure.gravatar.com\\\/avatar\\\/3543ad551d08dba6389dbcc623792794cb33e43fbbd28bc51e5f8946476be825?s=96&d=mm&r=g\",\"contentUrl\":\"https:\\\/\\\/secure.gravatar.com\\\/avatar\\\/3543ad551d08dba6389dbcc623792794cb33e43fbbd28bc51e5f8946476be825?s=96&d=mm&r=g\",\"caption\":\"Emanuela Vivi\"},\"url\":\"https:\\\/\\\/arlettipartners.com\\\/it\\\/author\\\/emanuela-vivi\\\/\"}]}<\/script>\n<!-- \/ Yoast SEO Premium plugin. -->","yoast_head_json":{"title":"Bando Digital Export 2022: come fare domanda","description":"Le domande per il bando digital export sono aperte fino al 1\u00b0 marzo 2022. Contattaci per ricevere supporto nella presentazione della domanda!","robots":{"index":"index","follow":"follow","max-snippet":"max-snippet:-1","max-image-preview":"max-image-preview:large","max-video-preview":"max-video-preview:-1"},"canonical":"https:\/\/arlettipartners.com\/it\/bando-digital-export-2022-regione-emilia-romagna\/","og_locale":"it_IT","og_type":"article","og_title":"Bando Digital Export - Anno 2022 - Regione Emilia Romagna","og_description":"Le domande per il bando digital export sono aperte fino al 1\u00b0 marzo 2022. Contattaci per ricevere supporto nella presentazione della domanda!","og_url":"https:\/\/arlettipartners.com\/it\/bando-digital-export-2022-regione-emilia-romagna\/","og_site_name":"Arletti Partners","article_publisher":"https:\/\/www.facebook.com\/ArlettiPartners","article_modified_time":"2025-12-04T11:13:34+00:00","og_image":[{"width":1600,"height":900,"url":"https:\/\/arlettipartners.com\/wp-content\/uploads\/2022\/02\/bando-digital-export.webp","type":"image\/webp"}],"twitter_card":"summary_large_image","twitter_misc":{"Tempo di lettura stimato":"3 minuti"},"schema":{"@context":"https:\/\/schema.org","@graph":[{"@type":"NewsArticle","@id":"https:\/\/arlettipartners.com\/it\/bando-digital-export-2022-regione-emilia-romagna\/#article","isPartOf":{"@id":"https:\/\/arlettipartners.com\/it\/bando-digital-export-2022-regione-emilia-romagna\/"},"author":{"name":"Emanuela Vivi","@id":"https:\/\/arlettipartners.com\/it\/#\/schema\/person\/3727d27fa302054aac92fedcbf540ce2"},"headline":"Bando Digital Export &#8211; Anno 2022 &#8211; Regione Emilia Romagna","datePublished":"2022-02-07T10:09:48+00:00","dateModified":"2025-12-04T11:13:34+00:00","mainEntityOfPage":{"@id":"https:\/\/arlettipartners.com\/it\/bando-digital-export-2022-regione-emilia-romagna\/"},"wordCount":619,"publisher":{"@id":"https:\/\/arlettipartners.com\/it\/#organization"},"image":{"@id":"https:\/\/arlettipartners.com\/it\/bando-digital-export-2022-regione-emilia-romagna\/#primaryimage"},"thumbnailUrl":"https:\/\/arlettipartners.com\/wp-content\/uploads\/2022\/02\/bando-digital-export.webp","articleSection":["Income Tax Law","Associated Enterprises Income (Corporate) Art 9 OECD"],"inLanguage":"it-IT","copyrightYear":"2022","copyrightHolder":{"@id":"https:\/\/arlettipartners.com\/#organization"}},{"@type":"WebPage","@id":"https:\/\/arlettipartners.com\/it\/bando-digital-export-2022-regione-emilia-romagna\/","url":"https:\/\/arlettipartners.com\/it\/bando-digital-export-2022-regione-emilia-romagna\/","name":"Bando Digital Export 2022: come fare domanda","isPartOf":{"@id":"https:\/\/arlettipartners.com\/it\/#website"},"primaryImageOfPage":{"@id":"https:\/\/arlettipartners.com\/it\/bando-digital-export-2022-regione-emilia-romagna\/#primaryimage"},"image":{"@id":"https:\/\/arlettipartners.com\/it\/bando-digital-export-2022-regione-emilia-romagna\/#primaryimage"},"thumbnailUrl":"https:\/\/arlettipartners.com\/wp-content\/uploads\/2022\/02\/bando-digital-export.webp","datePublished":"2022-02-07T10:09:48+00:00","dateModified":"2025-12-04T11:13:34+00:00","description":"Le domande per il bando digital export sono aperte fino al 1\u00b0 marzo 2022. Contattaci per ricevere supporto nella presentazione della domanda!","breadcrumb":{"@id":"https:\/\/arlettipartners.com\/it\/bando-digital-export-2022-regione-emilia-romagna\/#breadcrumb"},"inLanguage":"it-IT","potentialAction":[{"@type":"ReadAction","target":["https:\/\/arlettipartners.com\/it\/bando-digital-export-2022-regione-emilia-romagna\/"]}]},{"@type":"ImageObject","inLanguage":"it-IT","@id":"https:\/\/arlettipartners.com\/it\/bando-digital-export-2022-regione-emilia-romagna\/#primaryimage","url":"https:\/\/arlettipartners.com\/wp-content\/uploads\/2022\/02\/bando-digital-export.webp","contentUrl":"https:\/\/arlettipartners.com\/wp-content\/uploads\/2022\/02\/bando-digital-export.webp","width":1600,"height":900,"caption":"presentare domanda per il bando digital export emilia romagna"},{"@type":"BreadcrumbList","@id":"https:\/\/arlettipartners.com\/it\/bando-digital-export-2022-regione-emilia-romagna\/#breadcrumb","itemListElement":[{"@type":"ListItem","position":1,"name":"Home","item":"https:\/\/arlettipartners.com\/it\/"},{"@type":"ListItem","position":2,"name":"News","item":"https:\/\/arlettipartners.com\/it\/?post_type=news"},{"@type":"ListItem","position":3,"name":"Tax Law","item":"https:\/\/arlettipartners.com\/it\/category\/legge-fiscale\/"},{"@type":"ListItem","position":4,"name":"Income Tax Law","item":"https:\/\/arlettipartners.com\/it\/category\/imposte-sul-reddito\/"},{"@type":"ListItem","position":5,"name":"Associated Enterprises Income (Corporate) Art 9 OECD","item":"https:\/\/arlettipartners.com\/it\/category\/imposte-sul-reddito\/imposta-sul-reddito-per-imprese-in-forma-associata\/"},{"@type":"ListItem","position":6,"name":"Bando Digital Export &#8211; Anno 2022 &#8211; Regione Emilia Romagna"}]},{"@type":"WebSite","@id":"https:\/\/arlettipartners.com\/it\/#website","url":"https:\/\/arlettipartners.com\/it\/","name":"Arletti Partners","description":"Tax Advisors and Global Mobility Specialists","publisher":{"@id":"https:\/\/arlettipartners.com\/it\/#organization"},"potentialAction":[{"@type":"SearchAction","target":{"@type":"EntryPoint","urlTemplate":"https:\/\/arlettipartners.com\/it\/?s={search_term_string}"},"query-input":{"@type":"PropertyValueSpecification","valueRequired":true,"valueName":"search_term_string"}}],"inLanguage":"it-IT"},{"@type":"Organization","@id":"https:\/\/arlettipartners.com\/it\/#organization","name":"Arletti & Partners","url":"https:\/\/arlettipartners.com\/it\/","logo":{"@type":"ImageObject","inLanguage":"it-IT","@id":"https:\/\/arlettipartners.com\/it\/#\/schema\/logo\/image\/","url":"https:\/\/arlettipartners.com\/wp-content\/uploads\/2022\/03\/logo.png.nuovo_.nero_.png","contentUrl":"https:\/\/arlettipartners.com\/wp-content\/uploads\/2022\/03\/logo.png.nuovo_.nero_.png","width":150,"height":32,"caption":"Arletti & Partners"},"image":{"@id":"https:\/\/arlettipartners.com\/it\/#\/schema\/logo\/image\/"},"sameAs":["https:\/\/www.facebook.com\/ArlettiPartners","https:\/\/www.linkedin.com\/company\/aampp---arletti-amp-partners\/"]},{"@type":"Person","@id":"https:\/\/arlettipartners.com\/it\/#\/schema\/person\/3727d27fa302054aac92fedcbf540ce2","name":"Emanuela Vivi","image":{"@type":"ImageObject","inLanguage":"it-IT","@id":"https:\/\/secure.gravatar.com\/avatar\/3543ad551d08dba6389dbcc623792794cb33e43fbbd28bc51e5f8946476be825?s=96&d=mm&r=g","url":"https:\/\/secure.gravatar.com\/avatar\/3543ad551d08dba6389dbcc623792794cb33e43fbbd28bc51e5f8946476be825?s=96&d=mm&r=g","contentUrl":"https:\/\/secure.gravatar.com\/avatar\/3543ad551d08dba6389dbcc623792794cb33e43fbbd28bc51e5f8946476be825?s=96&d=mm&r=g","caption":"Emanuela Vivi"},"url":"https:\/\/arlettipartners.com\/it\/author\/emanuela-vivi\/"}]}},"_links":{"self":[{"href":"https:\/\/arlettipartners.com\/it\/wp-json\/wp\/v2\/news\/129501","targetHints":{"allow":["GET"]}}],"collection":[{"href":"https:\/\/arlettipartners.com\/it\/wp-json\/wp\/v2\/news"}],"about":[{"href":"https:\/\/arlettipartners.com\/it\/wp-json\/wp\/v2\/types\/news"}],"author":[{"embeddable":true,"href":"https:\/\/arlettipartners.com\/it\/wp-json\/wp\/v2\/users\/47"}],"version-history":[{"count":1,"href":"https:\/\/arlettipartners.com\/it\/wp-json\/wp\/v2\/news\/129501\/revisions"}],"predecessor-version":[{"id":223517,"href":"https:\/\/arlettipartners.com\/it\/wp-json\/wp\/v2\/news\/129501\/revisions\/223517"}],"wp:featuredmedia":[{"embeddable":true,"href":"https:\/\/arlettipartners.com\/it\/wp-json\/wp\/v2\/media\/129504"}],"wp:attachment":[{"href":"https:\/\/arlettipartners.com\/it\/wp-json\/wp\/v2\/media?parent=129501"}],"wp:term":[{"taxonomy":"category","embeddable":true,"href":"https:\/\/arlettipartners.com\/it\/wp-json\/wp\/v2\/categories?post=129501"},{"taxonomy":"post_tag","embeddable":true,"href":"https:\/\/arlettipartners.com\/it\/wp-json\/wp\/v2\/tags?post=129501"},{"taxonomy":"country","embeddable":true,"href":"https:\/\/arlettipartners.com\/it\/wp-json\/wp\/v2\/country?post=129501"},{"taxonomy":"container","embeddable":true,"href":"https:\/\/arlettipartners.com\/it\/wp-json\/wp\/v2\/container?post=129501"},{"taxonomy":"service","embeddable":true,"href":"https:\/\/arlettipartners.com\/it\/wp-json\/wp\/v2\/service?post=129501"},{"taxonomy":"tag-di-competenza","embeddable":true,"href":"https:\/\/arlettipartners.com\/it\/wp-json\/wp\/v2\/tag-di-competenza?post=129501"}],"curies":[{"name":"wp","href":"https:\/\/api.w.org\/{rel}","templated":true}]}}