{"id":178915,"date":"2023-12-22T16:51:49","date_gmt":"2023-12-22T15:51:49","guid":{"rendered":"https:\/\/arlettipartners.com\/application-des-regles-de-lue-sur-les-travailleurs-detaches-rapport-de-lela-sur-le-detachement-des-citoyens-de-pays-tiers\/"},"modified":"2024-08-01T09:54:08","modified_gmt":"2024-08-01T07:54:08","slug":"application-des-regles-de-lue-sur-les-travailleurs-detaches-rapport-de-lela-sur-le-detachement-des-citoyens-de-pays-tiers","status":"publish","type":"post","link":"https:\/\/arlettipartners.com\/fr\/application-des-regles-de-lue-sur-les-travailleurs-detaches-rapport-de-lela-sur-le-detachement-des-citoyens-de-pays-tiers\/","title":{"rendered":"Application des r\u00e8gles de l&#8217;UE sur les travailleurs d\u00e9tach\u00e9s : Rapport de l&#8217;ELA sur le d\u00e9tachement des citoyens de pays tiers"},"content":{"rendered":"\n<h2 class=\"wp-block-heading\" id=\"h-introduction\">Introduction<\/h2>\n\n<p>Le cadre juridique qui r\u00e9git le d\u00e9tachement des citoyens de pays tiers au sein de l&#8217;Union europ\u00e9enne est ancr\u00e9 dans la libert\u00e9 de fournir des services de l&#8217;UE et dans les droits de ces citoyens de r\u00e9sider et de travailler dans l&#8217;UE. <\/p>\n\n<p>La <a href=\"https:\/\/arlettipartners.com\/directive-96-71-ce-conditions-de-travail-equitables-au-dela-des-frontieres-nationales\/?lang=fr\">Directive 96\/71<\/a> d\u00e9finit le &#8220;travailleur d\u00e9tach\u00e9&#8221; comme une personne travaillant temporairement dans un \u00c9tat membre de l&#8217;UE autre que son lieu de travail habituel. La CJUE, notamment dans l&#8217;affaire Van Der Elst, a affirm\u00e9 que les employeurs peuvent l\u00e9gitimement envoyer des <strong>citoyens de pays tiers travailler dans un autre \u00c9tat membre sans autorisations de travail suppl\u00e9mentaires<\/strong>. La Directive sur le d\u00e9tachement des travailleurs (PWD) sert de principal instrument juridique et \u00e9tablit les conditions minimales de travail pour les travailleurs d\u00e9tach\u00e9s.<\/p>\n\n<blockquote class=\"wp-block-quote is-layout-flow wp-block-quote-is-layout-flow\">\n<p>Pour plus d&#8217;informations sur le contexte r\u00e9glementaire europ\u00e9en concernant les travailleurs d\u00e9tach\u00e9s, consultez notre <a href=\"https:\/\/arlettipartners.com\/reglementation-travailleurs-detaches-directives-ue-detachement\/?lang=fr\">guide sur les Directives de l&#8217;UE sur le d\u00e9tachement.<\/a><\/p>\n<\/blockquote>\n\n<p>Bien qu&#8217;elle ne traite pas explicitement des citoyens de pays tiers, la <strong>jurisprudence de la CJUE<\/strong> \u00e9tablit leur droit \u00e0 \u00eatre d\u00e9tach\u00e9s sans autorisations de travail suppl\u00e9mentaires. Des d\u00e9cisions comme celle de l&#8217;affaire Van Der Elst garantissent que les citoyens de pays tiers l\u00e9galement employ\u00e9s n&#8217;ont pas besoin d&#8217;autorisations de travail dans le pays h\u00f4te.<\/p>\n\n<p>Les arr\u00eats de la CJUE ont \u00e9galement \u00e9limin\u00e9 les exigences disproportionn\u00e9es, soulignant que l&#8217;\u00ab emploi l\u00e9gitime et habituel \u00bb ne n\u00e9cessite pas de p\u00e9riode de r\u00e9sidence pr\u00e9d\u00e9termin\u00e9e dans l&#8217;\u00c9tat membre d&#8217;envoi. La Cour a contest\u00e9 des mesures telles que les autorisations de travail individuelles pour le personnel non communautaire, en invoquant les principes de la libert\u00e9 des services. <\/p>\n\n<p>En substance, les d\u00e9cisions de la CJUE \u00e9tablissent que les citoyens de pays tiers peuvent travailler dans un \u00c9tat membre de l&#8217;UE sans autorisation de travail du pays h\u00f4te, <strong>s&#8217;ils sont l\u00e9gitimement employ\u00e9s dans l&#8217;\u00c9tat membre d&#8217;envoi.<\/strong><\/p>\n\n<p>L&#8217;application des r\u00e8gles de l&#8217;UE sur les travailleurs d\u00e9tach\u00e9s, en particulier pour les citoyens de pays tiers, n\u00e9cessite une application efficace dans les diff\u00e9rents cadres juridiques nationaux. Bien que l&#8217;UE pr\u00e9voie des exigences fondamentales, les diff\u00e9rences entre les autorit\u00e9s d&#8217;inspection, les pouvoirs d&#8217;enqu\u00eate et les m\u00e9canismes d&#8217;application posent un d\u00e9fi. <strong>La Directive d&#8217;application<\/strong> vise \u00e0 harmoniser les proc\u00e9dures administratives, en favorisant l&#8217;assistance mutuelle. La lutte contre les abus, tels que les fraudes sociales, les fausses d\u00e9clarations et les entreprises de fa\u00e7ade, est essentielle.<\/p>\n\n<h2 class=\"wp-block-heading\" id=\"h-challenges-in-enforcing-posting-rules-for-third-country-nationals\">D\u00e9fis dans l&#8217;application des r\u00e8gles sur le d\u00e9tachement des citoyens de pays tiers<\/h2>\n\n<p>En ce qui concerne les citoyens de pays tiers d\u00e9tach\u00e9s, les d\u00e9fis s&#8217;intensifient en raison de la <strong>superposition des r\u00e8gles sur le d\u00e9tachement avec celles sur l&#8217;immigration.<\/strong><\/p>\n\n<p>Les principales vuln\u00e9rabilit\u00e9s d\u00e9coulent de : <\/p>\n\n<ul class=\"wp-block-list\">\n<li> situations pr\u00e9caires ; <\/li>\n\n\n\n<li>crainte de repr\u00e9sailles ; <\/li>\n\n\n\n<li>barri\u00e8res linguistiques ; <\/li>\n\n\n\n<li>d\u00e9pendance \u00e9conomique. <\/li>\n<\/ul>\n\n<p>Certaines complexit\u00e9s, comme le faux d\u00e9tachement et l&#8217;implication d&#8217;entreprises de fa\u00e7ade, g\u00e9n\u00e8rent des abus potentiels, y compris les \u00e9carts de r\u00e9mun\u00e9ration et l&#8217;\u00e9vasion des r\u00e8gles de s\u00e9curit\u00e9 sociale. Les parties prenantes soulignent la n\u00e9cessit\u00e9 de diffuser des informations multilingues et d&#8217;am\u00e9liorer l&#8217;acc\u00e8s aux r\u00e8gles pour am\u00e9liorer la conformit\u00e9. <\/p>\n\n<h2 class=\"wp-block-heading\" id=\"h-administrative-requirements-for-posted-third-country-nationals-nbsp\">Exigences administratives pour le d\u00e9tachement des citoyens de pays tiers<\/h2>\n\n<p>Les exigences administratives pour le d\u00e9tachement des citoyens de pays tiers varient d&#8217;un \u00c9tat membre \u00e0 l&#8217;autre et concernent des <strong>aspects li\u00e9s \u00e0 l&#8217;emploi et \u00e0 la s\u00e9curit\u00e9 sociale.<\/strong><\/p>\n\n<p>Alors que les obligations li\u00e9es \u00e0 l&#8217;emploi comprennent la notification du d\u00e9tachement et la conservation des documents, les exigences de s\u00e9curit\u00e9 sociale impliquent l&#8217;obtention des formulaires PD A1 de l&#8217;\u00c9tat membre d&#8217;origine. <\/p>\n\n<p>Les r\u00e8gles administratives, applicables tant aux citoyens de l&#8217;UE qu&#8217;\u00e0 ceux de pays tiers, pr\u00e9voient l&#8217;<strong>enregistrement aupr\u00e8s des autorit\u00e9s<\/strong>. Cependant, on note encore des disparit\u00e9s et un non-respect des r\u00e8gles sur la dur\u00e9e du d\u00e9tachement.<\/p>\n\n<h2 class=\"wp-block-heading\" id=\"h-right-of-stay-administrative-requirements-nbsp\">Exigences administratives pour le droit de s\u00e9jour<\/h2>\n\n<p>Les exigences administratives pour le droit de s\u00e9jour des citoyens de pays tiers d\u00e9tach\u00e9s varient entre les \u00c9tats membres de l&#8217;UE. La CJUE a \u00e9tabli que les citoyens de pays tiers titulaires de permis de travail et de s\u00e9jour d\u00e9livr\u00e9s par des \u00c9tats membres de l&#8217;UE sont <strong>couverts par les r\u00e8gles sur la libre circulation des travailleurs<\/strong> et peuvent \u00eatre envoy\u00e9s temporairement dans le cadre de prestations de services transnationales.<\/p>\n\n<p>La plupart des \u00c9tats membres exemptent les citoyens de pays tiers de l&#8217;obligation de demander un permis\/visa pour des <strong>d\u00e9tachements inf\u00e9rieurs \u00e0 90 jours<\/strong>, tandis que d&#8217;autres \u00c9tats les imposent ind\u00e9pendamment de la dur\u00e9e. Les r\u00e8gles sp\u00e9cifiques sur la dur\u00e9e, les p\u00e9riodes maximales et le lien avec les permis dans l&#8217;\u00c9tat membre d&#8217;origine varient d&#8217;un pays \u00e0 l&#8217;autre.<\/p>\n\n<h2 class=\"wp-block-heading\" id=\"h-enforcement-practices-at-the-national-level\">Proc\u00e9dures d&#8217;application au niveau national<\/h2>\n\n<p>Malgr\u00e9 une r\u00e9glementation \u00e9tendue, des d\u00e9fis persistent, notamment pour des cat\u00e9gories sp\u00e9cifiques comme les travailleurs saisonniers et les stagiaires Intra-Corporate Transferees (ICT). Les parties prenantes soulignent l&#8217;importance d&#8217;une coop\u00e9ration \u00e9quilibr\u00e9e entre les autorit\u00e9s des \u00c9tats membres et d&#8217;une compr\u00e9hension approfondie des statuts des migrants. Les mises \u00e0 jour l\u00e9gislatives r\u00e9centes, telles que la <strong>Directive sur des conditions de travail transparentes et pr\u00e9visibles,<\/strong> visent \u00e0 am\u00e9liorer les droits \u00e0 l&#8217;information de tous les travailleurs, y compris les citoyens de pays tiers d\u00e9tach\u00e9s.<\/p>\n\n<p>Les pratiques d&#8217;application au niveau national pr\u00e9voient, entre autres : <\/p>\n\n<ul class=\"wp-block-list\">\n<li> intervention des autorit\u00e9s comp\u00e9tentes qui veillent \u00e0 la conformit\u00e9 ; <\/li>\n\n\n\n<li>inspections \u00e0 la suite de plaintes ou d&#8217;\u00e9valuations de risque ; <\/li>\n\n\n\n<li>divers pouvoirs d&#8217;enqu\u00eate ; <\/li>\n\n\n\n<li>sanctions pour les violations. <\/li>\n<\/ul>\n\n<p>D&#8217;autre part, on constate un faible nombre de plaintes, des difficult\u00e9s pratiques et des probl\u00e8mes g\u00e9n\u00e9raux d&#8217;application. Les parties prenantes appellent \u00e0 une meilleure coordination, \u00e0 des am\u00e9liorations technologiques et \u00e0 des processus de v\u00e9rification simplifi\u00e9s. <\/p>\n\n<h2 class=\"wp-block-heading\" id=\"h-cooperation-among-member-states\">Coop\u00e9ration entre les \u00c9tats membres <\/h2>\n\n<p>La coop\u00e9ration entre les \u00c9tats membres est essentielle et pr\u00e9voit l&#8217;\u00e9change de donn\u00e9es via des plateformes telles que le syst\u00e8me IMI et l&#8217;EESSI, des accords bilat\u00e9raux et des contacts informels. Les d\u00e9fis incluent les barri\u00e8res linguistiques et les diff\u00e9rentes capacit\u00e9s d&#8217;application. Les <strong>diff\u00e9rences dans les cadres juridiques et les paysages d&#8217;inspection<\/strong> posent des complexit\u00e9s qui n\u00e9cessitent des efforts d&#8217;harmonisation.<\/p>\n\n<h2 class=\"wp-block-heading\" id=\"h-enforcing-administrative-penalties-or-fines\">Ex\u00e9cution des sanctions administratives ou des amendes <\/h2>\n\n<p>L&#8217;application des sanctions administratives ou des amendes pour les citoyens de pays tiers d\u00e9tach\u00e9s pr\u00e9sente certaines difficult\u00e9s, notamment des limitations proc\u00e9durales et des diff\u00e9rences entre les juridictions des tribunaux. Les parties prenantes sugg\u00e8rent, par cons\u00e9quent, un syst\u00e8me unifi\u00e9 avec des <strong>r\u00e8gles proc\u00e9durales harmonis\u00e9es<\/strong> pour une application efficace.<\/p>\n\n<p>\u00c9tant donn\u00e9 que l&#8217;\u00e9change de donn\u00e9es via des plateformes d\u00e9di\u00e9es pr\u00e9sente de multiples difficult\u00e9s, il est sugg\u00e9r\u00e9 d&#8217;appliquer des sanctions pour non-conformit\u00e9 ou des normes de performance communes et d&#8217;\u00e9largir le champ d&#8217;application du <strong>syst\u00e8me IMI.<\/strong><\/p>\n\n<h2 class=\"wp-block-heading\" id=\"h-enhancing-cooperation-stakeholder-proposals-nbsp\">Renforcer la coop\u00e9ration \u2013 Propositions des parties prenantes<\/h2>\n\n<p>Pour am\u00e9liorer la coop\u00e9ration, les interlocuteurs sugg\u00e8rent le d\u00e9veloppement des capacit\u00e9s, la sensibilisation et la diffusion de bonnes pratiques. <\/p>\n\n<p>Les propositions concernent : <\/p>\n\n<ul class=\"wp-block-list\">\n<li>des outils au niveau europ\u00e9en pour les inspections conjointes ; <\/li>\n\n\n\n<li>une plateforme unifi\u00e9e pour l&#8217;interconnexion des donn\u00e9es\/informations ; <\/li>\n\n\n\n<li>des bases de donn\u00e9es transnationales accessibles aux bureaux de liaison. <\/li>\n<\/ul>\n\n<p>Il est recommand\u00e9 d&#8217;<strong>impliquer les pays tiers<\/strong> pour lutter contre l&#8217;exploitation du travail, informer les citoyens de pays tiers d\u00e9tach\u00e9s de leurs droits et am\u00e9liorer la coop\u00e9ration.<\/p>\n","protected":false},"excerpt":{"rendered":"<p>Le rapport de l&#8217;ELA sur le d\u00e9tachement des citoyens de pays tiers examine les pratiques, les d\u00e9fis et les possibilit\u00e9s pour les autorit\u00e9s comp\u00e9tentes des \u00c9tats membres. <\/p>\n","protected":false},"author":1,"featured_media":169656,"comment_status":"closed","ping_status":"closed","sticky":false,"template":"","format":"standard","meta":{"_acf_changed":false,"footnotes":""},"categories":[1716],"tags":[],"country":[1534],"container":[6614,6598],"service":[6235],"tag-di-competenza":[5609],"class_list":{"0":"post-178915","1":"post","2":"type-post","3":"status-publish","4":"format-standard","5":"has-post-thumbnail","6":"hentry","7":"category-posting-of-workers-for-provisions-of-services","8":"country-union-europeenne","9":"container-global-mobility-services","11":"service-posting-of-workers-to-eu","12":"tag-di-competenza-team-posting-fr"},"acf":[],"yoast_head":"<!-- This site is optimized with the Yoast SEO Premium plugin v27.4 (Yoast SEO v27.4) - https:\/\/yoast.com\/product\/yoast-seo-premium-wordpress\/ -->\n<title>Rapport de l&#039;ELA sur le d\u00e9tachement des citoyens de pays tiers - Arletti Partners<\/title>\n<meta name=\"description\" content=\"Le rapport de l&#039;ELA sur le d\u00e9tachement des citoyens de pays tiers examine les pratiques et les d\u00e9fis pour les autorit\u00e9s des \u00c9tats membres.\" \/>\n<meta name=\"robots\" content=\"index, follow, max-snippet:-1, max-image-preview:large, max-video-preview:-1\" \/>\n<link rel=\"canonical\" href=\"https:\/\/arlettipartners.com\/fr\/application-des-regles-de-lue-sur-les-travailleurs-detaches-rapport-de-lela-sur-le-detachement-des-citoyens-de-pays-tiers\/\" \/>\n<meta property=\"og:locale\" content=\"fr_FR\" \/>\n<meta property=\"og:type\" content=\"article\" \/>\n<meta property=\"og:title\" content=\"Application des r\u00e8gles de l&#039;UE sur les travailleurs d\u00e9tach\u00e9s : Rapport de l&#039;ELA sur le d\u00e9tachement des citoyens de pays tiers\" \/>\n<meta property=\"og:description\" content=\"Le rapport de l&#039;ELA sur le d\u00e9tachement des citoyens de pays tiers examine les pratiques, les d\u00e9fis et les possibilit\u00e9s pour les autorit\u00e9s comp\u00e9tentes des \u00c9tats membres.\" \/>\n<meta property=\"og:url\" content=\"https:\/\/arlettipartners.com\/fr\/application-des-regles-de-lue-sur-les-travailleurs-detaches-rapport-de-lela-sur-le-detachement-des-citoyens-de-pays-tiers\/\" \/>\n<meta property=\"og:site_name\" content=\"Arletti Partners\" \/>\n<meta property=\"article:publisher\" content=\"https:\/\/www.facebook.com\/ArlettiPartners\" \/>\n<meta property=\"article:published_time\" content=\"2023-12-22T15:51:49+00:00\" \/>\n<meta property=\"article:modified_time\" content=\"2024-08-01T07:54:08+00:00\" \/>\n<meta property=\"og:image\" content=\"https:\/\/arlettipartners.com\/wp-content\/uploads\/2023\/12\/ELA-report-1.png\" \/>\n\t<meta property=\"og:image:width\" content=\"1300\" \/>\n\t<meta property=\"og:image:height\" content=\"700\" \/>\n\t<meta property=\"og:image:type\" content=\"image\/png\" \/>\n<meta name=\"author\" content=\"Arl21_wpadmin\" \/>\n<meta name=\"twitter:card\" content=\"summary_large_image\" \/>\n<meta name=\"twitter:label1\" content=\"\u00c9crit par\" \/>\n\t<meta name=\"twitter:data1\" content=\"Arl21_wpadmin\" \/>\n\t<meta name=\"twitter:label2\" content=\"Dur\u00e9e de lecture estim\u00e9e\" \/>\n\t<meta name=\"twitter:data2\" content=\"5 minutes\" \/>\n<script type=\"application\/ld+json\" class=\"yoast-schema-graph\">{\"@context\":\"https:\\\/\\\/schema.org\",\"@graph\":[{\"@type\":\"Article\",\"@id\":\"https:\\\/\\\/arlettipartners.com\\\/fr\\\/application-des-regles-de-lue-sur-les-travailleurs-detaches-rapport-de-lela-sur-le-detachement-des-citoyens-de-pays-tiers\\\/#article\",\"isPartOf\":{\"@id\":\"https:\\\/\\\/arlettipartners.com\\\/fr\\\/application-des-regles-de-lue-sur-les-travailleurs-detaches-rapport-de-lela-sur-le-detachement-des-citoyens-de-pays-tiers\\\/\"},\"author\":{\"name\":\"Arl21_wpadmin\",\"@id\":\"https:\\\/\\\/arlettipartners.com\\\/fr\\\/#\\\/schema\\\/person\\\/675f2c4fe9f8fe4ba74734daf4489581\"},\"headline\":\"Application des r\u00e8gles de l&#8217;UE sur les travailleurs d\u00e9tach\u00e9s : Rapport de l&#8217;ELA sur le d\u00e9tachement des citoyens de pays tiers\",\"datePublished\":\"2023-12-22T15:51:49+00:00\",\"dateModified\":\"2024-08-01T07:54:08+00:00\",\"mainEntityOfPage\":{\"@id\":\"https:\\\/\\\/arlettipartners.com\\\/fr\\\/application-des-regles-de-lue-sur-les-travailleurs-detaches-rapport-de-lela-sur-le-detachement-des-citoyens-de-pays-tiers\\\/\"},\"wordCount\":1382,\"publisher\":{\"@id\":\"https:\\\/\\\/arlettipartners.com\\\/fr\\\/#organization\"},\"image\":{\"@id\":\"https:\\\/\\\/arlettipartners.com\\\/fr\\\/application-des-regles-de-lue-sur-les-travailleurs-detaches-rapport-de-lela-sur-le-detachement-des-citoyens-de-pays-tiers\\\/#primaryimage\"},\"thumbnailUrl\":\"https:\\\/\\\/arlettipartners.com\\\/wp-content\\\/uploads\\\/2023\\\/12\\\/ELA-report-1.png\",\"articleSection\":[\"Posting of Workers for Provisions of Services\"],\"inLanguage\":\"fr-FR\"},{\"@type\":\"WebPage\",\"@id\":\"https:\\\/\\\/arlettipartners.com\\\/fr\\\/application-des-regles-de-lue-sur-les-travailleurs-detaches-rapport-de-lela-sur-le-detachement-des-citoyens-de-pays-tiers\\\/\",\"url\":\"https:\\\/\\\/arlettipartners.com\\\/fr\\\/application-des-regles-de-lue-sur-les-travailleurs-detaches-rapport-de-lela-sur-le-detachement-des-citoyens-de-pays-tiers\\\/\",\"name\":\"Rapport de l'ELA sur le d\u00e9tachement des citoyens de pays tiers - Arletti Partners\",\"isPartOf\":{\"@id\":\"https:\\\/\\\/arlettipartners.com\\\/fr\\\/#website\"},\"primaryImageOfPage\":{\"@id\":\"https:\\\/\\\/arlettipartners.com\\\/fr\\\/application-des-regles-de-lue-sur-les-travailleurs-detaches-rapport-de-lela-sur-le-detachement-des-citoyens-de-pays-tiers\\\/#primaryimage\"},\"image\":{\"@id\":\"https:\\\/\\\/arlettipartners.com\\\/fr\\\/application-des-regles-de-lue-sur-les-travailleurs-detaches-rapport-de-lela-sur-le-detachement-des-citoyens-de-pays-tiers\\\/#primaryimage\"},\"thumbnailUrl\":\"https:\\\/\\\/arlettipartners.com\\\/wp-content\\\/uploads\\\/2023\\\/12\\\/ELA-report-1.png\",\"datePublished\":\"2023-12-22T15:51:49+00:00\",\"dateModified\":\"2024-08-01T07:54:08+00:00\",\"description\":\"Le rapport de l'ELA sur le d\u00e9tachement des citoyens de pays tiers examine les pratiques et les d\u00e9fis pour les autorit\u00e9s des \u00c9tats membres.\",\"breadcrumb\":{\"@id\":\"https:\\\/\\\/arlettipartners.com\\\/fr\\\/application-des-regles-de-lue-sur-les-travailleurs-detaches-rapport-de-lela-sur-le-detachement-des-citoyens-de-pays-tiers\\\/#breadcrumb\"},\"inLanguage\":\"fr-FR\",\"potentialAction\":[{\"@type\":\"ReadAction\",\"target\":[\"https:\\\/\\\/arlettipartners.com\\\/fr\\\/application-des-regles-de-lue-sur-les-travailleurs-detaches-rapport-de-lela-sur-le-detachement-des-citoyens-de-pays-tiers\\\/\"]}]},{\"@type\":\"ImageObject\",\"inLanguage\":\"fr-FR\",\"@id\":\"https:\\\/\\\/arlettipartners.com\\\/fr\\\/application-des-regles-de-lue-sur-les-travailleurs-detaches-rapport-de-lela-sur-le-detachement-des-citoyens-de-pays-tiers\\\/#primaryimage\",\"url\":\"https:\\\/\\\/arlettipartners.com\\\/wp-content\\\/uploads\\\/2023\\\/12\\\/ELA-report-1.png\",\"contentUrl\":\"https:\\\/\\\/arlettipartners.com\\\/wp-content\\\/uploads\\\/2023\\\/12\\\/ELA-report-1.png\",\"width\":1300,\"height\":700,\"caption\":\"ELA's report on the posting of third-country nationals\"},{\"@type\":\"BreadcrumbList\",\"@id\":\"https:\\\/\\\/arlettipartners.com\\\/fr\\\/application-des-regles-de-lue-sur-les-travailleurs-detaches-rapport-de-lela-sur-le-detachement-des-citoyens-de-pays-tiers\\\/#breadcrumb\",\"itemListElement\":[{\"@type\":\"ListItem\",\"position\":1,\"name\":\"Home\",\"item\":\"https:\\\/\\\/arlettipartners.com\\\/fr\\\/\"},{\"@type\":\"ListItem\",\"position\":2,\"name\":\"Labour Law\",\"item\":\"https:\\\/\\\/arlettipartners.com\\\/fr\\\/category\\\/labour-law\\\/\"},{\"@type\":\"ListItem\",\"position\":3,\"name\":\"Posting of Workers for Provisions of Services\",\"item\":\"https:\\\/\\\/arlettipartners.com\\\/fr\\\/category\\\/labour-law\\\/posting-of-workers-for-provisions-of-services\\\/\"},{\"@type\":\"ListItem\",\"position\":4,\"name\":\"Application des r\u00e8gles de l&#8217;UE sur les travailleurs d\u00e9tach\u00e9s : Rapport de l&#8217;ELA sur le d\u00e9tachement des citoyens de pays tiers\"}]},{\"@type\":\"WebSite\",\"@id\":\"https:\\\/\\\/arlettipartners.com\\\/fr\\\/#website\",\"url\":\"https:\\\/\\\/arlettipartners.com\\\/fr\\\/\",\"name\":\"Arletti Partners\",\"description\":\"Tax Advisors and Global Mobility Specialists\",\"publisher\":{\"@id\":\"https:\\\/\\\/arlettipartners.com\\\/fr\\\/#organization\"},\"potentialAction\":[{\"@type\":\"SearchAction\",\"target\":{\"@type\":\"EntryPoint\",\"urlTemplate\":\"https:\\\/\\\/arlettipartners.com\\\/fr\\\/?s={search_term_string}\"},\"query-input\":{\"@type\":\"PropertyValueSpecification\",\"valueRequired\":true,\"valueName\":\"search_term_string\"}}],\"inLanguage\":\"fr-FR\"},{\"@type\":\"Organization\",\"@id\":\"https:\\\/\\\/arlettipartners.com\\\/fr\\\/#organization\",\"name\":\"Arletti & Partners\",\"url\":\"https:\\\/\\\/arlettipartners.com\\\/fr\\\/\",\"logo\":{\"@type\":\"ImageObject\",\"inLanguage\":\"fr-FR\",\"@id\":\"https:\\\/\\\/arlettipartners.com\\\/fr\\\/#\\\/schema\\\/logo\\\/image\\\/\",\"url\":\"https:\\\/\\\/arlettipartners.com\\\/wp-content\\\/uploads\\\/2022\\\/03\\\/logo.png.nuovo_.nero_.png\",\"contentUrl\":\"https:\\\/\\\/arlettipartners.com\\\/wp-content\\\/uploads\\\/2022\\\/03\\\/logo.png.nuovo_.nero_.png\",\"width\":150,\"height\":32,\"caption\":\"Arletti & Partners\"},\"image\":{\"@id\":\"https:\\\/\\\/arlettipartners.com\\\/fr\\\/#\\\/schema\\\/logo\\\/image\\\/\"},\"sameAs\":[\"https:\\\/\\\/www.facebook.com\\\/ArlettiPartners\",\"https:\\\/\\\/www.linkedin.com\\\/company\\\/aampp---arletti-amp-partners\\\/\"]},{\"@type\":\"Person\",\"@id\":\"https:\\\/\\\/arlettipartners.com\\\/fr\\\/#\\\/schema\\\/person\\\/675f2c4fe9f8fe4ba74734daf4489581\",\"name\":\"Arl21_wpadmin\",\"image\":{\"@type\":\"ImageObject\",\"inLanguage\":\"fr-FR\",\"@id\":\"https:\\\/\\\/secure.gravatar.com\\\/avatar\\\/e4840d26b3ad1e6d1918e55d982f6d70375ce48193435cbfb611dbbb8e1f95a0?s=96&d=mm&r=g\",\"url\":\"https:\\\/\\\/secure.gravatar.com\\\/avatar\\\/e4840d26b3ad1e6d1918e55d982f6d70375ce48193435cbfb611dbbb8e1f95a0?s=96&d=mm&r=g\",\"contentUrl\":\"https:\\\/\\\/secure.gravatar.com\\\/avatar\\\/e4840d26b3ad1e6d1918e55d982f6d70375ce48193435cbfb611dbbb8e1f95a0?s=96&d=mm&r=g\",\"caption\":\"Arl21_wpadmin\"},\"sameAs\":[\"https:\\\/\\\/arlettipartners.com\"],\"url\":\"https:\\\/\\\/arlettipartners.com\\\/fr\\\/author\\\/arl21_wpadmin\\\/\"}]}<\/script>\n<!-- \/ Yoast SEO Premium plugin. -->","yoast_head_json":{"title":"Rapport de l'ELA sur le d\u00e9tachement des citoyens de pays tiers - Arletti Partners","description":"Le rapport de l'ELA sur le d\u00e9tachement des citoyens de pays tiers examine les pratiques et les d\u00e9fis pour les autorit\u00e9s des \u00c9tats membres.","robots":{"index":"index","follow":"follow","max-snippet":"max-snippet:-1","max-image-preview":"max-image-preview:large","max-video-preview":"max-video-preview:-1"},"canonical":"https:\/\/arlettipartners.com\/fr\/application-des-regles-de-lue-sur-les-travailleurs-detaches-rapport-de-lela-sur-le-detachement-des-citoyens-de-pays-tiers\/","og_locale":"fr_FR","og_type":"article","og_title":"Application des r\u00e8gles de l'UE sur les travailleurs d\u00e9tach\u00e9s : Rapport de l'ELA sur le d\u00e9tachement des citoyens de pays tiers","og_description":"Le rapport de l'ELA sur le d\u00e9tachement des citoyens de pays tiers examine les pratiques, les d\u00e9fis et les possibilit\u00e9s pour les autorit\u00e9s comp\u00e9tentes des \u00c9tats membres.","og_url":"https:\/\/arlettipartners.com\/fr\/application-des-regles-de-lue-sur-les-travailleurs-detaches-rapport-de-lela-sur-le-detachement-des-citoyens-de-pays-tiers\/","og_site_name":"Arletti Partners","article_publisher":"https:\/\/www.facebook.com\/ArlettiPartners","article_published_time":"2023-12-22T15:51:49+00:00","article_modified_time":"2024-08-01T07:54:08+00:00","og_image":[{"width":1300,"height":700,"url":"https:\/\/arlettipartners.com\/wp-content\/uploads\/2023\/12\/ELA-report-1.png","type":"image\/png"}],"author":"Arl21_wpadmin","twitter_card":"summary_large_image","twitter_misc":{"\u00c9crit par":"Arl21_wpadmin","Dur\u00e9e de lecture estim\u00e9e":"5 minutes"},"schema":{"@context":"https:\/\/schema.org","@graph":[{"@type":"Article","@id":"https:\/\/arlettipartners.com\/fr\/application-des-regles-de-lue-sur-les-travailleurs-detaches-rapport-de-lela-sur-le-detachement-des-citoyens-de-pays-tiers\/#article","isPartOf":{"@id":"https:\/\/arlettipartners.com\/fr\/application-des-regles-de-lue-sur-les-travailleurs-detaches-rapport-de-lela-sur-le-detachement-des-citoyens-de-pays-tiers\/"},"author":{"name":"Arl21_wpadmin","@id":"https:\/\/arlettipartners.com\/fr\/#\/schema\/person\/675f2c4fe9f8fe4ba74734daf4489581"},"headline":"Application des r\u00e8gles de l&#8217;UE sur les travailleurs d\u00e9tach\u00e9s : Rapport de l&#8217;ELA sur le d\u00e9tachement des citoyens de pays tiers","datePublished":"2023-12-22T15:51:49+00:00","dateModified":"2024-08-01T07:54:08+00:00","mainEntityOfPage":{"@id":"https:\/\/arlettipartners.com\/fr\/application-des-regles-de-lue-sur-les-travailleurs-detaches-rapport-de-lela-sur-le-detachement-des-citoyens-de-pays-tiers\/"},"wordCount":1382,"publisher":{"@id":"https:\/\/arlettipartners.com\/fr\/#organization"},"image":{"@id":"https:\/\/arlettipartners.com\/fr\/application-des-regles-de-lue-sur-les-travailleurs-detaches-rapport-de-lela-sur-le-detachement-des-citoyens-de-pays-tiers\/#primaryimage"},"thumbnailUrl":"https:\/\/arlettipartners.com\/wp-content\/uploads\/2023\/12\/ELA-report-1.png","articleSection":["Posting of Workers for Provisions of Services"],"inLanguage":"fr-FR"},{"@type":"WebPage","@id":"https:\/\/arlettipartners.com\/fr\/application-des-regles-de-lue-sur-les-travailleurs-detaches-rapport-de-lela-sur-le-detachement-des-citoyens-de-pays-tiers\/","url":"https:\/\/arlettipartners.com\/fr\/application-des-regles-de-lue-sur-les-travailleurs-detaches-rapport-de-lela-sur-le-detachement-des-citoyens-de-pays-tiers\/","name":"Rapport de l'ELA sur le d\u00e9tachement des citoyens de pays tiers - Arletti Partners","isPartOf":{"@id":"https:\/\/arlettipartners.com\/fr\/#website"},"primaryImageOfPage":{"@id":"https:\/\/arlettipartners.com\/fr\/application-des-regles-de-lue-sur-les-travailleurs-detaches-rapport-de-lela-sur-le-detachement-des-citoyens-de-pays-tiers\/#primaryimage"},"image":{"@id":"https:\/\/arlettipartners.com\/fr\/application-des-regles-de-lue-sur-les-travailleurs-detaches-rapport-de-lela-sur-le-detachement-des-citoyens-de-pays-tiers\/#primaryimage"},"thumbnailUrl":"https:\/\/arlettipartners.com\/wp-content\/uploads\/2023\/12\/ELA-report-1.png","datePublished":"2023-12-22T15:51:49+00:00","dateModified":"2024-08-01T07:54:08+00:00","description":"Le rapport de l'ELA sur le d\u00e9tachement des citoyens de pays tiers examine les pratiques et les d\u00e9fis pour les autorit\u00e9s des \u00c9tats membres.","breadcrumb":{"@id":"https:\/\/arlettipartners.com\/fr\/application-des-regles-de-lue-sur-les-travailleurs-detaches-rapport-de-lela-sur-le-detachement-des-citoyens-de-pays-tiers\/#breadcrumb"},"inLanguage":"fr-FR","potentialAction":[{"@type":"ReadAction","target":["https:\/\/arlettipartners.com\/fr\/application-des-regles-de-lue-sur-les-travailleurs-detaches-rapport-de-lela-sur-le-detachement-des-citoyens-de-pays-tiers\/"]}]},{"@type":"ImageObject","inLanguage":"fr-FR","@id":"https:\/\/arlettipartners.com\/fr\/application-des-regles-de-lue-sur-les-travailleurs-detaches-rapport-de-lela-sur-le-detachement-des-citoyens-de-pays-tiers\/#primaryimage","url":"https:\/\/arlettipartners.com\/wp-content\/uploads\/2023\/12\/ELA-report-1.png","contentUrl":"https:\/\/arlettipartners.com\/wp-content\/uploads\/2023\/12\/ELA-report-1.png","width":1300,"height":700,"caption":"ELA's report on the posting of third-country nationals"},{"@type":"BreadcrumbList","@id":"https:\/\/arlettipartners.com\/fr\/application-des-regles-de-lue-sur-les-travailleurs-detaches-rapport-de-lela-sur-le-detachement-des-citoyens-de-pays-tiers\/#breadcrumb","itemListElement":[{"@type":"ListItem","position":1,"name":"Home","item":"https:\/\/arlettipartners.com\/fr\/"},{"@type":"ListItem","position":2,"name":"Labour Law","item":"https:\/\/arlettipartners.com\/fr\/category\/labour-law\/"},{"@type":"ListItem","position":3,"name":"Posting of Workers for Provisions of Services","item":"https:\/\/arlettipartners.com\/fr\/category\/labour-law\/posting-of-workers-for-provisions-of-services\/"},{"@type":"ListItem","position":4,"name":"Application des r\u00e8gles de l&#8217;UE sur les travailleurs d\u00e9tach\u00e9s : Rapport de l&#8217;ELA sur le d\u00e9tachement des citoyens de pays tiers"}]},{"@type":"WebSite","@id":"https:\/\/arlettipartners.com\/fr\/#website","url":"https:\/\/arlettipartners.com\/fr\/","name":"Arletti Partners","description":"Tax Advisors and Global Mobility Specialists","publisher":{"@id":"https:\/\/arlettipartners.com\/fr\/#organization"},"potentialAction":[{"@type":"SearchAction","target":{"@type":"EntryPoint","urlTemplate":"https:\/\/arlettipartners.com\/fr\/?s={search_term_string}"},"query-input":{"@type":"PropertyValueSpecification","valueRequired":true,"valueName":"search_term_string"}}],"inLanguage":"fr-FR"},{"@type":"Organization","@id":"https:\/\/arlettipartners.com\/fr\/#organization","name":"Arletti & Partners","url":"https:\/\/arlettipartners.com\/fr\/","logo":{"@type":"ImageObject","inLanguage":"fr-FR","@id":"https:\/\/arlettipartners.com\/fr\/#\/schema\/logo\/image\/","url":"https:\/\/arlettipartners.com\/wp-content\/uploads\/2022\/03\/logo.png.nuovo_.nero_.png","contentUrl":"https:\/\/arlettipartners.com\/wp-content\/uploads\/2022\/03\/logo.png.nuovo_.nero_.png","width":150,"height":32,"caption":"Arletti & Partners"},"image":{"@id":"https:\/\/arlettipartners.com\/fr\/#\/schema\/logo\/image\/"},"sameAs":["https:\/\/www.facebook.com\/ArlettiPartners","https:\/\/www.linkedin.com\/company\/aampp---arletti-amp-partners\/"]},{"@type":"Person","@id":"https:\/\/arlettipartners.com\/fr\/#\/schema\/person\/675f2c4fe9f8fe4ba74734daf4489581","name":"Arl21_wpadmin","image":{"@type":"ImageObject","inLanguage":"fr-FR","@id":"https:\/\/secure.gravatar.com\/avatar\/e4840d26b3ad1e6d1918e55d982f6d70375ce48193435cbfb611dbbb8e1f95a0?s=96&d=mm&r=g","url":"https:\/\/secure.gravatar.com\/avatar\/e4840d26b3ad1e6d1918e55d982f6d70375ce48193435cbfb611dbbb8e1f95a0?s=96&d=mm&r=g","contentUrl":"https:\/\/secure.gravatar.com\/avatar\/e4840d26b3ad1e6d1918e55d982f6d70375ce48193435cbfb611dbbb8e1f95a0?s=96&d=mm&r=g","caption":"Arl21_wpadmin"},"sameAs":["https:\/\/arlettipartners.com"],"url":"https:\/\/arlettipartners.com\/fr\/author\/arl21_wpadmin\/"}]}},"_links":{"self":[{"href":"https:\/\/arlettipartners.com\/fr\/wp-json\/wp\/v2\/posts\/178915","targetHints":{"allow":["GET"]}}],"collection":[{"href":"https:\/\/arlettipartners.com\/fr\/wp-json\/wp\/v2\/posts"}],"about":[{"href":"https:\/\/arlettipartners.com\/fr\/wp-json\/wp\/v2\/types\/post"}],"author":[{"embeddable":true,"href":"https:\/\/arlettipartners.com\/fr\/wp-json\/wp\/v2\/users\/1"}],"replies":[{"embeddable":true,"href":"https:\/\/arlettipartners.com\/fr\/wp-json\/wp\/v2\/comments?post=178915"}],"version-history":[{"count":0,"href":"https:\/\/arlettipartners.com\/fr\/wp-json\/wp\/v2\/posts\/178915\/revisions"}],"wp:featuredmedia":[{"embeddable":true,"href":"https:\/\/arlettipartners.com\/fr\/wp-json\/wp\/v2\/media\/169656"}],"wp:attachment":[{"href":"https:\/\/arlettipartners.com\/fr\/wp-json\/wp\/v2\/media?parent=178915"}],"wp:term":[{"taxonomy":"category","embeddable":true,"href":"https:\/\/arlettipartners.com\/fr\/wp-json\/wp\/v2\/categories?post=178915"},{"taxonomy":"post_tag","embeddable":true,"href":"https:\/\/arlettipartners.com\/fr\/wp-json\/wp\/v2\/tags?post=178915"},{"taxonomy":"country","embeddable":true,"href":"https:\/\/arlettipartners.com\/fr\/wp-json\/wp\/v2\/country?post=178915"},{"taxonomy":"container","embeddable":true,"href":"https:\/\/arlettipartners.com\/fr\/wp-json\/wp\/v2\/container?post=178915"},{"taxonomy":"service","embeddable":true,"href":"https:\/\/arlettipartners.com\/fr\/wp-json\/wp\/v2\/service?post=178915"},{"taxonomy":"tag-di-competenza","embeddable":true,"href":"https:\/\/arlettipartners.com\/fr\/wp-json\/wp\/v2\/tag-di-competenza?post=178915"}],"curies":[{"name":"wp","href":"https:\/\/api.w.org\/{rel}","templated":true}]}}