{"id":176312,"date":"2023-11-17T17:01:32","date_gmt":"2023-11-17T16:01:32","guid":{"rendered":"https:\/\/arlettipartners.com\/reglementation-travailleurs-detaches-analyse-complete-des-directives-ue-sur-le-detachement-en-europe\/"},"modified":"2024-07-30T15:10:18","modified_gmt":"2024-07-30T13:10:18","slug":"reglementation-travailleurs-detaches-directives-ue-detachement","status":"publish","type":"post","link":"https:\/\/arlettipartners.com\/fr\/reglementation-travailleurs-detaches-directives-ue-detachement\/","title":{"rendered":"R\u00e9glementation Travailleurs D\u00e9tach\u00e9s: les Directives UE sur le d\u00e9tachement"},"content":{"rendered":"\n<h2 class=\"wp-block-heading\" id=\"h-normativa-distacco\">R\u00e9glementation travailleurs d\u00e9tach\u00e9s<\/h2>\n\n<p>Dans le cadre du principe de la libre circulation au sein de l\u2019Union Europ\u00e9enne, la prestation de services joue un r\u00f4le cl\u00e9 dans la facilitation de la libre circulation des services et dans la promotion de l\u2019int\u00e9gration \u00e9conomique. Pour r\u00e9guler cette situation, l\u2019Union Europ\u00e9enne (UE) a mis en \u0153uvre une s\u00e9rie de directives visant \u00e0 harmoniser les r\u00e9glementations et \u00e0 garantir des conditions \u00e9quitables pour les travailleurs d\u00e9tach\u00e9s.<\/p>\n\n<p>Cet article se concentre sur l\u2019\u00e9tude des directives de l\u2019UE qui r\u00e9gulent le <a href=\"https:\/\/arlettipartners.com\/detachement-de-travailleurs-dans-lue\/?lang=fr\">d\u00e9tachement des travailleurs en Europe<\/a>. En particulier, il examinera leurs origines, leurs objectifs et leurs implications.<\/p>\n\n<blockquote class=\"wp-block-quote is-layout-flow wp-block-quote-is-layout-flow\">\n<p>Pour un aper\u00e7u de la r\u00e9glementation de l\u2019UE sur les travailleurs, lisez notre guide sur le <a href=\"https:\/\/arlettipartners.com\/droit-du-travail-de-lunion-europeenne-guide-complet\/?lang=fr\">droit du travail de l\u2019Union Europ\u00e9enne.<\/a><\/p>\n<\/blockquote>\n\n<h2 class=\"wp-block-heading\" id=\"h-principi-delle-direttive-ue-sui-lavoratori-distaccati\">Principes de la r\u00e9glementation de l\u2019UE sur les travailleurs d\u00e9tach\u00e9s<\/h2>\n\n<p>Les pr\u00e9mices des directives de l\u2019UE sur les d\u00e9tachements peuvent \u00eatre retrac\u00e9es \u00e0 l\u2019engagement de l\u2019Union Europ\u00e9enne en faveur de la libre circulation des travailleurs et des services.&#13;\n&#13;\n<\/p>\n\n<p>Le <strong>Trait\u00e9 de Rome<\/strong>, sign\u00e9 en 1957, a jet\u00e9 les bases de la cr\u00e9ation d\u2019un march\u00e9 commun, soulignant l\u2019\u00e9limination des barri\u00e8res \u00e0 la libre circulation des biens, des services et des travailleurs. Le principe de la libre circulation a \u00e9t\u00e9 renforc\u00e9 dans les trait\u00e9s et accords ult\u00e9rieurs, t\u00e9moignant de l\u2019engagement de l\u2019UE \u00e0 cr\u00e9er un espace \u00e9conomique unifi\u00e9 et efficace.<\/p>\n\n<h2 class=\"wp-block-heading\" id=\"h-direttiva-96-71-ce-la-direttiva-pioniera\">Directive 96\/71\/EC: La directive pionni\u00e8re<\/h2>\n\n<p>Une \u00e9tape fondamentale dans la r\u00e9glementation des travailleurs d\u00e9tach\u00e9s au sein de l\u2019UE a \u00e9t\u00e9 l\u2019adoption de la <a href=\"https:\/\/arlettipartners.com\/directive-96-71-ce-conditions-de-travail-equitables-au-dela-des-frontieres-nationales\/?lang=fr\">Directive 96\/71\/CE<\/a> sur le d\u00e9tachement des travailleurs. Promulgu\u00e9e en 1996, cette directive visait \u00e0 garantir que les travailleurs d\u00e9tach\u00e9s b\u00e9n\u00e9ficient de conditions de travail de base dans l\u2019\u00c9tat membre h\u00f4te. L\u2019objectif \u00e9tait de favoriser une concurrence loyale et de pr\u00e9venir le dumping social.<\/p>\n\n<p>La Directive 96\/71\/CE a \u00e9tabli une s\u00e9rie de principes fondamentaux, incluant des taux minimaux de r\u00e9mun\u00e9ration, des p\u00e9riodes maximales de travail et des p\u00e9riodes minimales de repos, ainsi que des cong\u00e9s annuels pay\u00e9s minimaux.<\/p>\n\n<blockquote class=\"wp-block-quote is-layout-flow wp-block-quote-is-layout-flow\">\n<p>Les conditions de travail dans l\u2019UE en termes d\u2019heures de travail, de pauses et de cong\u00e9s annuels sont dict\u00e9es par la <a href=\"https:\/\/arlettipartners.com\/directive-2003-88-ce-temps-de-travail-sur-le-marche-europeen\/?lang=fr\">Directive 2003\/88\/CE.<\/a><\/p>\n<\/blockquote>\n\n<p>Cependant, la directive n\u2019a pas approfondi des questions telles que les accords de n\u00e9gociation collective ou les contributions de s\u00e9curit\u00e9 sociale, laissant place \u00e0 des directives ult\u00e9rieures pour aborder ces aspects.<\/p>\n\n<h2 class=\"wp-block-heading\" id=\"h-direttiva-2014-67-ue-rafforzamento-dell-applicazione-e-della-cooperazione\">Directive 2014\/67\/UE: Renforcement de l\u2019application et de la coop\u00e9ration<\/h2>\n\n<p>Ayant reconnu la n\u00e9cessit\u00e9 de renforcer les m\u00e9canismes d\u2019application et de coop\u00e9ration, l\u2019UE a introduit la <a href=\"https:\/\/arlettipartners.com\/detachements-transnationaux-la-directive-2014-67-ue\/?lang=fr\">Directive 2014\/67\/UE.<\/a> Cette directive, qui a modifi\u00e9 la Directive 96\/71\/CE, a cherch\u00e9 \u00e0 renforcer l\u2019application pratique des normes sur le d\u00e9tachement des travailleurs.<\/p>\n\n<p>La Directive 2014\/67\/UE r\u00e9affirme l\u2019importance de la coop\u00e9ration administrative entre les \u00c9tats membres. Elle leur impose d\u2019\u00e9changer des informations et de collaborer pour garantir l\u2019application effective de la r\u00e9glementation sur les travailleurs d\u00e9tach\u00e9s.&#13;\n&#13;\n<\/p>\n\n<h2 class=\"wp-block-heading\" id=\"h-direttiva-ue-2018-957-una-nuova-era-per-i-lavoratori-distaccati-nbsp\">Directive (UE) 2018\/957: Une nouvelle \u00e8re pour les travailleurs d\u00e9tach\u00e9s<\/h2>\n\n<p>Partant des bases d\u00e9finies par les directives pr\u00e9c\u00e9dentes, la Directive (UE) 2018\/957 a apport\u00e9 des changements significatifs \u00e0 la r\u00e9glementation sur les travailleurs d\u00e9tach\u00e9s au sein de l\u2019UE. Cette directive a abord\u00e9 des questions fondamentales telles que la r\u00e9mun\u00e9ration, les indemnit\u00e9s et la dur\u00e9e du d\u00e9tachement.<\/p>\n\n<p>L\u2019un des changements les plus importants introduits par la <strong>Directive (UE) 2018\/957<\/strong> est l\u2019accent mis sur l\u2019\u00e9galit\u00e9 de r\u00e9mun\u00e9ration. La directive stipule en effet que les travailleurs d\u00e9tach\u00e9s ont droit \u00e0 la m\u00eame r\u00e9mun\u00e9ration et aux m\u00eames conditions que les travailleurs locaux qui exercent les m\u00eames fonctions dans l\u2019\u00c9tat membre h\u00f4te.<\/p>\n\n<p>Ce d\u00e9veloppement novateur a marqu\u00e9 un pas d\u00e9cisif vers la garantie d\u2019un traitement \u00e9quitable et \u00e9gal pour tous les travailleurs, ind\u00e9pendamment de leur pays d\u2019origine.<\/p>\n\n<h2 class=\"wp-block-heading\" id=\"h-direttiva-2019-1152-ue-rafforzamento-dei-diritti-dei-lavoratori-e-del-dialogo-sociale-nbsp\">Directive 2019\/1152\/UE: Renforcement des droits des travailleurs et du dialogue social&#13;\n<\/h2>\n\n<p>La r\u00e9glementation pour les travailleurs d\u00e9tach\u00e9s a \u00e9t\u00e9 davantage perfectionn\u00e9 avec l\u2019introduction de la <a href=\"https:\/\/arlettipartners.com\/eu-posted-workers-directive-2019-1152\/\">Directive 2019\/1152\/UE<\/a>. Promulgu\u00e9e pour renforcer les droits des travailleurs et promouvoir le dialogue social, cette directive se concentre sur la promotion de meilleures conditions de travail et sur la transparence dans le partage des informations.<\/p>\n\n<p>La Directive 2019\/1152\/UE met un fort accent sur la transparence et la pr\u00e9visibilit\u00e9 des conditions de travail. Elle fournit donc aux travailleurs d\u00e9tach\u00e9s des informations d\u00e9taill\u00e9es sur leur emploi avant et pendant le d\u00e9tachement.<\/p>\n\n<h2 class=\"wp-block-heading\" id=\"h-conclusione\">Conclusion<\/h2>\n\n<p>Bien que les directives de l\u2019UE sur les travailleurs d\u00e9tach\u00e9s visent \u00e0 cr\u00e9er des conditions \u00e9quitables et \u00e0 prot\u00e9ger les droits des travailleurs, des d\u00e9fis et critiques subsistent. Une pr\u00e9occupation notable concerne les diff\u00e9rentes interpr\u00e9tations et mises en \u0153uvre de ces directives dans les divers \u00c9tats membres. L\u2019absence d\u2019uniformit\u00e9 dans l\u2019application et l\u2019ex\u00e9cution des normes peut conduire \u00e0 des disparit\u00e9s et entraver la protection effective des travailleurs d\u00e9tach\u00e9s.&#13;\n&#13;\n<\/p>\n\n<p>Le r\u00e9glementation des travailleurs d\u00e9tach\u00e9s en Europe a \u00e9volu\u00e9 de mani\u00e8re significative au fil des ans. Cela refl\u00e8te l\u2019engagement de l\u2019Union Europ\u00e9enne \u00e0 garantir des conditions de travail \u00e9quitables et \u00e0 pr\u00e9venir le dumping social. De la pionni\u00e8re Directive 96\/71\/CE \u00e0 la transformative Directive (UE) 2018\/957 et \u00e0 la Directive 2019\/1152\/UE ax\u00e9e sur les travailleurs, ces directives ont fa\u00e7onn\u00e9 le cadre r\u00e9gissant la mobilit\u00e9 des travailleurs entre les \u00c9tats membres.&#13;\n&#13;\n<\/p>\n\n<p>Malgr\u00e9 les progr\u00e8s r\u00e9alis\u00e9s dans l\u2019am\u00e9lioration des droits et des protections des travailleurs d\u00e9tach\u00e9s, les d\u00e9fis demeurent. Atteindre un syst\u00e8me harmonis\u00e9 et appliqu\u00e9 de mani\u00e8re coh\u00e9rente reste un travail en cours. Pour ce faire, un dialogue et une collaboration continus entre les \u00c9tats membres sont n\u00e9cessaires.&#13;\n&#13;\n<\/p>\n\n<p>Alors que l\u2019UE continue de peaufiner et d\u2019\u00e9tendre sa r\u00e9glementation sur les travailleurs d\u00e9tach\u00e9s, l\u2019objectif reste clair: trouver un \u00e9quilibre entre la facilitation de la libre circulation des personnes et des services et la protection des droits fondamentaux et du traitement \u00e9quitable de tous les travailleurs au sein de l\u2019Union Europ\u00e9enne.<\/p>\n","protected":false},"excerpt":{"rendered":"<p>Guide complet sur les directives de l&#8217;UE concernant le d\u00e9tachement des travailleurs. <\/p>\n","protected":false},"author":1,"featured_media":168705,"comment_status":"closed","ping_status":"closed","sticky":false,"template":"","format":"standard","meta":{"_acf_changed":false,"footnotes":""},"categories":[1716],"tags":[],"country":[1534],"container":[],"service":[6235],"tag-di-competenza":[5609],"class_list":["post-176312","post","type-post","status-publish","format-standard","has-post-thumbnail","hentry","category-posting-of-workers-for-provisions-of-services","country-union-europeenne","service-posting-of-workers-to-eu","tag-di-competenza-team-posting-fr"],"acf":[],"yoast_head":"<!-- This site is optimized with the Yoast SEO Premium plugin v27.4 (Yoast SEO v27.4) - https:\/\/yoast.com\/product\/yoast-seo-premium-wordpress\/ -->\n<title>R\u00e9glementation Travailleurs D\u00e9tach\u00e9s - Arletti Partners<\/title>\n<meta name=\"description\" content=\"Guide complet sur la r\u00e9glementation de travailleurs d\u00e9tach\u00e9s: origines, objectifs et implications des directives UE sur le d\u00e9tachement.\" \/>\n<meta name=\"robots\" content=\"index, follow, max-snippet:-1, max-image-preview:large, max-video-preview:-1\" \/>\n<link rel=\"canonical\" href=\"https:\/\/arlettipartners.com\/fr\/reglementation-travailleurs-detaches-directives-ue-detachement\/\" \/>\n<meta property=\"og:locale\" content=\"fr_FR\" \/>\n<meta property=\"og:type\" content=\"article\" \/>\n<meta property=\"og:title\" content=\"R\u00e9glementation Travailleurs D\u00e9tach\u00e9s: les Directives UE sur le d\u00e9tachement\" \/>\n<meta property=\"og:description\" content=\"Guide complet sur les directives de l&#039;UE concernant le d\u00e9tachement des travailleurs.\" \/>\n<meta property=\"og:url\" content=\"https:\/\/arlettipartners.com\/fr\/reglementation-travailleurs-detaches-directives-ue-detachement\/\" \/>\n<meta property=\"og:site_name\" content=\"Arletti Partners\" \/>\n<meta property=\"article:publisher\" content=\"https:\/\/www.facebook.com\/ArlettiPartners\" \/>\n<meta property=\"article:published_time\" content=\"2023-11-17T16:01:32+00:00\" \/>\n<meta property=\"article:modified_time\" content=\"2024-07-30T13:10:18+00:00\" \/>\n<meta property=\"og:image\" content=\"https:\/\/arlettipartners.com\/wp-content\/uploads\/2023\/11\/direttiva.ue_.png\" \/>\n\t<meta property=\"og:image:width\" content=\"1350\" \/>\n\t<meta property=\"og:image:height\" content=\"700\" \/>\n\t<meta property=\"og:image:type\" content=\"image\/png\" \/>\n<meta name=\"author\" content=\"Arl21_wpadmin\" \/>\n<meta name=\"twitter:card\" content=\"summary_large_image\" \/>\n<meta name=\"twitter:label1\" content=\"\u00c9crit par\" \/>\n\t<meta name=\"twitter:data1\" content=\"Arl21_wpadmin\" \/>\n\t<meta name=\"twitter:label2\" content=\"Dur\u00e9e de lecture estim\u00e9e\" \/>\n\t<meta name=\"twitter:data2\" content=\"5 minutes\" \/>\n<script type=\"application\/ld+json\" class=\"yoast-schema-graph\">{\"@context\":\"https:\\\/\\\/schema.org\",\"@graph\":[{\"@type\":\"Article\",\"@id\":\"https:\\\/\\\/arlettipartners.com\\\/fr\\\/reglementation-travailleurs-detaches-directives-ue-detachement\\\/#article\",\"isPartOf\":{\"@id\":\"https:\\\/\\\/arlettipartners.com\\\/fr\\\/reglementation-travailleurs-detaches-directives-ue-detachement\\\/\"},\"author\":{\"name\":\"Arl21_wpadmin\",\"@id\":\"https:\\\/\\\/arlettipartners.com\\\/fr\\\/#\\\/schema\\\/person\\\/675f2c4fe9f8fe4ba74734daf4489581\"},\"headline\":\"R\u00e9glementation Travailleurs D\u00e9tach\u00e9s: les Directives UE sur le d\u00e9tachement\",\"datePublished\":\"2023-11-17T16:01:32+00:00\",\"dateModified\":\"2024-07-30T13:10:18+00:00\",\"mainEntityOfPage\":{\"@id\":\"https:\\\/\\\/arlettipartners.com\\\/fr\\\/reglementation-travailleurs-detaches-directives-ue-detachement\\\/\"},\"wordCount\":1094,\"publisher\":{\"@id\":\"https:\\\/\\\/arlettipartners.com\\\/fr\\\/#organization\"},\"image\":{\"@id\":\"https:\\\/\\\/arlettipartners.com\\\/fr\\\/reglementation-travailleurs-detaches-directives-ue-detachement\\\/#primaryimage\"},\"thumbnailUrl\":\"https:\\\/\\\/arlettipartners.com\\\/wp-content\\\/uploads\\\/2023\\\/11\\\/direttiva.ue_.png\",\"articleSection\":[\"Posting of Workers for Provisions of Services\"],\"inLanguage\":\"fr-FR\"},{\"@type\":\"WebPage\",\"@id\":\"https:\\\/\\\/arlettipartners.com\\\/fr\\\/reglementation-travailleurs-detaches-directives-ue-detachement\\\/\",\"url\":\"https:\\\/\\\/arlettipartners.com\\\/fr\\\/reglementation-travailleurs-detaches-directives-ue-detachement\\\/\",\"name\":\"R\u00e9glementation Travailleurs D\u00e9tach\u00e9s - Arletti Partners\",\"isPartOf\":{\"@id\":\"https:\\\/\\\/arlettipartners.com\\\/fr\\\/#website\"},\"primaryImageOfPage\":{\"@id\":\"https:\\\/\\\/arlettipartners.com\\\/fr\\\/reglementation-travailleurs-detaches-directives-ue-detachement\\\/#primaryimage\"},\"image\":{\"@id\":\"https:\\\/\\\/arlettipartners.com\\\/fr\\\/reglementation-travailleurs-detaches-directives-ue-detachement\\\/#primaryimage\"},\"thumbnailUrl\":\"https:\\\/\\\/arlettipartners.com\\\/wp-content\\\/uploads\\\/2023\\\/11\\\/direttiva.ue_.png\",\"datePublished\":\"2023-11-17T16:01:32+00:00\",\"dateModified\":\"2024-07-30T13:10:18+00:00\",\"description\":\"Guide complet sur la r\u00e9glementation de travailleurs d\u00e9tach\u00e9s: origines, objectifs et implications des directives UE sur le d\u00e9tachement.\",\"breadcrumb\":{\"@id\":\"https:\\\/\\\/arlettipartners.com\\\/fr\\\/reglementation-travailleurs-detaches-directives-ue-detachement\\\/#breadcrumb\"},\"inLanguage\":\"fr-FR\",\"potentialAction\":[{\"@type\":\"ReadAction\",\"target\":[\"https:\\\/\\\/arlettipartners.com\\\/fr\\\/reglementation-travailleurs-detaches-directives-ue-detachement\\\/\"]}]},{\"@type\":\"ImageObject\",\"inLanguage\":\"fr-FR\",\"@id\":\"https:\\\/\\\/arlettipartners.com\\\/fr\\\/reglementation-travailleurs-detaches-directives-ue-detachement\\\/#primaryimage\",\"url\":\"https:\\\/\\\/arlettipartners.com\\\/wp-content\\\/uploads\\\/2023\\\/11\\\/direttiva.ue_.png\",\"contentUrl\":\"https:\\\/\\\/arlettipartners.com\\\/wp-content\\\/uploads\\\/2023\\\/11\\\/direttiva.ue_.png\",\"width\":1350,\"height\":700,\"caption\":\"normativa distacco per la gestione delle trasferte dei lavoratori in UE\"},{\"@type\":\"BreadcrumbList\",\"@id\":\"https:\\\/\\\/arlettipartners.com\\\/fr\\\/reglementation-travailleurs-detaches-directives-ue-detachement\\\/#breadcrumb\",\"itemListElement\":[{\"@type\":\"ListItem\",\"position\":1,\"name\":\"Home\",\"item\":\"https:\\\/\\\/arlettipartners.com\\\/fr\\\/\"},{\"@type\":\"ListItem\",\"position\":2,\"name\":\"Labour Law\",\"item\":\"https:\\\/\\\/arlettipartners.com\\\/fr\\\/category\\\/labour-law\\\/\"},{\"@type\":\"ListItem\",\"position\":3,\"name\":\"Posting of Workers for Provisions of Services\",\"item\":\"https:\\\/\\\/arlettipartners.com\\\/fr\\\/category\\\/labour-law\\\/posting-of-workers-for-provisions-of-services\\\/\"},{\"@type\":\"ListItem\",\"position\":4,\"name\":\"R\u00e9glementation Travailleurs D\u00e9tach\u00e9s: les Directives UE sur le d\u00e9tachement\"}]},{\"@type\":\"WebSite\",\"@id\":\"https:\\\/\\\/arlettipartners.com\\\/fr\\\/#website\",\"url\":\"https:\\\/\\\/arlettipartners.com\\\/fr\\\/\",\"name\":\"Arletti Partners\",\"description\":\"Tax Advisors and Global Mobility Specialists\",\"publisher\":{\"@id\":\"https:\\\/\\\/arlettipartners.com\\\/fr\\\/#organization\"},\"potentialAction\":[{\"@type\":\"SearchAction\",\"target\":{\"@type\":\"EntryPoint\",\"urlTemplate\":\"https:\\\/\\\/arlettipartners.com\\\/fr\\\/?s={search_term_string}\"},\"query-input\":{\"@type\":\"PropertyValueSpecification\",\"valueRequired\":true,\"valueName\":\"search_term_string\"}}],\"inLanguage\":\"fr-FR\"},{\"@type\":\"Organization\",\"@id\":\"https:\\\/\\\/arlettipartners.com\\\/fr\\\/#organization\",\"name\":\"Arletti & Partners\",\"url\":\"https:\\\/\\\/arlettipartners.com\\\/fr\\\/\",\"logo\":{\"@type\":\"ImageObject\",\"inLanguage\":\"fr-FR\",\"@id\":\"https:\\\/\\\/arlettipartners.com\\\/fr\\\/#\\\/schema\\\/logo\\\/image\\\/\",\"url\":\"https:\\\/\\\/arlettipartners.com\\\/wp-content\\\/uploads\\\/2022\\\/03\\\/logo.png.nuovo_.nero_.png\",\"contentUrl\":\"https:\\\/\\\/arlettipartners.com\\\/wp-content\\\/uploads\\\/2022\\\/03\\\/logo.png.nuovo_.nero_.png\",\"width\":150,\"height\":32,\"caption\":\"Arletti & Partners\"},\"image\":{\"@id\":\"https:\\\/\\\/arlettipartners.com\\\/fr\\\/#\\\/schema\\\/logo\\\/image\\\/\"},\"sameAs\":[\"https:\\\/\\\/www.facebook.com\\\/ArlettiPartners\",\"https:\\\/\\\/www.linkedin.com\\\/company\\\/aampp---arletti-amp-partners\\\/\"]},{\"@type\":\"Person\",\"@id\":\"https:\\\/\\\/arlettipartners.com\\\/fr\\\/#\\\/schema\\\/person\\\/675f2c4fe9f8fe4ba74734daf4489581\",\"name\":\"Arl21_wpadmin\",\"image\":{\"@type\":\"ImageObject\",\"inLanguage\":\"fr-FR\",\"@id\":\"https:\\\/\\\/secure.gravatar.com\\\/avatar\\\/e4840d26b3ad1e6d1918e55d982f6d70375ce48193435cbfb611dbbb8e1f95a0?s=96&d=mm&r=g\",\"url\":\"https:\\\/\\\/secure.gravatar.com\\\/avatar\\\/e4840d26b3ad1e6d1918e55d982f6d70375ce48193435cbfb611dbbb8e1f95a0?s=96&d=mm&r=g\",\"contentUrl\":\"https:\\\/\\\/secure.gravatar.com\\\/avatar\\\/e4840d26b3ad1e6d1918e55d982f6d70375ce48193435cbfb611dbbb8e1f95a0?s=96&d=mm&r=g\",\"caption\":\"Arl21_wpadmin\"},\"sameAs\":[\"https:\\\/\\\/arlettipartners.com\"],\"url\":\"https:\\\/\\\/arlettipartners.com\\\/fr\\\/author\\\/arl21_wpadmin\\\/\"}]}<\/script>\n<!-- \/ Yoast SEO Premium plugin. -->","yoast_head_json":{"title":"R\u00e9glementation Travailleurs D\u00e9tach\u00e9s - Arletti Partners","description":"Guide complet sur la r\u00e9glementation de travailleurs d\u00e9tach\u00e9s: origines, objectifs et implications des directives UE sur le d\u00e9tachement.","robots":{"index":"index","follow":"follow","max-snippet":"max-snippet:-1","max-image-preview":"max-image-preview:large","max-video-preview":"max-video-preview:-1"},"canonical":"https:\/\/arlettipartners.com\/fr\/reglementation-travailleurs-detaches-directives-ue-detachement\/","og_locale":"fr_FR","og_type":"article","og_title":"R\u00e9glementation Travailleurs D\u00e9tach\u00e9s: les Directives UE sur le d\u00e9tachement","og_description":"Guide complet sur les directives de l'UE concernant le d\u00e9tachement des travailleurs.","og_url":"https:\/\/arlettipartners.com\/fr\/reglementation-travailleurs-detaches-directives-ue-detachement\/","og_site_name":"Arletti Partners","article_publisher":"https:\/\/www.facebook.com\/ArlettiPartners","article_published_time":"2023-11-17T16:01:32+00:00","article_modified_time":"2024-07-30T13:10:18+00:00","og_image":[{"width":1350,"height":700,"url":"https:\/\/arlettipartners.com\/wp-content\/uploads\/2023\/11\/direttiva.ue_.png","type":"image\/png"}],"author":"Arl21_wpadmin","twitter_card":"summary_large_image","twitter_misc":{"\u00c9crit par":"Arl21_wpadmin","Dur\u00e9e de lecture estim\u00e9e":"5 minutes"},"schema":{"@context":"https:\/\/schema.org","@graph":[{"@type":"Article","@id":"https:\/\/arlettipartners.com\/fr\/reglementation-travailleurs-detaches-directives-ue-detachement\/#article","isPartOf":{"@id":"https:\/\/arlettipartners.com\/fr\/reglementation-travailleurs-detaches-directives-ue-detachement\/"},"author":{"name":"Arl21_wpadmin","@id":"https:\/\/arlettipartners.com\/fr\/#\/schema\/person\/675f2c4fe9f8fe4ba74734daf4489581"},"headline":"R\u00e9glementation Travailleurs D\u00e9tach\u00e9s: les Directives UE sur le d\u00e9tachement","datePublished":"2023-11-17T16:01:32+00:00","dateModified":"2024-07-30T13:10:18+00:00","mainEntityOfPage":{"@id":"https:\/\/arlettipartners.com\/fr\/reglementation-travailleurs-detaches-directives-ue-detachement\/"},"wordCount":1094,"publisher":{"@id":"https:\/\/arlettipartners.com\/fr\/#organization"},"image":{"@id":"https:\/\/arlettipartners.com\/fr\/reglementation-travailleurs-detaches-directives-ue-detachement\/#primaryimage"},"thumbnailUrl":"https:\/\/arlettipartners.com\/wp-content\/uploads\/2023\/11\/direttiva.ue_.png","articleSection":["Posting of Workers for Provisions of Services"],"inLanguage":"fr-FR"},{"@type":"WebPage","@id":"https:\/\/arlettipartners.com\/fr\/reglementation-travailleurs-detaches-directives-ue-detachement\/","url":"https:\/\/arlettipartners.com\/fr\/reglementation-travailleurs-detaches-directives-ue-detachement\/","name":"R\u00e9glementation Travailleurs D\u00e9tach\u00e9s - Arletti Partners","isPartOf":{"@id":"https:\/\/arlettipartners.com\/fr\/#website"},"primaryImageOfPage":{"@id":"https:\/\/arlettipartners.com\/fr\/reglementation-travailleurs-detaches-directives-ue-detachement\/#primaryimage"},"image":{"@id":"https:\/\/arlettipartners.com\/fr\/reglementation-travailleurs-detaches-directives-ue-detachement\/#primaryimage"},"thumbnailUrl":"https:\/\/arlettipartners.com\/wp-content\/uploads\/2023\/11\/direttiva.ue_.png","datePublished":"2023-11-17T16:01:32+00:00","dateModified":"2024-07-30T13:10:18+00:00","description":"Guide complet sur la r\u00e9glementation de travailleurs d\u00e9tach\u00e9s: origines, objectifs et implications des directives UE sur le d\u00e9tachement.","breadcrumb":{"@id":"https:\/\/arlettipartners.com\/fr\/reglementation-travailleurs-detaches-directives-ue-detachement\/#breadcrumb"},"inLanguage":"fr-FR","potentialAction":[{"@type":"ReadAction","target":["https:\/\/arlettipartners.com\/fr\/reglementation-travailleurs-detaches-directives-ue-detachement\/"]}]},{"@type":"ImageObject","inLanguage":"fr-FR","@id":"https:\/\/arlettipartners.com\/fr\/reglementation-travailleurs-detaches-directives-ue-detachement\/#primaryimage","url":"https:\/\/arlettipartners.com\/wp-content\/uploads\/2023\/11\/direttiva.ue_.png","contentUrl":"https:\/\/arlettipartners.com\/wp-content\/uploads\/2023\/11\/direttiva.ue_.png","width":1350,"height":700,"caption":"normativa distacco per la gestione delle trasferte dei lavoratori in UE"},{"@type":"BreadcrumbList","@id":"https:\/\/arlettipartners.com\/fr\/reglementation-travailleurs-detaches-directives-ue-detachement\/#breadcrumb","itemListElement":[{"@type":"ListItem","position":1,"name":"Home","item":"https:\/\/arlettipartners.com\/fr\/"},{"@type":"ListItem","position":2,"name":"Labour Law","item":"https:\/\/arlettipartners.com\/fr\/category\/labour-law\/"},{"@type":"ListItem","position":3,"name":"Posting of Workers for Provisions of Services","item":"https:\/\/arlettipartners.com\/fr\/category\/labour-law\/posting-of-workers-for-provisions-of-services\/"},{"@type":"ListItem","position":4,"name":"R\u00e9glementation Travailleurs D\u00e9tach\u00e9s: les Directives UE sur le d\u00e9tachement"}]},{"@type":"WebSite","@id":"https:\/\/arlettipartners.com\/fr\/#website","url":"https:\/\/arlettipartners.com\/fr\/","name":"Arletti Partners","description":"Tax Advisors and Global Mobility Specialists","publisher":{"@id":"https:\/\/arlettipartners.com\/fr\/#organization"},"potentialAction":[{"@type":"SearchAction","target":{"@type":"EntryPoint","urlTemplate":"https:\/\/arlettipartners.com\/fr\/?s={search_term_string}"},"query-input":{"@type":"PropertyValueSpecification","valueRequired":true,"valueName":"search_term_string"}}],"inLanguage":"fr-FR"},{"@type":"Organization","@id":"https:\/\/arlettipartners.com\/fr\/#organization","name":"Arletti & Partners","url":"https:\/\/arlettipartners.com\/fr\/","logo":{"@type":"ImageObject","inLanguage":"fr-FR","@id":"https:\/\/arlettipartners.com\/fr\/#\/schema\/logo\/image\/","url":"https:\/\/arlettipartners.com\/wp-content\/uploads\/2022\/03\/logo.png.nuovo_.nero_.png","contentUrl":"https:\/\/arlettipartners.com\/wp-content\/uploads\/2022\/03\/logo.png.nuovo_.nero_.png","width":150,"height":32,"caption":"Arletti & Partners"},"image":{"@id":"https:\/\/arlettipartners.com\/fr\/#\/schema\/logo\/image\/"},"sameAs":["https:\/\/www.facebook.com\/ArlettiPartners","https:\/\/www.linkedin.com\/company\/aampp---arletti-amp-partners\/"]},{"@type":"Person","@id":"https:\/\/arlettipartners.com\/fr\/#\/schema\/person\/675f2c4fe9f8fe4ba74734daf4489581","name":"Arl21_wpadmin","image":{"@type":"ImageObject","inLanguage":"fr-FR","@id":"https:\/\/secure.gravatar.com\/avatar\/e4840d26b3ad1e6d1918e55d982f6d70375ce48193435cbfb611dbbb8e1f95a0?s=96&d=mm&r=g","url":"https:\/\/secure.gravatar.com\/avatar\/e4840d26b3ad1e6d1918e55d982f6d70375ce48193435cbfb611dbbb8e1f95a0?s=96&d=mm&r=g","contentUrl":"https:\/\/secure.gravatar.com\/avatar\/e4840d26b3ad1e6d1918e55d982f6d70375ce48193435cbfb611dbbb8e1f95a0?s=96&d=mm&r=g","caption":"Arl21_wpadmin"},"sameAs":["https:\/\/arlettipartners.com"],"url":"https:\/\/arlettipartners.com\/fr\/author\/arl21_wpadmin\/"}]}},"_links":{"self":[{"href":"https:\/\/arlettipartners.com\/fr\/wp-json\/wp\/v2\/posts\/176312","targetHints":{"allow":["GET"]}}],"collection":[{"href":"https:\/\/arlettipartners.com\/fr\/wp-json\/wp\/v2\/posts"}],"about":[{"href":"https:\/\/arlettipartners.com\/fr\/wp-json\/wp\/v2\/types\/post"}],"author":[{"embeddable":true,"href":"https:\/\/arlettipartners.com\/fr\/wp-json\/wp\/v2\/users\/1"}],"replies":[{"embeddable":true,"href":"https:\/\/arlettipartners.com\/fr\/wp-json\/wp\/v2\/comments?post=176312"}],"version-history":[{"count":0,"href":"https:\/\/arlettipartners.com\/fr\/wp-json\/wp\/v2\/posts\/176312\/revisions"}],"wp:featuredmedia":[{"embeddable":true,"href":"https:\/\/arlettipartners.com\/fr\/wp-json\/wp\/v2\/media\/168705"}],"wp:attachment":[{"href":"https:\/\/arlettipartners.com\/fr\/wp-json\/wp\/v2\/media?parent=176312"}],"wp:term":[{"taxonomy":"category","embeddable":true,"href":"https:\/\/arlettipartners.com\/fr\/wp-json\/wp\/v2\/categories?post=176312"},{"taxonomy":"post_tag","embeddable":true,"href":"https:\/\/arlettipartners.com\/fr\/wp-json\/wp\/v2\/tags?post=176312"},{"taxonomy":"country","embeddable":true,"href":"https:\/\/arlettipartners.com\/fr\/wp-json\/wp\/v2\/country?post=176312"},{"taxonomy":"container","embeddable":true,"href":"https:\/\/arlettipartners.com\/fr\/wp-json\/wp\/v2\/container?post=176312"},{"taxonomy":"service","embeddable":true,"href":"https:\/\/arlettipartners.com\/fr\/wp-json\/wp\/v2\/service?post=176312"},{"taxonomy":"tag-di-competenza","embeddable":true,"href":"https:\/\/arlettipartners.com\/fr\/wp-json\/wp\/v2\/tag-di-competenza?post=176312"}],"curies":[{"name":"wp","href":"https:\/\/api.w.org\/{rel}","templated":true}]}}