{"id":234462,"date":"2026-04-23T12:14:06","date_gmt":"2026-04-23T10:14:06","guid":{"rendered":"https:\/\/arlettipartners.com\/?news=luxembourg-augmentation-salaire-minimum-et-tensions-persistantes"},"modified":"2026-04-28T14:59:12","modified_gmt":"2026-04-28T12:59:12","slug":"luxembourg-augmentation-salaire-minimum-et-tensions-persistantes","status":"publish","type":"news","link":"https:\/\/arlettipartners.com\/fr\/luxembourg-augmentation-salaire-minimum-et-tensions-persistantes\/","title":{"rendered":"Luxembourg : augmentation du salaire minimum et tensions persistantes"},"content":{"rendered":"\n<p>Le gouvernement luxembourgeois a officiellement confirm\u00e9 l\u2019augmentation du salaire minimum, annon\u00e7ant une hausse de 3,8 % qui entrera en vigueur \u00e0 partir du 1er janvier 2027. Cette mesure a d\u00e9j\u00e0 suscit\u00e9 un d\u00e9bat entre les syndicats et les employeurs, mettant en \u00e9vidence les tensions persistantes autour de l\u2019ad\u00e9quation des salaires.<\/p>\n\n<h2 class=\"wp-block-heading\" id=\"h-minimum-wage-increase-overview-of-the-measure\"><strong>Augmentation du salaire minimum : aper\u00e7u de la mesure&#13;\n<\/strong><\/h2>\n\n<p>Au Luxembourg, le Gouvernement a confirm\u00e9 une augmentation du salaire minimum de 3,8 %, avec une entr\u00e9e en vigueur pr\u00e9vue au 1er janvier 2027. Cette mesure s\u2019inscrit dans un ensemble plus large de politiques visant \u00e0 renforcer le pouvoir d\u2019achat, notamment dans un contexte de hausse persistante du co\u00fbt de la vie. Compte tenu des m\u00e9canismes d\u2019indexation automatique d\u00e9j\u00e0 pr\u00e9vus par la <a href=\"https:\/\/data.legilux.public.lu\/filestore\/eli\/etat\/leg\/code\/travail\/20200201\/fr\/pdf\/eli-etat-leg-code-travail-20200201-fr-pdf.pdf\">l\u00e9gislation luxembourgeoise<\/a>, l\u2019ajustement global devrait se traduire par une augmentation moyenne d\u2019environ 170 euros par mois.<\/p>\n\n<h2 class=\"wp-block-heading\" id=\"h-eu-framework-and-benchmarks-for-minimum-wage-adequacy\"><strong>Cadre europ\u00e9en et crit\u00e8res d\u2019ad\u00e9quation du salaire minimum<\/strong><\/h2>\n\n<p>Cette augmentation doit \u00eatre interpr\u00e9t\u00e9e dans le cadre d\u00e9fini par la <a href=\"https:\/\/eur-lex.europa.eu\/legal-content\/FR\/TXT\/?uri=CELEX:32022L2041\">directive europ\u00e9enne sur les salaires minimums ad\u00e9quats<\/a>, qui impose aux \u00c9tats membres de veiller \u00e0 ce que les salaires minimums l\u00e9gaux garantissent un niveau de vie d\u00e9cent et soient coh\u00e9rents avec les structures salariales nationales. Parmi les valeurs de r\u00e9f\u00e9rence recommand\u00e9es, la directive mentionne des seuils tels que 60 % du salaire m\u00e9dian ou 50 % du salaire moyen, afin d\u2019en \u00e9valuer l\u2019ad\u00e9quation.<\/p>\n\n<h2 class=\"wp-block-heading\" id=\"h-concerns-raised-by-trade-unions\"><strong>Critiques soulev\u00e9es par les organisations syndicales<\/strong><\/h2>\n\n<p>Bien que la mesure ait \u00e9t\u00e9 formellement adopt\u00e9e, elle a suscit\u00e9 de vives critiques de la part des organisations syndicales, qui ont jug\u00e9 l\u2019issue des n\u00e9gociations insatisfaisante. En particulier, des r\u00e9serves ont \u00e9t\u00e9 exprim\u00e9es quant \u00e0 la m\u00e9thode utilis\u00e9e pour d\u00e9terminer le salaire m\u00e9dian, un indicateur cl\u00e9 pour \u00e9valuer l\u2019ad\u00e9quation de l\u2019augmentation. Selon les repr\u00e9sentants des travailleurs, l\u2019exclusion de certaines composantes de la r\u00e9mun\u00e9ration \u2013 telles que les primes et les paiements mensuels suppl\u00e9mentaires \u2013 conduirait \u00e0 une sous-estimation du salaire m\u00e9dian r\u00e9el, r\u00e9duisant ainsi l\u2019ampleur de l\u2019ajustement.<\/p>\n\n<h2 class=\"wp-block-heading\" id=\"h-workers-demands-and-the-issue-of-wage-adequacy\"><strong>Revendications des travailleurs et question de l\u2019ad\u00e9quation salariale&#13;\n<\/strong><\/h2>\n\n<p>Les organisations syndicales ont appel\u00e9 \u00e0 une intervention plus substantielle, pr\u00e9conisant une augmentation d\u2019environ 12 %, jug\u00e9e plus appropri\u00e9e pour garantir des conditions de vie d\u00e9centes, en particulier pour les travailleurs \u00e0 faibles revenus. Cette position refl\u00e8te des pr\u00e9occupations plus larges li\u00e9es au ph\u00e9nom\u00e8ne de la pauvret\u00e9 au travail dans un contexte de co\u00fbt de la vie \u00e9lev\u00e9.<\/p>\n\n<h2 class=\"wp-block-heading\" id=\"h-employers-position-and-deadlock-in-social-dialogue\"><strong>Position des employeurs et blocage du dialogue social&#13;\n<\/strong><\/h2>\n\n<p>Les associations d\u2019employeurs ont, quant \u00e0 elles, exprim\u00e9 des inqui\u00e9tudes quant \u00e0 la soutenabilit\u00e9 \u00e9conomique de la mesure, estimant qu\u2019une augmentation de cette ampleur pourrait avoir un impact n\u00e9gatif sur les co\u00fbts du travail et la comp\u00e9titivit\u00e9 des entreprises. \u00c0 titre d\u2019alternative, elles ont propos\u00e9 des mesures de soutien direct au revenu qui n\u2019entra\u00eeneraient pas une hausse significative des niveaux de salaire. Face \u00e0 ces positions divergentes, le dialogue social semble actuellement dans l\u2019impasse, les positions des parties demeurant \u00e9loign\u00e9es.<\/p>\n\n<h2 class=\"wp-block-heading\" id=\"h-concluding-remarks-and-future-outlook\"><strong>Remarques finales et perspectives d\u2019\u00e9volution<\/strong><\/h2>\n\n<p>La situation au Luxembourg met en \u00e9vidence la complexit\u00e9 de la d\u00e9finition d\u2019un salaire minimum \u00e9quilibr\u00e9, capable de concilier efficacement la protection du pouvoir d\u2019achat des travailleurs et la soutenabilit\u00e9 \u00e9conomique des entreprises. L\u2019\u00e9volution des discussions entre le Gouvernement et les partenaires sociaux sera d\u00e9terminante pour \u00e9tablir si de nouveaux ajustements ou des mesures correctives seront introduits dans un avenir proche.<\/p>\n","protected":false},"excerpt":{"rendered":"<p>L\u2019augmentation du salaire minimum au Luxembourg en 2027 a \u00e9t\u00e9 confirm\u00e9e avec une hausse de 3,8 %, tandis que les syndicats et les employeurs restent divis\u00e9s sur l\u2019ad\u00e9quation des salaires et les futures r\u00e9formes.<\/p>\n","protected":false},"author":76,"featured_media":175749,"template":"","meta":{"_acf_changed":false,"footnotes":""},"categories":[1460,1464],"tags":[7282],"country":[1585],"container":[],"service":[6235],"tag-di-competenza":[5609],"class_list":["post-234462","news","type-news","status-publish","has-post-thumbnail","hentry","category-labour-law","category-remuneration","tag-news","country-luxembourg-fr","service-posting-of-workers-to-eu","tag-di-competenza-team-posting-fr"],"acf":[],"yoast_head":"<!-- This site is optimized with the Yoast SEO Premium plugin v27.4 (Yoast SEO v27.4) - https:\/\/yoast.com\/product\/yoast-seo-premium-wordpress\/ -->\n<title>Luxembourg : augmentation du salaire minimum et tensions persistantes - Arletti Partners<\/title>\n<meta name=\"description\" content=\"Le Luxembourg confirme une augmentation du salaire minimum de 3,8 % \u00e0 partir de 2027, tandis que les syndicats et les employeurs restent divis\u00e9s sur l\u2019ad\u00e9quation des salaires et les r\u00e9formes.\" \/>\n<meta name=\"robots\" content=\"index, follow, max-snippet:-1, max-image-preview:large, max-video-preview:-1\" \/>\n<link rel=\"canonical\" href=\"https:\/\/arlettipartners.com\/fr\/luxembourg-augmentation-salaire-minimum-et-tensions-persistantes\/\" \/>\n<meta property=\"og:locale\" content=\"fr_FR\" \/>\n<meta property=\"og:type\" content=\"article\" \/>\n<meta property=\"og:title\" content=\"Luxembourg : augmentation du salaire minimum et tensions persistantes\" \/>\n<meta property=\"og:description\" content=\"Le Luxembourg confirme une augmentation du salaire minimum de 3,8 % \u00e0 partir de 2027, tandis que les syndicats et les employeurs restent divis\u00e9s sur l\u2019ad\u00e9quation des salaires et les r\u00e9formes.\" \/>\n<meta property=\"og:url\" content=\"https:\/\/arlettipartners.com\/fr\/luxembourg-augmentation-salaire-minimum-et-tensions-persistantes\/\" \/>\n<meta property=\"og:site_name\" content=\"Arletti Partners\" \/>\n<meta property=\"article:publisher\" content=\"https:\/\/www.facebook.com\/ArlettiPartners\" \/>\n<meta property=\"article:modified_time\" content=\"2026-04-28T12:59:12+00:00\" \/>\n<meta property=\"og:image\" content=\"https:\/\/arlettipartners.com\/wp-content\/uploads\/2024\/05\/Increase-in-inspections-and-sanctions-in-Luxembourg.png\" \/>\n\t<meta property=\"og:image:width\" content=\"1300\" \/>\n\t<meta property=\"og:image:height\" content=\"700\" \/>\n\t<meta property=\"og:image:type\" content=\"image\/png\" \/>\n<meta name=\"twitter:card\" content=\"summary_large_image\" \/>\n<meta name=\"twitter:label1\" content=\"Dur\u00e9e de lecture estim\u00e9e\" \/>\n\t<meta name=\"twitter:data1\" content=\"3 minutes\" \/>\n<script type=\"application\/ld+json\" class=\"yoast-schema-graph\">{\"@context\":\"https:\\\/\\\/schema.org\",\"@graph\":[{\"@type\":\"WebPage\",\"@id\":\"https:\\\/\\\/arlettipartners.com\\\/fr\\\/luxembourg-augmentation-salaire-minimum-et-tensions-persistantes\\\/\",\"url\":\"https:\\\/\\\/arlettipartners.com\\\/fr\\\/luxembourg-augmentation-salaire-minimum-et-tensions-persistantes\\\/\",\"name\":\"Luxembourg : augmentation du salaire minimum et tensions persistantes - Arletti Partners\",\"isPartOf\":{\"@id\":\"https:\\\/\\\/arlettipartners.com\\\/fr\\\/#website\"},\"primaryImageOfPage\":{\"@id\":\"https:\\\/\\\/arlettipartners.com\\\/fr\\\/luxembourg-augmentation-salaire-minimum-et-tensions-persistantes\\\/#primaryimage\"},\"image\":{\"@id\":\"https:\\\/\\\/arlettipartners.com\\\/fr\\\/luxembourg-augmentation-salaire-minimum-et-tensions-persistantes\\\/#primaryimage\"},\"thumbnailUrl\":\"https:\\\/\\\/arlettipartners.com\\\/wp-content\\\/uploads\\\/2024\\\/05\\\/Increase-in-inspections-and-sanctions-in-Luxembourg.png\",\"datePublished\":\"2026-04-23T10:14:06+00:00\",\"dateModified\":\"2026-04-28T12:59:12+00:00\",\"description\":\"Le Luxembourg confirme une augmentation du salaire minimum de 3,8 % \u00e0 partir de 2027, tandis que les syndicats et les employeurs restent divis\u00e9s sur l\u2019ad\u00e9quation des salaires et les r\u00e9formes.\",\"breadcrumb\":{\"@id\":\"https:\\\/\\\/arlettipartners.com\\\/fr\\\/luxembourg-augmentation-salaire-minimum-et-tensions-persistantes\\\/#breadcrumb\"},\"inLanguage\":\"fr-FR\",\"potentialAction\":[{\"@type\":\"ReadAction\",\"target\":[\"https:\\\/\\\/arlettipartners.com\\\/fr\\\/luxembourg-augmentation-salaire-minimum-et-tensions-persistantes\\\/\"]}]},{\"@type\":\"ImageObject\",\"inLanguage\":\"fr-FR\",\"@id\":\"https:\\\/\\\/arlettipartners.com\\\/fr\\\/luxembourg-augmentation-salaire-minimum-et-tensions-persistantes\\\/#primaryimage\",\"url\":\"https:\\\/\\\/arlettipartners.com\\\/wp-content\\\/uploads\\\/2024\\\/05\\\/Increase-in-inspections-and-sanctions-in-Luxembourg.png\",\"contentUrl\":\"https:\\\/\\\/arlettipartners.com\\\/wp-content\\\/uploads\\\/2024\\\/05\\\/Increase-in-inspections-and-sanctions-in-Luxembourg.png\",\"width\":1300,\"height\":700,\"caption\":\"Luxembourg's\"},{\"@type\":\"BreadcrumbList\",\"@id\":\"https:\\\/\\\/arlettipartners.com\\\/fr\\\/luxembourg-augmentation-salaire-minimum-et-tensions-persistantes\\\/#breadcrumb\",\"itemListElement\":[{\"@type\":\"ListItem\",\"position\":1,\"name\":\"Home\",\"item\":\"https:\\\/\\\/arlettipartners.com\\\/fr\\\/\"},{\"@type\":\"ListItem\",\"position\":2,\"name\":\"News\",\"item\":\"https:\\\/\\\/arlettipartners.com\\\/fr\\\/?post_type=news\"},{\"@type\":\"ListItem\",\"position\":3,\"name\":\"Labour Law\",\"item\":\"https:\\\/\\\/arlettipartners.com\\\/fr\\\/category\\\/labour-law\\\/\"},{\"@type\":\"ListItem\",\"position\":4,\"name\":\"Posting of Workers for Provisions of Services\",\"item\":\"https:\\\/\\\/arlettipartners.com\\\/fr\\\/category\\\/labour-law\\\/posting-of-workers-for-provisions-of-services\\\/\"},{\"@type\":\"ListItem\",\"position\":5,\"name\":\"Remuneration\",\"item\":\"https:\\\/\\\/arlettipartners.com\\\/fr\\\/category\\\/labour-law\\\/posting-of-workers-for-provisions-of-services\\\/remuneration\\\/\"},{\"@type\":\"ListItem\",\"position\":6,\"name\":\"Luxembourg : augmentation du salaire minimum et tensions persistantes\"}]},{\"@type\":\"WebSite\",\"@id\":\"https:\\\/\\\/arlettipartners.com\\\/fr\\\/#website\",\"url\":\"https:\\\/\\\/arlettipartners.com\\\/fr\\\/\",\"name\":\"Arletti Partners\",\"description\":\"Tax Advisors and Global Mobility Specialists\",\"publisher\":{\"@id\":\"https:\\\/\\\/arlettipartners.com\\\/fr\\\/#organization\"},\"potentialAction\":[{\"@type\":\"SearchAction\",\"target\":{\"@type\":\"EntryPoint\",\"urlTemplate\":\"https:\\\/\\\/arlettipartners.com\\\/fr\\\/?s={search_term_string}\"},\"query-input\":{\"@type\":\"PropertyValueSpecification\",\"valueRequired\":true,\"valueName\":\"search_term_string\"}}],\"inLanguage\":\"fr-FR\"},{\"@type\":\"Organization\",\"@id\":\"https:\\\/\\\/arlettipartners.com\\\/fr\\\/#organization\",\"name\":\"Arletti & Partners\",\"url\":\"https:\\\/\\\/arlettipartners.com\\\/fr\\\/\",\"logo\":{\"@type\":\"ImageObject\",\"inLanguage\":\"fr-FR\",\"@id\":\"https:\\\/\\\/arlettipartners.com\\\/fr\\\/#\\\/schema\\\/logo\\\/image\\\/\",\"url\":\"https:\\\/\\\/arlettipartners.com\\\/wp-content\\\/uploads\\\/2022\\\/03\\\/logo.png.nuovo_.nero_.png\",\"contentUrl\":\"https:\\\/\\\/arlettipartners.com\\\/wp-content\\\/uploads\\\/2022\\\/03\\\/logo.png.nuovo_.nero_.png\",\"width\":150,\"height\":32,\"caption\":\"Arletti & Partners\"},\"image\":{\"@id\":\"https:\\\/\\\/arlettipartners.com\\\/fr\\\/#\\\/schema\\\/logo\\\/image\\\/\"},\"sameAs\":[\"https:\\\/\\\/www.facebook.com\\\/ArlettiPartners\",\"https:\\\/\\\/www.linkedin.com\\\/company\\\/aampp---arletti-amp-partners\\\/\"]}]}<\/script>\n<!-- \/ Yoast SEO Premium plugin. -->","yoast_head_json":{"title":"Luxembourg : augmentation du salaire minimum et tensions persistantes - Arletti Partners","description":"Le Luxembourg confirme une augmentation du salaire minimum de 3,8 % \u00e0 partir de 2027, tandis que les syndicats et les employeurs restent divis\u00e9s sur l\u2019ad\u00e9quation des salaires et les r\u00e9formes.","robots":{"index":"index","follow":"follow","max-snippet":"max-snippet:-1","max-image-preview":"max-image-preview:large","max-video-preview":"max-video-preview:-1"},"canonical":"https:\/\/arlettipartners.com\/fr\/luxembourg-augmentation-salaire-minimum-et-tensions-persistantes\/","og_locale":"fr_FR","og_type":"article","og_title":"Luxembourg : augmentation du salaire minimum et tensions persistantes","og_description":"Le Luxembourg confirme une augmentation du salaire minimum de 3,8 % \u00e0 partir de 2027, tandis que les syndicats et les employeurs restent divis\u00e9s sur l\u2019ad\u00e9quation des salaires et les r\u00e9formes.","og_url":"https:\/\/arlettipartners.com\/fr\/luxembourg-augmentation-salaire-minimum-et-tensions-persistantes\/","og_site_name":"Arletti Partners","article_publisher":"https:\/\/www.facebook.com\/ArlettiPartners","article_modified_time":"2026-04-28T12:59:12+00:00","og_image":[{"width":1300,"height":700,"url":"https:\/\/arlettipartners.com\/wp-content\/uploads\/2024\/05\/Increase-in-inspections-and-sanctions-in-Luxembourg.png","type":"image\/png"}],"twitter_card":"summary_large_image","twitter_misc":{"Dur\u00e9e de lecture estim\u00e9e":"3 minutes"},"schema":{"@context":"https:\/\/schema.org","@graph":[{"@type":"WebPage","@id":"https:\/\/arlettipartners.com\/fr\/luxembourg-augmentation-salaire-minimum-et-tensions-persistantes\/","url":"https:\/\/arlettipartners.com\/fr\/luxembourg-augmentation-salaire-minimum-et-tensions-persistantes\/","name":"Luxembourg : augmentation du salaire minimum et tensions persistantes - Arletti Partners","isPartOf":{"@id":"https:\/\/arlettipartners.com\/fr\/#website"},"primaryImageOfPage":{"@id":"https:\/\/arlettipartners.com\/fr\/luxembourg-augmentation-salaire-minimum-et-tensions-persistantes\/#primaryimage"},"image":{"@id":"https:\/\/arlettipartners.com\/fr\/luxembourg-augmentation-salaire-minimum-et-tensions-persistantes\/#primaryimage"},"thumbnailUrl":"https:\/\/arlettipartners.com\/wp-content\/uploads\/2024\/05\/Increase-in-inspections-and-sanctions-in-Luxembourg.png","datePublished":"2026-04-23T10:14:06+00:00","dateModified":"2026-04-28T12:59:12+00:00","description":"Le Luxembourg confirme une augmentation du salaire minimum de 3,8 % \u00e0 partir de 2027, tandis que les syndicats et les employeurs restent divis\u00e9s sur l\u2019ad\u00e9quation des salaires et les r\u00e9formes.","breadcrumb":{"@id":"https:\/\/arlettipartners.com\/fr\/luxembourg-augmentation-salaire-minimum-et-tensions-persistantes\/#breadcrumb"},"inLanguage":"fr-FR","potentialAction":[{"@type":"ReadAction","target":["https:\/\/arlettipartners.com\/fr\/luxembourg-augmentation-salaire-minimum-et-tensions-persistantes\/"]}]},{"@type":"ImageObject","inLanguage":"fr-FR","@id":"https:\/\/arlettipartners.com\/fr\/luxembourg-augmentation-salaire-minimum-et-tensions-persistantes\/#primaryimage","url":"https:\/\/arlettipartners.com\/wp-content\/uploads\/2024\/05\/Increase-in-inspections-and-sanctions-in-Luxembourg.png","contentUrl":"https:\/\/arlettipartners.com\/wp-content\/uploads\/2024\/05\/Increase-in-inspections-and-sanctions-in-Luxembourg.png","width":1300,"height":700,"caption":"Luxembourg's"},{"@type":"BreadcrumbList","@id":"https:\/\/arlettipartners.com\/fr\/luxembourg-augmentation-salaire-minimum-et-tensions-persistantes\/#breadcrumb","itemListElement":[{"@type":"ListItem","position":1,"name":"Home","item":"https:\/\/arlettipartners.com\/fr\/"},{"@type":"ListItem","position":2,"name":"News","item":"https:\/\/arlettipartners.com\/fr\/?post_type=news"},{"@type":"ListItem","position":3,"name":"Labour Law","item":"https:\/\/arlettipartners.com\/fr\/category\/labour-law\/"},{"@type":"ListItem","position":4,"name":"Posting of Workers for Provisions of Services","item":"https:\/\/arlettipartners.com\/fr\/category\/labour-law\/posting-of-workers-for-provisions-of-services\/"},{"@type":"ListItem","position":5,"name":"Remuneration","item":"https:\/\/arlettipartners.com\/fr\/category\/labour-law\/posting-of-workers-for-provisions-of-services\/remuneration\/"},{"@type":"ListItem","position":6,"name":"Luxembourg : augmentation du salaire minimum et tensions persistantes"}]},{"@type":"WebSite","@id":"https:\/\/arlettipartners.com\/fr\/#website","url":"https:\/\/arlettipartners.com\/fr\/","name":"Arletti Partners","description":"Tax Advisors and Global Mobility Specialists","publisher":{"@id":"https:\/\/arlettipartners.com\/fr\/#organization"},"potentialAction":[{"@type":"SearchAction","target":{"@type":"EntryPoint","urlTemplate":"https:\/\/arlettipartners.com\/fr\/?s={search_term_string}"},"query-input":{"@type":"PropertyValueSpecification","valueRequired":true,"valueName":"search_term_string"}}],"inLanguage":"fr-FR"},{"@type":"Organization","@id":"https:\/\/arlettipartners.com\/fr\/#organization","name":"Arletti & Partners","url":"https:\/\/arlettipartners.com\/fr\/","logo":{"@type":"ImageObject","inLanguage":"fr-FR","@id":"https:\/\/arlettipartners.com\/fr\/#\/schema\/logo\/image\/","url":"https:\/\/arlettipartners.com\/wp-content\/uploads\/2022\/03\/logo.png.nuovo_.nero_.png","contentUrl":"https:\/\/arlettipartners.com\/wp-content\/uploads\/2022\/03\/logo.png.nuovo_.nero_.png","width":150,"height":32,"caption":"Arletti & Partners"},"image":{"@id":"https:\/\/arlettipartners.com\/fr\/#\/schema\/logo\/image\/"},"sameAs":["https:\/\/www.facebook.com\/ArlettiPartners","https:\/\/www.linkedin.com\/company\/aampp---arletti-amp-partners\/"]}]}},"_links":{"self":[{"href":"https:\/\/arlettipartners.com\/fr\/wp-json\/wp\/v2\/news\/234462","targetHints":{"allow":["GET"]}}],"collection":[{"href":"https:\/\/arlettipartners.com\/fr\/wp-json\/wp\/v2\/news"}],"about":[{"href":"https:\/\/arlettipartners.com\/fr\/wp-json\/wp\/v2\/types\/news"}],"author":[{"embeddable":true,"href":"https:\/\/arlettipartners.com\/fr\/wp-json\/wp\/v2\/users\/76"}],"version-history":[{"count":5,"href":"https:\/\/arlettipartners.com\/fr\/wp-json\/wp\/v2\/news\/234462\/revisions"}],"predecessor-version":[{"id":234494,"href":"https:\/\/arlettipartners.com\/fr\/wp-json\/wp\/v2\/news\/234462\/revisions\/234494"}],"wp:featuredmedia":[{"embeddable":true,"href":"https:\/\/arlettipartners.com\/fr\/wp-json\/wp\/v2\/media\/175749"}],"wp:attachment":[{"href":"https:\/\/arlettipartners.com\/fr\/wp-json\/wp\/v2\/media?parent=234462"}],"wp:term":[{"taxonomy":"category","embeddable":true,"href":"https:\/\/arlettipartners.com\/fr\/wp-json\/wp\/v2\/categories?post=234462"},{"taxonomy":"post_tag","embeddable":true,"href":"https:\/\/arlettipartners.com\/fr\/wp-json\/wp\/v2\/tags?post=234462"},{"taxonomy":"country","embeddable":true,"href":"https:\/\/arlettipartners.com\/fr\/wp-json\/wp\/v2\/country?post=234462"},{"taxonomy":"container","embeddable":true,"href":"https:\/\/arlettipartners.com\/fr\/wp-json\/wp\/v2\/container?post=234462"},{"taxonomy":"service","embeddable":true,"href":"https:\/\/arlettipartners.com\/fr\/wp-json\/wp\/v2\/service?post=234462"},{"taxonomy":"tag-di-competenza","embeddable":true,"href":"https:\/\/arlettipartners.com\/fr\/wp-json\/wp\/v2\/tag-di-competenza?post=234462"}],"curies":[{"name":"wp","href":"https:\/\/api.w.org\/{rel}","templated":true}]}}