{"id":230767,"date":"2026-03-04T09:50:52","date_gmt":"2026-03-04T08:50:52","guid":{"rendered":"https:\/\/arlettipartners.com\/?news=augmentation-du-salaire-minimum-en-slovenie-en-2026"},"modified":"2026-03-05T11:39:34","modified_gmt":"2026-03-05T10:39:34","slug":"augmentation-du-salaire-minimum-en-slovenie-en-2026","status":"publish","type":"news","link":"https:\/\/arlettipartners.com\/fr\/augmentation-du-salaire-minimum-en-slovenie-en-2026\/","title":{"rendered":"Augmentation du salaire minimum en Slov\u00e9nie en 2026"},"content":{"rendered":"\n<p>Le ministre slov\u00e8ne du Travail, Luka Mesec, a annonc\u00e9 une <strong>augmentation de 16% du salaire minimum national<\/strong>, qui atteindra 1482\u20ac brut en 2026.<\/p>\n\n<p>Le salaire net variera en fonction des situations individuelles, comme le nombre de personnes \u00e0 charge et les d\u00e9ductions fiscales, mais s\u2019\u00e9l\u00e8vera \u00e0 <strong>environ 1000\u20ac<\/strong> net pour une personne c\u00e9libataire sans enfants.<\/p>\n\n<h2 class=\"wp-block-heading\" id=\"h-socioeconomic-context\">Contexte socio\u00e9conomique<\/h2>\n\n<p>Le nouveau salaire minimum national est bas\u00e9 sur des calculs p\u00e9riodiques du <strong>co\u00fbt minimum de la vie<\/strong> en Slov\u00e9nie, qui a augment\u00e9 de 18% au cours des trois derni\u00e8res ann\u00e9es, atteignant 791\u20ac.<\/p>\n\n<p>Comme, selon la loi sur le salaire minimum (<a href=\"https:\/\/pisrs.si\/api\/datoteke\/integracije\/355870048\">Zakon o minimalni pla\u010di<\/a>), le montant doit se situer entre 120% et 140% du co\u00fbt minimum de la vie, le salaire minimum a \u00e9t\u00e9 fix\u00e9 \u00e0 environ 1000\u20ac net.<\/p>\n\n<p>Comme l\u2019a soulign\u00e9 le ministre Mesec, la vie en Slov\u00e9nie devenait de plus en plus \u00e9conomiquement inaccessible, pla\u00e7ant de nombreux m\u00e9nages, y compris ceux des travailleurs \u00e0 faible revenu, dans une situation difficile.<\/p>\n\n<h2 class=\"wp-block-heading\" id=\"h-criticism-and-economic-debate\">Critiques et d\u00e9bat \u00e9conomique<\/h2>\n\n<p>La d\u00e9cision d\u2019augmenter le salaire minimum national intervient apr\u00e8s un mois de <strong>d\u00e9bats houleux entre les dirigeants d\u2019entreprise et les syndicalistes<\/strong>.<\/p>\n\n<p>Alors que les syndicats ont salu\u00e9 le chiffre annonc\u00e9 par le gouvernement slov\u00e8ne, les repr\u00e9sentants du monde des affaires l\u2019ont qualifi\u00e9 de pr\u00e9judiciable pour l\u2019\u00e9conomie, avertissant de cons\u00e9quences potentielles telles que des pertes d\u2019emplois, une baisse de comp\u00e9titivit\u00e9 et une hausse de l\u2019inflation.<\/p>\n\n<h2 class=\"wp-block-heading\" id=\"h-allowances-and-bonuses\">Allocations et primes<\/h2>\n\n<p>Le ministre slov\u00e8ne a \u00e9galement annonc\u00e9 une augmentation de l\u2019<strong>allocation de vacances<\/strong> et de la <strong>prime de No\u00ebl<\/strong>, toutes deux calcul\u00e9es en pourcentage du salaire minimum: les employ\u00e9s recevront une allocation de vacances de 1482\u20ac et une prime de No\u00ebl de 741\u20ac.<\/p>\n\n<p><\/p>\n","protected":false},"excerpt":{"rendered":"<p>La Slov\u00e9nie augmentera son salaire minimum de 16% en 2026 pour atteindre 1482 \u20ac brut (1000 \u20ac net), avec des primes de vacances et de No\u00ebl plus \u00e9lev\u00e9es, dans un contexte de d\u00e9bats sur l\u2019impact \u00e9conomique.<\/p>\n","protected":false},"author":112,"featured_media":151602,"template":"","meta":{"_acf_changed":false,"footnotes":""},"categories":[1464],"tags":[],"country":[1606],"container":[],"service":[6235],"tag-di-competenza":[5609],"class_list":["post-230767","news","type-news","status-publish","has-post-thumbnail","hentry","category-remuneration","country-slovenie","service-posting-of-workers-to-eu","tag-di-competenza-team-posting-fr"],"acf":[],"yoast_head":"<!-- This site is optimized with the Yoast SEO Premium plugin v27.4 (Yoast SEO v27.4) - https:\/\/yoast.com\/product\/yoast-seo-premium-wordpress\/ -->\n<title>Augmentation du salaire minimum en Slov\u00e9nie en 2026 - Arletti Partners<\/title>\n<meta name=\"description\" content=\"La Slov\u00e9nie augmentera son salaire minimum national de 16% en 2026 pour atteindre 1482 \u20ac brut (1000 \u20ac net pour les travailleurs c\u00e9libataires), avec \u00e9galement des primes de vacances et de No\u00ebl plus \u00e9lev\u00e9es, dans un contexte de d\u00e9bats sur l\u2019impact \u00e9conomique et la soutenabilit\u00e9 financi\u00e8re.\" \/>\n<meta name=\"robots\" content=\"index, follow, max-snippet:-1, max-image-preview:large, max-video-preview:-1\" \/>\n<link rel=\"canonical\" href=\"https:\/\/arlettipartners.com\/fr\/augmentation-du-salaire-minimum-en-slovenie-en-2026\/\" \/>\n<meta property=\"og:locale\" content=\"fr_FR\" \/>\n<meta property=\"og:type\" content=\"article\" \/>\n<meta property=\"og:title\" content=\"Augmentation du salaire minimum en Slov\u00e9nie en 2026\" \/>\n<meta property=\"og:description\" content=\"La Slov\u00e9nie augmentera son salaire minimum national de 16% en 2026 pour atteindre 1482 \u20ac brut (1000 \u20ac net pour les travailleurs c\u00e9libataires), avec \u00e9galement des primes de vacances et de No\u00ebl plus \u00e9lev\u00e9es, dans un contexte de d\u00e9bats sur l\u2019impact \u00e9conomique et la soutenabilit\u00e9 financi\u00e8re.\" \/>\n<meta property=\"og:url\" content=\"https:\/\/arlettipartners.com\/fr\/augmentation-du-salaire-minimum-en-slovenie-en-2026\/\" \/>\n<meta property=\"og:site_name\" content=\"Arletti Partners\" \/>\n<meta property=\"article:publisher\" content=\"https:\/\/www.facebook.com\/ArlettiPartners\" \/>\n<meta property=\"article:modified_time\" content=\"2026-03-05T10:39:34+00:00\" \/>\n<meta property=\"og:image\" content=\"https:\/\/arlettipartners.com\/wp-content\/uploads\/2022\/08\/posting.workers.slovenia.png\" \/>\n\t<meta property=\"og:image:width\" content=\"1400\" \/>\n\t<meta property=\"og:image:height\" content=\"750\" \/>\n\t<meta property=\"og:image:type\" content=\"image\/png\" \/>\n<meta name=\"twitter:card\" content=\"summary_large_image\" \/>\n<meta name=\"twitter:label1\" content=\"Dur\u00e9e de lecture estim\u00e9e\" \/>\n\t<meta name=\"twitter:data1\" content=\"1 minute\" \/>\n<script type=\"application\/ld+json\" class=\"yoast-schema-graph\">{\"@context\":\"https:\\\/\\\/schema.org\",\"@graph\":[{\"@type\":\"WebPage\",\"@id\":\"https:\\\/\\\/arlettipartners.com\\\/fr\\\/augmentation-du-salaire-minimum-en-slovenie-en-2026\\\/\",\"url\":\"https:\\\/\\\/arlettipartners.com\\\/fr\\\/augmentation-du-salaire-minimum-en-slovenie-en-2026\\\/\",\"name\":\"Augmentation du salaire minimum en Slov\u00e9nie en 2026 - Arletti Partners\",\"isPartOf\":{\"@id\":\"https:\\\/\\\/arlettipartners.com\\\/fr\\\/#website\"},\"primaryImageOfPage\":{\"@id\":\"https:\\\/\\\/arlettipartners.com\\\/fr\\\/augmentation-du-salaire-minimum-en-slovenie-en-2026\\\/#primaryimage\"},\"image\":{\"@id\":\"https:\\\/\\\/arlettipartners.com\\\/fr\\\/augmentation-du-salaire-minimum-en-slovenie-en-2026\\\/#primaryimage\"},\"thumbnailUrl\":\"https:\\\/\\\/arlettipartners.com\\\/wp-content\\\/uploads\\\/2022\\\/08\\\/posting.workers.slovenia.png\",\"datePublished\":\"2026-03-04T08:50:52+00:00\",\"dateModified\":\"2026-03-05T10:39:34+00:00\",\"description\":\"La Slov\u00e9nie augmentera son salaire minimum national de 16% en 2026 pour atteindre 1482 \u20ac brut (1000 \u20ac net pour les travailleurs c\u00e9libataires), avec \u00e9galement des primes de vacances et de No\u00ebl plus \u00e9lev\u00e9es, dans un contexte de d\u00e9bats sur l\u2019impact \u00e9conomique et la soutenabilit\u00e9 financi\u00e8re.\",\"breadcrumb\":{\"@id\":\"https:\\\/\\\/arlettipartners.com\\\/fr\\\/augmentation-du-salaire-minimum-en-slovenie-en-2026\\\/#breadcrumb\"},\"inLanguage\":\"fr-FR\",\"potentialAction\":[{\"@type\":\"ReadAction\",\"target\":[\"https:\\\/\\\/arlettipartners.com\\\/fr\\\/augmentation-du-salaire-minimum-en-slovenie-en-2026\\\/\"]}]},{\"@type\":\"ImageObject\",\"inLanguage\":\"fr-FR\",\"@id\":\"https:\\\/\\\/arlettipartners.com\\\/fr\\\/augmentation-du-salaire-minimum-en-slovenie-en-2026\\\/#primaryimage\",\"url\":\"https:\\\/\\\/arlettipartners.com\\\/wp-content\\\/uploads\\\/2022\\\/08\\\/posting.workers.slovenia.png\",\"contentUrl\":\"https:\\\/\\\/arlettipartners.com\\\/wp-content\\\/uploads\\\/2022\\\/08\\\/posting.workers.slovenia.png\",\"width\":1400,\"height\":750},{\"@type\":\"BreadcrumbList\",\"@id\":\"https:\\\/\\\/arlettipartners.com\\\/fr\\\/augmentation-du-salaire-minimum-en-slovenie-en-2026\\\/#breadcrumb\",\"itemListElement\":[{\"@type\":\"ListItem\",\"position\":1,\"name\":\"Home\",\"item\":\"https:\\\/\\\/arlettipartners.com\\\/fr\\\/\"},{\"@type\":\"ListItem\",\"position\":2,\"name\":\"News\",\"item\":\"https:\\\/\\\/arlettipartners.com\\\/fr\\\/?post_type=news\"},{\"@type\":\"ListItem\",\"position\":3,\"name\":\"Augmentation du salaire minimum en Slov\u00e9nie en 2026\"}]},{\"@type\":\"WebSite\",\"@id\":\"https:\\\/\\\/arlettipartners.com\\\/fr\\\/#website\",\"url\":\"https:\\\/\\\/arlettipartners.com\\\/fr\\\/\",\"name\":\"Arletti Partners\",\"description\":\"Tax Advisors and Global Mobility Specialists\",\"publisher\":{\"@id\":\"https:\\\/\\\/arlettipartners.com\\\/fr\\\/#organization\"},\"potentialAction\":[{\"@type\":\"SearchAction\",\"target\":{\"@type\":\"EntryPoint\",\"urlTemplate\":\"https:\\\/\\\/arlettipartners.com\\\/fr\\\/?s={search_term_string}\"},\"query-input\":{\"@type\":\"PropertyValueSpecification\",\"valueRequired\":true,\"valueName\":\"search_term_string\"}}],\"inLanguage\":\"fr-FR\"},{\"@type\":\"Organization\",\"@id\":\"https:\\\/\\\/arlettipartners.com\\\/fr\\\/#organization\",\"name\":\"Arletti & Partners\",\"url\":\"https:\\\/\\\/arlettipartners.com\\\/fr\\\/\",\"logo\":{\"@type\":\"ImageObject\",\"inLanguage\":\"fr-FR\",\"@id\":\"https:\\\/\\\/arlettipartners.com\\\/fr\\\/#\\\/schema\\\/logo\\\/image\\\/\",\"url\":\"https:\\\/\\\/arlettipartners.com\\\/wp-content\\\/uploads\\\/2022\\\/03\\\/logo.png.nuovo_.nero_.png\",\"contentUrl\":\"https:\\\/\\\/arlettipartners.com\\\/wp-content\\\/uploads\\\/2022\\\/03\\\/logo.png.nuovo_.nero_.png\",\"width\":150,\"height\":32,\"caption\":\"Arletti & Partners\"},\"image\":{\"@id\":\"https:\\\/\\\/arlettipartners.com\\\/fr\\\/#\\\/schema\\\/logo\\\/image\\\/\"},\"sameAs\":[\"https:\\\/\\\/www.facebook.com\\\/ArlettiPartners\",\"https:\\\/\\\/www.linkedin.com\\\/company\\\/aampp---arletti-amp-partners\\\/\"]}]}<\/script>\n<!-- \/ Yoast SEO Premium plugin. -->","yoast_head_json":{"title":"Augmentation du salaire minimum en Slov\u00e9nie en 2026 - Arletti Partners","description":"La Slov\u00e9nie augmentera son salaire minimum national de 16% en 2026 pour atteindre 1482 \u20ac brut (1000 \u20ac net pour les travailleurs c\u00e9libataires), avec \u00e9galement des primes de vacances et de No\u00ebl plus \u00e9lev\u00e9es, dans un contexte de d\u00e9bats sur l\u2019impact \u00e9conomique et la soutenabilit\u00e9 financi\u00e8re.","robots":{"index":"index","follow":"follow","max-snippet":"max-snippet:-1","max-image-preview":"max-image-preview:large","max-video-preview":"max-video-preview:-1"},"canonical":"https:\/\/arlettipartners.com\/fr\/augmentation-du-salaire-minimum-en-slovenie-en-2026\/","og_locale":"fr_FR","og_type":"article","og_title":"Augmentation du salaire minimum en Slov\u00e9nie en 2026","og_description":"La Slov\u00e9nie augmentera son salaire minimum national de 16% en 2026 pour atteindre 1482 \u20ac brut (1000 \u20ac net pour les travailleurs c\u00e9libataires), avec \u00e9galement des primes de vacances et de No\u00ebl plus \u00e9lev\u00e9es, dans un contexte de d\u00e9bats sur l\u2019impact \u00e9conomique et la soutenabilit\u00e9 financi\u00e8re.","og_url":"https:\/\/arlettipartners.com\/fr\/augmentation-du-salaire-minimum-en-slovenie-en-2026\/","og_site_name":"Arletti Partners","article_publisher":"https:\/\/www.facebook.com\/ArlettiPartners","article_modified_time":"2026-03-05T10:39:34+00:00","og_image":[{"width":1400,"height":750,"url":"https:\/\/arlettipartners.com\/wp-content\/uploads\/2022\/08\/posting.workers.slovenia.png","type":"image\/png"}],"twitter_card":"summary_large_image","twitter_misc":{"Dur\u00e9e de lecture estim\u00e9e":"1 minute"},"schema":{"@context":"https:\/\/schema.org","@graph":[{"@type":"WebPage","@id":"https:\/\/arlettipartners.com\/fr\/augmentation-du-salaire-minimum-en-slovenie-en-2026\/","url":"https:\/\/arlettipartners.com\/fr\/augmentation-du-salaire-minimum-en-slovenie-en-2026\/","name":"Augmentation du salaire minimum en Slov\u00e9nie en 2026 - Arletti Partners","isPartOf":{"@id":"https:\/\/arlettipartners.com\/fr\/#website"},"primaryImageOfPage":{"@id":"https:\/\/arlettipartners.com\/fr\/augmentation-du-salaire-minimum-en-slovenie-en-2026\/#primaryimage"},"image":{"@id":"https:\/\/arlettipartners.com\/fr\/augmentation-du-salaire-minimum-en-slovenie-en-2026\/#primaryimage"},"thumbnailUrl":"https:\/\/arlettipartners.com\/wp-content\/uploads\/2022\/08\/posting.workers.slovenia.png","datePublished":"2026-03-04T08:50:52+00:00","dateModified":"2026-03-05T10:39:34+00:00","description":"La Slov\u00e9nie augmentera son salaire minimum national de 16% en 2026 pour atteindre 1482 \u20ac brut (1000 \u20ac net pour les travailleurs c\u00e9libataires), avec \u00e9galement des primes de vacances et de No\u00ebl plus \u00e9lev\u00e9es, dans un contexte de d\u00e9bats sur l\u2019impact \u00e9conomique et la soutenabilit\u00e9 financi\u00e8re.","breadcrumb":{"@id":"https:\/\/arlettipartners.com\/fr\/augmentation-du-salaire-minimum-en-slovenie-en-2026\/#breadcrumb"},"inLanguage":"fr-FR","potentialAction":[{"@type":"ReadAction","target":["https:\/\/arlettipartners.com\/fr\/augmentation-du-salaire-minimum-en-slovenie-en-2026\/"]}]},{"@type":"ImageObject","inLanguage":"fr-FR","@id":"https:\/\/arlettipartners.com\/fr\/augmentation-du-salaire-minimum-en-slovenie-en-2026\/#primaryimage","url":"https:\/\/arlettipartners.com\/wp-content\/uploads\/2022\/08\/posting.workers.slovenia.png","contentUrl":"https:\/\/arlettipartners.com\/wp-content\/uploads\/2022\/08\/posting.workers.slovenia.png","width":1400,"height":750},{"@type":"BreadcrumbList","@id":"https:\/\/arlettipartners.com\/fr\/augmentation-du-salaire-minimum-en-slovenie-en-2026\/#breadcrumb","itemListElement":[{"@type":"ListItem","position":1,"name":"Home","item":"https:\/\/arlettipartners.com\/fr\/"},{"@type":"ListItem","position":2,"name":"News","item":"https:\/\/arlettipartners.com\/fr\/?post_type=news"},{"@type":"ListItem","position":3,"name":"Augmentation du salaire minimum en Slov\u00e9nie en 2026"}]},{"@type":"WebSite","@id":"https:\/\/arlettipartners.com\/fr\/#website","url":"https:\/\/arlettipartners.com\/fr\/","name":"Arletti Partners","description":"Tax Advisors and Global Mobility Specialists","publisher":{"@id":"https:\/\/arlettipartners.com\/fr\/#organization"},"potentialAction":[{"@type":"SearchAction","target":{"@type":"EntryPoint","urlTemplate":"https:\/\/arlettipartners.com\/fr\/?s={search_term_string}"},"query-input":{"@type":"PropertyValueSpecification","valueRequired":true,"valueName":"search_term_string"}}],"inLanguage":"fr-FR"},{"@type":"Organization","@id":"https:\/\/arlettipartners.com\/fr\/#organization","name":"Arletti & Partners","url":"https:\/\/arlettipartners.com\/fr\/","logo":{"@type":"ImageObject","inLanguage":"fr-FR","@id":"https:\/\/arlettipartners.com\/fr\/#\/schema\/logo\/image\/","url":"https:\/\/arlettipartners.com\/wp-content\/uploads\/2022\/03\/logo.png.nuovo_.nero_.png","contentUrl":"https:\/\/arlettipartners.com\/wp-content\/uploads\/2022\/03\/logo.png.nuovo_.nero_.png","width":150,"height":32,"caption":"Arletti & Partners"},"image":{"@id":"https:\/\/arlettipartners.com\/fr\/#\/schema\/logo\/image\/"},"sameAs":["https:\/\/www.facebook.com\/ArlettiPartners","https:\/\/www.linkedin.com\/company\/aampp---arletti-amp-partners\/"]}]}},"_links":{"self":[{"href":"https:\/\/arlettipartners.com\/fr\/wp-json\/wp\/v2\/news\/230767","targetHints":{"allow":["GET"]}}],"collection":[{"href":"https:\/\/arlettipartners.com\/fr\/wp-json\/wp\/v2\/news"}],"about":[{"href":"https:\/\/arlettipartners.com\/fr\/wp-json\/wp\/v2\/types\/news"}],"author":[{"embeddable":true,"href":"https:\/\/arlettipartners.com\/fr\/wp-json\/wp\/v2\/users\/112"}],"version-history":[{"count":1,"href":"https:\/\/arlettipartners.com\/fr\/wp-json\/wp\/v2\/news\/230767\/revisions"}],"predecessor-version":[{"id":230768,"href":"https:\/\/arlettipartners.com\/fr\/wp-json\/wp\/v2\/news\/230767\/revisions\/230768"}],"wp:featuredmedia":[{"embeddable":true,"href":"https:\/\/arlettipartners.com\/fr\/wp-json\/wp\/v2\/media\/151602"}],"wp:attachment":[{"href":"https:\/\/arlettipartners.com\/fr\/wp-json\/wp\/v2\/media?parent=230767"}],"wp:term":[{"taxonomy":"category","embeddable":true,"href":"https:\/\/arlettipartners.com\/fr\/wp-json\/wp\/v2\/categories?post=230767"},{"taxonomy":"post_tag","embeddable":true,"href":"https:\/\/arlettipartners.com\/fr\/wp-json\/wp\/v2\/tags?post=230767"},{"taxonomy":"country","embeddable":true,"href":"https:\/\/arlettipartners.com\/fr\/wp-json\/wp\/v2\/country?post=230767"},{"taxonomy":"container","embeddable":true,"href":"https:\/\/arlettipartners.com\/fr\/wp-json\/wp\/v2\/container?post=230767"},{"taxonomy":"service","embeddable":true,"href":"https:\/\/arlettipartners.com\/fr\/wp-json\/wp\/v2\/service?post=230767"},{"taxonomy":"tag-di-competenza","embeddable":true,"href":"https:\/\/arlettipartners.com\/fr\/wp-json\/wp\/v2\/tag-di-competenza?post=230767"}],"curies":[{"name":"wp","href":"https:\/\/api.w.org\/{rel}","templated":true}]}}