{"id":225298,"date":"2025-12-22T15:16:07","date_gmt":"2025-12-22T14:16:07","guid":{"rendered":"https:\/\/arlettipartners.com\/?news=nouvelle-augmentation-du-salaire-minimum-horaire-aux-pays-bas-a-partir-du-1er-janvier-2026"},"modified":"2025-12-29T15:43:56","modified_gmt":"2025-12-29T14:43:56","slug":"nouvelle-augmentation-du-salaire-minimum-horaire-aux-pays-bas-a-partir-du-1er-janvier-2026","status":"publish","type":"news","link":"https:\/\/arlettipartners.com\/fr\/nouvelle-augmentation-du-salaire-minimum-horaire-aux-pays-bas-a-partir-du-1er-janvier-2026\/","title":{"rendered":"Nouvelle augmentation du salaire minimum horaire n\u00e9erlandais \u00e0 partir du 1er janvier 2026"},"content":{"rendered":"\n<p>\u00c0 partir du 1er janvier 2026, le salaire minimum aux Pays-Bas sera augment\u00e9. Le nouveau taux horaire passera \u00e0 14,71 \u20ac pour les travailleurs \u00e2g\u00e9s de 21 ans et plus.<\/p>\n\n<h2 class=\"wp-block-heading\" id=\"h-dutch-minimum-hourly-wage\"><div class=\"text-base my-auto mx-auto pb-10 [--thread-content-margin:--spacing(4)] @w-sm\/main:[--thread-content-margin:--spacing(6)] @w-lg\/main:[--thread-content-margin:--spacing(16)] px-(--thread-content-margin)\">&#13;\n<div class=\"[--thread-content-max-width:40rem] @w-lg\/main:[--thread-content-max-width:48rem] mx-auto max-w-(--thread-content-max-width) flex-1 group\/turn-messages focus-visible:outline-hidden relative flex w-full min-w-0 flex-col agent-turn\" tabindex=\"-1\">&#13;\n<div class=\"flex max-w-full flex-col grow\">&#13;\n<div class=\"min-h-8 text-message relative flex w-full flex-col items-end gap-2 text-start break-words whitespace-normal [.text-message+&amp;]:mt-1\" dir=\"auto\" data-message-author-role=\"assistant\" data-message-id=\"bc5a7eea-d3ab-412e-845c-a7ecc82f68d0\" data-message-model-slug=\"gpt-5-mini\">&#13;\n<div class=\"flex w-full flex-col gap-1 empty:hidden first:pt-[1px]\">&#13;\n<div class=\"markdown prose dark:prose-invert w-full break-words light markdown-new-styling\">&#13;\n<p data-start=\"0\" data-end=\"35\" data-is-last-node=\"\" data-is-only-node=\"\">Salaire minimum horaire n\u00e9erlandais<\/p>&#13;\n&#13;\n<\/div><br\/><\/div><br\/><\/div><br\/><\/div><br\/><\/div><br\/><\/div><\/h2>\n\n<p>Le salaire minimum horaire a \u00e9t\u00e9 introduit aux Pays-Bas le 1er janvier 2024. Cela a entra\u00een\u00e9 la suppression des salaires minimum fixes mensuels, hebdomadaires et journaliers.<\/p>\n\n<p>Pour d\u00e9terminer le salaire mensuel d\u2019un employ\u00e9, il convient de prendre en compte les \u00e9l\u00e9ments suivants :<\/p>\n\n<ul class=\"wp-block-list\">\n<li>Les heures r\u00e9ellement travaill\u00e9es;<\/li>\n<\/ul>\n\n<ul class=\"wp-block-list\">\n<li>Les heures de cong\u00e9 pay\u00e9;<\/li>\n<\/ul>\n\n<ul class=\"wp-block-list\">\n<li>The\u00a0hours\u00a0of\u00a0sick\u00a0leave.\u00a0<\/li>\n<\/ul>\n\n<p><div class=\"flex flex-col text-sm pb-25\"><article class=\"text-token-text-primary w-full focus:outline-none [--shadow-height:45px] has-data-writing-block:pointer-events-none has-data-writing-block:-mt-(--shadow-height) has-data-writing-block:pt-(--shadow-height) [&amp;:has([data-writing-block])&gt;*]:pointer-events-auto scroll-mt-[calc(var(--header-height)+min(200px,max(70px,20svh)))]\" dir=\"auto\" tabindex=\"-1\" data-turn-id=\"request-WEB:04902fc1-2d97-4004-b72b-5e8b921b3a2e-38\" data-testid=\"conversation-turn-78\" data-scroll-anchor=\"true\" data-turn=\"assistant\">&#13;\n<div class=\"text-base my-auto mx-auto pb-10 [--thread-content-margin:--spacing(4)] @w-sm\/main:[--thread-content-margin:--spacing(6)] @w-lg\/main:[--thread-content-margin:--spacing(16)] px-(--thread-content-margin)\">&#13;\n<div class=\"[--thread-content-max-width:40rem] @w-lg\/main:[--thread-content-max-width:48rem] mx-auto max-w-(--thread-content-max-width) flex-1 group\/turn-messages focus-visible:outline-hidden relative flex w-full min-w-0 flex-col agent-turn\" tabindex=\"-1\">&#13;\n<div class=\"flex max-w-full flex-col grow\">&#13;\n<div class=\"min-h-8 text-message relative flex w-full flex-col items-end gap-2 text-start break-words whitespace-normal [.text-message+&amp;]:mt-1\" dir=\"auto\" data-message-author-role=\"assistant\" data-message-id=\"7b9444e6-93e8-43af-acba-b19b11087b69\" data-message-model-slug=\"gpt-5-mini\">&#13;\n<div class=\"flex w-full flex-col gap-1 empty:hidden first:pt-[1px]\">&#13;\n<div class=\"markdown prose dark:prose-invert w-full break-words light markdown-new-styling\">&#13;\n<p data-start=\"0\" data-end=\"215\" data-is-last-node=\"\" data-is-only-node=\"\">De plus, afin d\u2019assurer une meilleure harmonisation avec les salaires moyens convenus collectivement, le gouvernement n\u00e9erlandais ajuste le salaire minimum horaire deux fois par an, le 1er janvier et le 1er juillet.<\/p>&#13;\n&#13;\n<\/div><br\/><\/div><br\/><\/div><br\/><\/div><br\/><\/div><br\/><\/div><br\/><\/article><\/div><\/p>\n\n<h2 class=\"wp-block-heading\" id=\"h-new-rates\">Nouveaux tarifs<\/h2>\n\n<p>Le minist\u00e8re n\u00e9erlandais des Affaires sociales et de l\u2019Emploi a approuv\u00e9 une nouvelle augmentation d\u2019environ 2,15 % du salaire minimum horaire, \u00e0 compter du 1er janvier 2026.<\/p>\n\n<p>Le salaire minimum passera de 14,40\u20ac \u00e0 14,71\u20ac et s\u2019appliquera \u00e0 tous les travailleurs \u00e2g\u00e9s de 21 ans et plus. Les employ\u00e9s \u00e2g\u00e9s de 15 \u00e0 21 ans continueront de b\u00e9n\u00e9ficier du salaire minimum pour les jeunes, qui augmente progressivement et proportionnellement \u00e0 l\u2019\u00e2ge.<\/p>\n\n<p>Voici les nouveaux taux du salaire minimum horaire aux Pays-Bas, mis \u00e0 jour au 1er janvier 2026 :<\/p>\n\n<figure class=\"wp-block-table\"><table class=\"has-fixed-layout\"><tbody><tr><td>\u00c2ge<\/td><td>Salaire horaire minimum<\/td><\/tr><tr><td>21 ans et plus<\/td><td>14,71\u20ac<\/td><\/tr><tr><td>20<\/td><td>11,77\u20ac<\/td><\/tr><tr><td>19<\/td><td>8,83\u20ac<\/td><\/tr><tr><td>18<\/td><td>7,36\u20ac<\/td><\/tr><tr><td>17<\/td><td>5,81\u20ac<\/td><\/tr><tr><td>16<\/td><td>5,07\u20ac<\/td><\/tr><tr><td>15<\/td><td>4,41\u20ac<\/td><\/tr><\/tbody><\/table><\/figure>\n\n<p><\/p>\n","protected":false},"excerpt":{"rendered":"<p>\u00c0 partir du 1er janvier 2026, le salaire minimum horaire aux Pays-Bas passera \u00e0 14,71 \u20ac pour les travailleurs \u00e2g\u00e9s de 21 ans et plus, apr\u00e8s un ajustement de 2,15 %. Les nouveaux bar\u00e8mes du salaire minimum pour les jeunes s\u2019appliqueront \u00e9galement.<\/p>\n","protected":false},"author":112,"featured_media":151548,"template":"","meta":{"_acf_changed":false,"footnotes":""},"categories":[1464],"tags":[],"country":[1591],"container":[],"service":[6235],"tag-di-competenza":[5609],"class_list":["post-225298","news","type-news","status-publish","has-post-thumbnail","hentry","category-remuneration","country-pays-bas","service-posting-of-workers-to-eu","tag-di-competenza-team-posting-fr"],"acf":[],"yoast_head":"<!-- This site is optimized with the Yoast SEO Premium plugin v27.4 (Yoast SEO v27.4) - https:\/\/yoast.com\/product\/yoast-seo-premium-wordpress\/ -->\n<title>Nouvelle augmentation du salaire minimum horaire n\u00e9erlandais \u00e0 partir du 1er janvier 2026 - Arletti Partners<\/title>\n<meta name=\"robots\" content=\"index, follow, max-snippet:-1, max-image-preview:large, max-video-preview:-1\" \/>\n<link rel=\"canonical\" href=\"https:\/\/arlettipartners.com\/fr\/nouvelle-augmentation-du-salaire-minimum-horaire-aux-pays-bas-a-partir-du-1er-janvier-2026\/\" \/>\n<meta property=\"og:locale\" content=\"fr_FR\" \/>\n<meta property=\"og:type\" content=\"article\" \/>\n<meta property=\"og:title\" content=\"Nouvelle augmentation du salaire minimum horaire n\u00e9erlandais \u00e0 partir du 1er janvier 2026\" \/>\n<meta property=\"og:description\" content=\"\u00c0 partir du 1er janvier 2026, le salaire minimum horaire aux Pays-Bas passera \u00e0 14,71 \u20ac pour les travailleurs \u00e2g\u00e9s de 21 ans et plus, apr\u00e8s un ajustement de 2,15 %. Les nouveaux bar\u00e8mes du salaire minimum pour les jeunes s\u2019appliqueront \u00e9galement.\" \/>\n<meta property=\"og:url\" content=\"https:\/\/arlettipartners.com\/fr\/nouvelle-augmentation-du-salaire-minimum-horaire-aux-pays-bas-a-partir-du-1er-janvier-2026\/\" \/>\n<meta property=\"og:site_name\" content=\"Arletti Partners\" \/>\n<meta property=\"article:publisher\" content=\"https:\/\/www.facebook.com\/ArlettiPartners\" \/>\n<meta property=\"article:modified_time\" content=\"2025-12-29T14:43:56+00:00\" \/>\n<meta property=\"og:image\" content=\"https:\/\/arlettipartners.com\/wp-content\/uploads\/2022\/07\/salary-netherlands.png\" \/>\n\t<meta property=\"og:image:width\" content=\"1600\" \/>\n\t<meta property=\"og:image:height\" content=\"1000\" \/>\n\t<meta property=\"og:image:type\" content=\"image\/png\" \/>\n<meta name=\"twitter:card\" content=\"summary_large_image\" \/>\n<meta name=\"twitter:label1\" content=\"Dur\u00e9e de lecture estim\u00e9e\" \/>\n\t<meta name=\"twitter:data1\" content=\"1 minute\" \/>\n<script type=\"application\/ld+json\" class=\"yoast-schema-graph\">{\"@context\":\"https:\\\/\\\/schema.org\",\"@graph\":[{\"@type\":\"WebPage\",\"@id\":\"https:\\\/\\\/arlettipartners.com\\\/fr\\\/nouvelle-augmentation-du-salaire-minimum-horaire-aux-pays-bas-a-partir-du-1er-janvier-2026\\\/\",\"url\":\"https:\\\/\\\/arlettipartners.com\\\/fr\\\/nouvelle-augmentation-du-salaire-minimum-horaire-aux-pays-bas-a-partir-du-1er-janvier-2026\\\/\",\"name\":\"Nouvelle augmentation du salaire minimum horaire n\u00e9erlandais \u00e0 partir du 1er janvier 2026 - Arletti Partners\",\"isPartOf\":{\"@id\":\"https:\\\/\\\/arlettipartners.com\\\/fr\\\/#website\"},\"primaryImageOfPage\":{\"@id\":\"https:\\\/\\\/arlettipartners.com\\\/fr\\\/nouvelle-augmentation-du-salaire-minimum-horaire-aux-pays-bas-a-partir-du-1er-janvier-2026\\\/#primaryimage\"},\"image\":{\"@id\":\"https:\\\/\\\/arlettipartners.com\\\/fr\\\/nouvelle-augmentation-du-salaire-minimum-horaire-aux-pays-bas-a-partir-du-1er-janvier-2026\\\/#primaryimage\"},\"thumbnailUrl\":\"https:\\\/\\\/arlettipartners.com\\\/wp-content\\\/uploads\\\/2022\\\/07\\\/salary-netherlands.png\",\"datePublished\":\"2025-12-22T14:16:07+00:00\",\"dateModified\":\"2025-12-29T14:43:56+00:00\",\"breadcrumb\":{\"@id\":\"https:\\\/\\\/arlettipartners.com\\\/fr\\\/nouvelle-augmentation-du-salaire-minimum-horaire-aux-pays-bas-a-partir-du-1er-janvier-2026\\\/#breadcrumb\"},\"inLanguage\":\"fr-FR\",\"potentialAction\":[{\"@type\":\"ReadAction\",\"target\":[\"https:\\\/\\\/arlettipartners.com\\\/fr\\\/nouvelle-augmentation-du-salaire-minimum-horaire-aux-pays-bas-a-partir-du-1er-janvier-2026\\\/\"]}]},{\"@type\":\"ImageObject\",\"inLanguage\":\"fr-FR\",\"@id\":\"https:\\\/\\\/arlettipartners.com\\\/fr\\\/nouvelle-augmentation-du-salaire-minimum-horaire-aux-pays-bas-a-partir-du-1er-janvier-2026\\\/#primaryimage\",\"url\":\"https:\\\/\\\/arlettipartners.com\\\/wp-content\\\/uploads\\\/2022\\\/07\\\/salary-netherlands.png\",\"contentUrl\":\"https:\\\/\\\/arlettipartners.com\\\/wp-content\\\/uploads\\\/2022\\\/07\\\/salary-netherlands.png\",\"width\":1600,\"height\":1000},{\"@type\":\"BreadcrumbList\",\"@id\":\"https:\\\/\\\/arlettipartners.com\\\/fr\\\/nouvelle-augmentation-du-salaire-minimum-horaire-aux-pays-bas-a-partir-du-1er-janvier-2026\\\/#breadcrumb\",\"itemListElement\":[{\"@type\":\"ListItem\",\"position\":1,\"name\":\"Home\",\"item\":\"https:\\\/\\\/arlettipartners.com\\\/fr\\\/\"},{\"@type\":\"ListItem\",\"position\":2,\"name\":\"News\",\"item\":\"https:\\\/\\\/arlettipartners.com\\\/fr\\\/?post_type=news\"},{\"@type\":\"ListItem\",\"position\":3,\"name\":\"Nouvelle augmentation du salaire minimum horaire n\u00e9erlandais \u00e0 partir du 1er janvier 2026\"}]},{\"@type\":\"WebSite\",\"@id\":\"https:\\\/\\\/arlettipartners.com\\\/fr\\\/#website\",\"url\":\"https:\\\/\\\/arlettipartners.com\\\/fr\\\/\",\"name\":\"Arletti Partners\",\"description\":\"Tax Advisors and Global Mobility Specialists\",\"publisher\":{\"@id\":\"https:\\\/\\\/arlettipartners.com\\\/fr\\\/#organization\"},\"potentialAction\":[{\"@type\":\"SearchAction\",\"target\":{\"@type\":\"EntryPoint\",\"urlTemplate\":\"https:\\\/\\\/arlettipartners.com\\\/fr\\\/?s={search_term_string}\"},\"query-input\":{\"@type\":\"PropertyValueSpecification\",\"valueRequired\":true,\"valueName\":\"search_term_string\"}}],\"inLanguage\":\"fr-FR\"},{\"@type\":\"Organization\",\"@id\":\"https:\\\/\\\/arlettipartners.com\\\/fr\\\/#organization\",\"name\":\"Arletti & Partners\",\"url\":\"https:\\\/\\\/arlettipartners.com\\\/fr\\\/\",\"logo\":{\"@type\":\"ImageObject\",\"inLanguage\":\"fr-FR\",\"@id\":\"https:\\\/\\\/arlettipartners.com\\\/fr\\\/#\\\/schema\\\/logo\\\/image\\\/\",\"url\":\"https:\\\/\\\/arlettipartners.com\\\/wp-content\\\/uploads\\\/2022\\\/03\\\/logo.png.nuovo_.nero_.png\",\"contentUrl\":\"https:\\\/\\\/arlettipartners.com\\\/wp-content\\\/uploads\\\/2022\\\/03\\\/logo.png.nuovo_.nero_.png\",\"width\":150,\"height\":32,\"caption\":\"Arletti & Partners\"},\"image\":{\"@id\":\"https:\\\/\\\/arlettipartners.com\\\/fr\\\/#\\\/schema\\\/logo\\\/image\\\/\"},\"sameAs\":[\"https:\\\/\\\/www.facebook.com\\\/ArlettiPartners\",\"https:\\\/\\\/www.linkedin.com\\\/company\\\/aampp---arletti-amp-partners\\\/\"]}]}<\/script>\n<!-- \/ Yoast SEO Premium plugin. -->","yoast_head_json":{"title":"Nouvelle augmentation du salaire minimum horaire n\u00e9erlandais \u00e0 partir du 1er janvier 2026 - Arletti Partners","robots":{"index":"index","follow":"follow","max-snippet":"max-snippet:-1","max-image-preview":"max-image-preview:large","max-video-preview":"max-video-preview:-1"},"canonical":"https:\/\/arlettipartners.com\/fr\/nouvelle-augmentation-du-salaire-minimum-horaire-aux-pays-bas-a-partir-du-1er-janvier-2026\/","og_locale":"fr_FR","og_type":"article","og_title":"Nouvelle augmentation du salaire minimum horaire n\u00e9erlandais \u00e0 partir du 1er janvier 2026","og_description":"\u00c0 partir du 1er janvier 2026, le salaire minimum horaire aux Pays-Bas passera \u00e0 14,71 \u20ac pour les travailleurs \u00e2g\u00e9s de 21 ans et plus, apr\u00e8s un ajustement de 2,15 %. Les nouveaux bar\u00e8mes du salaire minimum pour les jeunes s\u2019appliqueront \u00e9galement.","og_url":"https:\/\/arlettipartners.com\/fr\/nouvelle-augmentation-du-salaire-minimum-horaire-aux-pays-bas-a-partir-du-1er-janvier-2026\/","og_site_name":"Arletti Partners","article_publisher":"https:\/\/www.facebook.com\/ArlettiPartners","article_modified_time":"2025-12-29T14:43:56+00:00","og_image":[{"width":1600,"height":1000,"url":"https:\/\/arlettipartners.com\/wp-content\/uploads\/2022\/07\/salary-netherlands.png","type":"image\/png"}],"twitter_card":"summary_large_image","twitter_misc":{"Dur\u00e9e de lecture estim\u00e9e":"1 minute"},"schema":{"@context":"https:\/\/schema.org","@graph":[{"@type":"WebPage","@id":"https:\/\/arlettipartners.com\/fr\/nouvelle-augmentation-du-salaire-minimum-horaire-aux-pays-bas-a-partir-du-1er-janvier-2026\/","url":"https:\/\/arlettipartners.com\/fr\/nouvelle-augmentation-du-salaire-minimum-horaire-aux-pays-bas-a-partir-du-1er-janvier-2026\/","name":"Nouvelle augmentation du salaire minimum horaire n\u00e9erlandais \u00e0 partir du 1er janvier 2026 - Arletti Partners","isPartOf":{"@id":"https:\/\/arlettipartners.com\/fr\/#website"},"primaryImageOfPage":{"@id":"https:\/\/arlettipartners.com\/fr\/nouvelle-augmentation-du-salaire-minimum-horaire-aux-pays-bas-a-partir-du-1er-janvier-2026\/#primaryimage"},"image":{"@id":"https:\/\/arlettipartners.com\/fr\/nouvelle-augmentation-du-salaire-minimum-horaire-aux-pays-bas-a-partir-du-1er-janvier-2026\/#primaryimage"},"thumbnailUrl":"https:\/\/arlettipartners.com\/wp-content\/uploads\/2022\/07\/salary-netherlands.png","datePublished":"2025-12-22T14:16:07+00:00","dateModified":"2025-12-29T14:43:56+00:00","breadcrumb":{"@id":"https:\/\/arlettipartners.com\/fr\/nouvelle-augmentation-du-salaire-minimum-horaire-aux-pays-bas-a-partir-du-1er-janvier-2026\/#breadcrumb"},"inLanguage":"fr-FR","potentialAction":[{"@type":"ReadAction","target":["https:\/\/arlettipartners.com\/fr\/nouvelle-augmentation-du-salaire-minimum-horaire-aux-pays-bas-a-partir-du-1er-janvier-2026\/"]}]},{"@type":"ImageObject","inLanguage":"fr-FR","@id":"https:\/\/arlettipartners.com\/fr\/nouvelle-augmentation-du-salaire-minimum-horaire-aux-pays-bas-a-partir-du-1er-janvier-2026\/#primaryimage","url":"https:\/\/arlettipartners.com\/wp-content\/uploads\/2022\/07\/salary-netherlands.png","contentUrl":"https:\/\/arlettipartners.com\/wp-content\/uploads\/2022\/07\/salary-netherlands.png","width":1600,"height":1000},{"@type":"BreadcrumbList","@id":"https:\/\/arlettipartners.com\/fr\/nouvelle-augmentation-du-salaire-minimum-horaire-aux-pays-bas-a-partir-du-1er-janvier-2026\/#breadcrumb","itemListElement":[{"@type":"ListItem","position":1,"name":"Home","item":"https:\/\/arlettipartners.com\/fr\/"},{"@type":"ListItem","position":2,"name":"News","item":"https:\/\/arlettipartners.com\/fr\/?post_type=news"},{"@type":"ListItem","position":3,"name":"Nouvelle augmentation du salaire minimum horaire n\u00e9erlandais \u00e0 partir du 1er janvier 2026"}]},{"@type":"WebSite","@id":"https:\/\/arlettipartners.com\/fr\/#website","url":"https:\/\/arlettipartners.com\/fr\/","name":"Arletti Partners","description":"Tax Advisors and Global Mobility Specialists","publisher":{"@id":"https:\/\/arlettipartners.com\/fr\/#organization"},"potentialAction":[{"@type":"SearchAction","target":{"@type":"EntryPoint","urlTemplate":"https:\/\/arlettipartners.com\/fr\/?s={search_term_string}"},"query-input":{"@type":"PropertyValueSpecification","valueRequired":true,"valueName":"search_term_string"}}],"inLanguage":"fr-FR"},{"@type":"Organization","@id":"https:\/\/arlettipartners.com\/fr\/#organization","name":"Arletti & Partners","url":"https:\/\/arlettipartners.com\/fr\/","logo":{"@type":"ImageObject","inLanguage":"fr-FR","@id":"https:\/\/arlettipartners.com\/fr\/#\/schema\/logo\/image\/","url":"https:\/\/arlettipartners.com\/wp-content\/uploads\/2022\/03\/logo.png.nuovo_.nero_.png","contentUrl":"https:\/\/arlettipartners.com\/wp-content\/uploads\/2022\/03\/logo.png.nuovo_.nero_.png","width":150,"height":32,"caption":"Arletti & Partners"},"image":{"@id":"https:\/\/arlettipartners.com\/fr\/#\/schema\/logo\/image\/"},"sameAs":["https:\/\/www.facebook.com\/ArlettiPartners","https:\/\/www.linkedin.com\/company\/aampp---arletti-amp-partners\/"]}]}},"_links":{"self":[{"href":"https:\/\/arlettipartners.com\/fr\/wp-json\/wp\/v2\/news\/225298","targetHints":{"allow":["GET"]}}],"collection":[{"href":"https:\/\/arlettipartners.com\/fr\/wp-json\/wp\/v2\/news"}],"about":[{"href":"https:\/\/arlettipartners.com\/fr\/wp-json\/wp\/v2\/types\/news"}],"author":[{"embeddable":true,"href":"https:\/\/arlettipartners.com\/fr\/wp-json\/wp\/v2\/users\/112"}],"version-history":[{"count":1,"href":"https:\/\/arlettipartners.com\/fr\/wp-json\/wp\/v2\/news\/225298\/revisions"}],"predecessor-version":[{"id":225299,"href":"https:\/\/arlettipartners.com\/fr\/wp-json\/wp\/v2\/news\/225298\/revisions\/225299"}],"wp:featuredmedia":[{"embeddable":true,"href":"https:\/\/arlettipartners.com\/fr\/wp-json\/wp\/v2\/media\/151548"}],"wp:attachment":[{"href":"https:\/\/arlettipartners.com\/fr\/wp-json\/wp\/v2\/media?parent=225298"}],"wp:term":[{"taxonomy":"category","embeddable":true,"href":"https:\/\/arlettipartners.com\/fr\/wp-json\/wp\/v2\/categories?post=225298"},{"taxonomy":"post_tag","embeddable":true,"href":"https:\/\/arlettipartners.com\/fr\/wp-json\/wp\/v2\/tags?post=225298"},{"taxonomy":"country","embeddable":true,"href":"https:\/\/arlettipartners.com\/fr\/wp-json\/wp\/v2\/country?post=225298"},{"taxonomy":"container","embeddable":true,"href":"https:\/\/arlettipartners.com\/fr\/wp-json\/wp\/v2\/container?post=225298"},{"taxonomy":"service","embeddable":true,"href":"https:\/\/arlettipartners.com\/fr\/wp-json\/wp\/v2\/service?post=225298"},{"taxonomy":"tag-di-competenza","embeddable":true,"href":"https:\/\/arlettipartners.com\/fr\/wp-json\/wp\/v2\/tag-di-competenza?post=225298"}],"curies":[{"name":"wp","href":"https:\/\/api.w.org\/{rel}","templated":true}]}}