{"id":180612,"date":"2024-09-02T14:41:14","date_gmt":"2024-09-02T12:41:14","guid":{"rendered":"https:\/\/arlettipartners.com\/nuevo-aumento-del-salario-minimo-en-los-paises-bajos-a-partir-del-1-de-julio-de-2024\/"},"modified":"2025-09-17T11:19:08","modified_gmt":"2025-09-17T09:19:08","slug":"nuevo-aumento-del-salario-minimo-en-los-paises-bajos-a-partir-del-1-de-julio-de-2024","status":"publish","type":"news","link":"https:\/\/arlettipartners.com\/es\/nuevo-aumento-del-salario-minimo-en-los-paises-bajos-a-partir-del-1-de-julio-de-2024\/","title":{"rendered":"Nuevo aumento del salario m\u00ednimo en los Pa\u00edses Bajos a partir del 1 de julio de 2024"},"content":{"rendered":"\n<h2 class=\"wp-block-heading\" id=\"h-los-nuevos-importes-del-salario-minimo-por-hora-en-los-paises-bajos\">Los nuevos importes del salario m\u00ednimo por hora en los Pa\u00edses Bajos<\/h2>\n\n\n\n<p>El salario m\u00ednimo bruto por hora establecido por la ley neerlandesa se aplica a todos los trabajadores a partir de los 15 a\u00f1os de edad, cuya remuneraci\u00f3n semanal o mensual depende del horario de trabajo acordado con la empresa. <\/p>\n\n\n\n<blockquote class=\"wp-block-quote is-layout-flow wp-block-quote-is-layout-flow\">\n<p>El gobierno neerland\u00e9s ajusta el salario m\u00ednimo dos veces al a\u00f1o \u2013 el 1 de enero y el 1 de julio \u2013 de acuerdo con la evoluci\u00f3n de los salarios medios negociados colectivamente. <\/p>\n<\/blockquote>\n\n\n\n<p>Para todos los trabajadores de <strong>21 a\u00f1os o m\u00e1s<\/strong>, se establece un <strong>salario m\u00ednimo horario fijo<\/strong>, mientras que para los trabajadores de <strong>entre 15 y 21 a\u00f1os<\/strong> se aplica un <strong>salario m\u00ednimo juvenil<\/strong>, que prev\u00e9 un aumento gradual y proporcional a la edad alcanzada.<\/p>\n\n\n\n<p>A continuaci\u00f3n se presentan los importes del salario m\u00ednimo por hora seg\u00fan la edad en los Pa\u00edses Bajos, actualizados al <strong>1 de julio de 2024<\/strong>:<\/p>\n\n\n\n<table style=\"border-collapse: collapse; width: 100%; height: 184px;\">\n<tbody>\n<tr style=\"height: 23px;\">\n<td style=\"width: 50%; height: 23px; text-align: center;\"><span class=\"TextRun SCXW120556519 BCX8\" lang=\"IT-IT\" xml:lang=\"IT-IT\" data-contrast=\"auto\"><span class=\"NormalTextRun SCXW120556519 BCX8\">EDAD DEL TRABAJADOR<\/span><\/span><span class=\"EOP SCXW120556519 BCX8\" data-ccp-props=\"{&quot;201341983&quot;:0,&quot;335551550&quot;:6,&quot;335551620&quot;:6,&quot;335559740&quot;:278}\">\u00a0<\/span><\/td>\n<td style=\"width: 50%; height: 23px; text-align: center;\"><span class=\"TextRun SCXW252452440 BCX8\" lang=\"IT-IT\" xml:lang=\"IT-IT\" data-contrast=\"auto\"><span class=\"NormalTextRun SCXW252452440 BCX8\">SALARIO M\u00cdNIMO HORARIO BRUTO<\/span><\/span><span class=\"EOP SCXW252452440 BCX8\" data-ccp-props=\"{&quot;201341983&quot;:0,&quot;335551550&quot;:6,&quot;335551620&quot;:6,&quot;335559740&quot;:278}\">\u00a0<\/span><\/td>\n<\/tr>\n<tr style=\"height: 23px;\">\n<td style=\"width: 50%; height: 23px;\"><span class=\"TextRun SCXW2956867 BCX8\" lang=\"IT-IT\" xml:lang=\"IT-IT\" data-contrast=\"auto\"><span class=\"NormalTextRun SCXW2956867 BCX8\">21 a\u00f1os o m\u00e1s<\/span><\/span><span class=\"EOP SCXW2956867 BCX8\" data-ccp-props=\"{&quot;201341983&quot;:0,&quot;335551550&quot;:6,&quot;335551620&quot;:6,&quot;335559740&quot;:278}\">\u00a0<\/span><\/td>\n<td style=\"width: 50%; height: 23px; text-align: left;\"><span class=\"TextRun SCXW189898049 BCX8\" lang=\"IT-IT\" xml:lang=\"IT-IT\" data-contrast=\"auto\"><span class=\"NormalTextRun SCXW189898049 BCX8\">\u20ac13,68<\/span><\/span><span class=\"EOP SCXW189898049 BCX8\" data-ccp-props=\"{&quot;201341983&quot;:0,&quot;335551550&quot;:6,&quot;335551620&quot;:6,&quot;335559740&quot;:278}\">\u00a0<\/span><\/td>\n<\/tr>\n<tr style=\"height: 23px;\">\n<td style=\"width: 50%; height: 23px;\"><span class=\"TextRun SCXW199355431 BCX8\" lang=\"IT-IT\" xml:lang=\"IT-IT\" data-contrast=\"auto\"><span class=\"NormalTextRun SCXW199355431 BCX8\">20 a\u00f1os<\/span><\/span><span class=\"EOP SCXW199355431 BCX8\" data-ccp-props=\"{&quot;201341983&quot;:0,&quot;335551550&quot;:6,&quot;335551620&quot;:6,&quot;335559740&quot;:278}\">\u00a0<\/span><\/td>\n<td style=\"width: 50%; height: 23px; text-align: left;\"><span class=\"TextRun SCXW208549929 BCX8\" lang=\"IT-IT\" xml:lang=\"IT-IT\" data-contrast=\"auto\"><span class=\"NormalTextRun SCXW208549929 BCX8\">\u20ac10,94<\/span><\/span><span class=\"EOP SCXW208549929 BCX8\" data-ccp-props=\"{&quot;201341983&quot;:0,&quot;335551550&quot;:6,&quot;335551620&quot;:6,&quot;335559740&quot;:278}\">\u00a0<\/span><\/td>\n<\/tr>\n<tr style=\"height: 23px;\">\n<td style=\"width: 50%; height: 23px;\"><span class=\"TextRun SCXW164628548 BCX8\" lang=\"IT-IT\" xml:lang=\"IT-IT\" data-contrast=\"auto\"><span class=\"NormalTextRun SCXW164628548 BCX8\">19 a\u00f1os<\/span><\/span><span class=\"EOP SCXW164628548 BCX8\" data-ccp-props=\"{&quot;201341983&quot;:0,&quot;335551550&quot;:6,&quot;335551620&quot;:6,&quot;335559740&quot;:278}\">\u00a0<\/span><\/td>\n<td style=\"width: 50%; height: 23px; text-align: left;\"><span class=\"TextRun SCXW9723347 BCX8\" lang=\"IT-IT\" xml:lang=\"IT-IT\" data-contrast=\"auto\"><span class=\"NormalTextRun SCXW9723347 BCX8\">\u20ac8,21<\/span><\/span><span class=\"EOP SCXW9723347 BCX8\" data-ccp-props=\"{&quot;201341983&quot;:0,&quot;335551550&quot;:6,&quot;335551620&quot;:6,&quot;335559740&quot;:278}\">\u00a0<\/span><\/td>\n<\/tr>\n<tr style=\"height: 23px;\">\n<td style=\"width: 50%; height: 23px;\"><span class=\"TextRun SCXW60913243 BCX8\" lang=\"IT-IT\" xml:lang=\"IT-IT\" data-contrast=\"auto\"><span class=\"NormalTextRun SCXW60913243 BCX8\">18 a\u00f1os<\/span><\/span><span class=\"EOP SCXW60913243 BCX8\" data-ccp-props=\"{&quot;201341983&quot;:0,&quot;335551550&quot;:6,&quot;335551620&quot;:6,&quot;335559740&quot;:278}\">\u00a0<\/span><\/td>\n<td style=\"width: 50%; height: 23px; text-align: left;\"><span class=\"TextRun SCXW22420093 BCX8\" lang=\"IT-IT\" xml:lang=\"IT-IT\" data-contrast=\"auto\"><span class=\"NormalTextRun SCXW22420093 BCX8\">\u20ac6,84<\/span><\/span><span class=\"EOP SCXW22420093 BCX8\" data-ccp-props=\"{&quot;201341983&quot;:0,&quot;335551550&quot;:6,&quot;335551620&quot;:6,&quot;335559740&quot;:278}\">\u00a0<\/span><\/td>\n<\/tr>\n<tr style=\"height: 23px;\">\n<td style=\"width: 50%; height: 23px;\"><span class=\"TextRun SCXW72664252 BCX8\" lang=\"IT-IT\" xml:lang=\"IT-IT\" data-contrast=\"auto\"><span class=\"NormalTextRun SCXW72664252 BCX8\">17 a\u00f1os<\/span><\/span><span class=\"EOP SCXW72664252 BCX8\" data-ccp-props=\"{&quot;201341983&quot;:0,&quot;335551550&quot;:6,&quot;335551620&quot;:6,&quot;335559740&quot;:278}\">\u00a0<\/span><\/td>\n<td style=\"width: 50%; height: 23px; text-align: left;\"><span class=\"TextRun SCXW69551767 BCX8\" lang=\"IT-IT\" xml:lang=\"IT-IT\" data-contrast=\"auto\"><span class=\"NormalTextRun SCXW69551767 BCX8\">\u20ac5,40<\/span><\/span><span class=\"EOP SCXW69551767 BCX8\" data-ccp-props=\"{&quot;201341983&quot;:0,&quot;335551550&quot;:6,&quot;335551620&quot;:6,&quot;335559740&quot;:278}\">\u00a0<\/span><\/td>\n<\/tr>\n<tr style=\"height: 23px;\">\n<td style=\"width: 50%; height: 23px;\"><span class=\"TextRun SCXW149579155 BCX8\" lang=\"IT-IT\" xml:lang=\"IT-IT\" data-contrast=\"auto\"><span class=\"NormalTextRun SCXW149579155 BCX8\">16 a\u00f1os<\/span><\/span><span class=\"EOP SCXW149579155 BCX8\" data-ccp-props=\"{&quot;201341983&quot;:0,&quot;335551550&quot;:6,&quot;335551620&quot;:6,&quot;335559740&quot;:278}\">\u00a0<\/span><\/td>\n<td style=\"width: 50%; height: 23px; text-align: left;\"><span class=\"TextRun SCXW223030860 BCX8\" lang=\"IT-IT\" xml:lang=\"IT-IT\" data-contrast=\"auto\"><span class=\"NormalTextRun SCXW223030860 BCX8\">\u20ac4,72<\/span><\/span><span class=\"EOP SCXW223030860 BCX8\" data-ccp-props=\"{&quot;201341983&quot;:0,&quot;335551550&quot;:6,&quot;335551620&quot;:6,&quot;335559740&quot;:278}\">\u00a0<\/span><\/td>\n<\/tr>\n<tr style=\"height: 23px;\">\n<td style=\"width: 50%; height: 23px;\"><span class=\"TextRun SCXW62176488 BCX8\" lang=\"IT-IT\" xml:lang=\"IT-IT\" data-contrast=\"auto\"><span class=\"NormalTextRun SCXW62176488 BCX8\">15 a\u00f1os<\/span><\/span><span class=\"EOP SCXW62176488 BCX8\" data-ccp-props=\"{&quot;201341983&quot;:0,&quot;335551550&quot;:6,&quot;335551620&quot;:6,&quot;335559740&quot;:278}\">\u00a0<\/span><\/td>\n<td style=\"width: 50%; height: 23px; text-align: left;\"><span class=\"TextRun SCXW149176666 BCX8\" lang=\"IT-IT\" xml:lang=\"IT-IT\" data-contrast=\"auto\"><span class=\"NormalTextRun SCXW149176666 BCX8\">\u20ac4,10<\/span><\/span><span class=\"EOP SCXW149176666 BCX8\" data-ccp-props=\"{&quot;201341983&quot;:0,&quot;335551550&quot;:6,&quot;335551620&quot;:6,&quot;335559740&quot;:278}\">\u00a0<\/span><\/td>\n<\/tr>\n<\/tbody>\n<\/table>\n\n\n\n<h2 class=\"wp-block-heading\" id=\"h-calculo-de-la-remuneracion-semanal-y-mensual-un-ejemplo\">C\u00e1lculo de la remuneraci\u00f3n semanal y mensual: un ejemplo<\/h2>\n\n\n\n<p>El n\u00famero de horas en una semana laboral puede variar de una empresa a otra. <\/p>\n\n\n\n<p>El horario laboral depende de: <\/p>\n\n\n\n<ul class=\"wp-block-list\">\n<li>Las horas efectivamente trabajadas; <\/li>\n\n\n\n<li>Las horas de vacaciones; <\/li>\n\n\n\n<li>Las horas de licencia por enfermedad; <\/li>\n\n\n\n<li>El n\u00famero de d\u00edas laborables en cada mes. <\/li>\n<\/ul>\n\n\n\n<p>Considerando un trabajador de 21 a\u00f1os o m\u00e1s que trabaja 40 horas a la semana y percibe el salario m\u00ednimo por hora previsto por la ley, su remuneraci\u00f3n semanal a partir del 1 de julio de 2024 ser\u00e1: <\/p>\n\n\n\n<blockquote class=\"wp-block-quote is-layout-flow wp-block-quote-is-layout-flow\">\n<p>40 (n\u00famero de horas trabajadas en la semana) x \u20ac13,68 (salario m\u00ednimo por hora previsto por la ley para trabajadores de 21 a\u00f1os o m\u00e1s) = \u20ac547,20. <\/p>\n<\/blockquote>\n\n\n\n<p>En el caso de que el horario laboral semanal est\u00e9 acordado con el empleador, el trabajador tiene derecho a recibir una remuneraci\u00f3n mensual fija, basada en el n\u00famero de horas trabajadas en promedio en un mes. Esta cifra se obtiene a partir del n\u00famero total de horas trabajadas en un a\u00f1o calendario. <\/p>\n\n\n\n<p>El c\u00e1lculo del importe fijo mensual es por lo tanto: <\/p>\n\n\n\n<blockquote class=\"wp-block-quote is-layout-flow wp-block-quote-is-layout-flow\">\n<p>(n\u00famero de horas laborales en un a\u00f1o calendario \u00f7 12 meses) x salario m\u00ednimo por hora previsto por la ley. <\/p>\n<\/blockquote>\n\n\n\n<p>Es decir: <\/p>\n\n\n\n<blockquote class=\"wp-block-quote is-layout-flow wp-block-quote-is-layout-flow\">\n<p>(2.096 \u00f7 12) x 13,68 = \u20ac2.389,44.&nbsp;<\/p>\n<\/blockquote>\n\n\n\n<h2 class=\"wp-block-heading\" id=\"h-sanciones-por-incumplimiento-de-los-niveles-minimos\">Sanciones por incumplimiento de los niveles m\u00ednimos<\/h2>\n\n\n\n<p>La Autoridad Laboral de los Pa\u00edses Bajos puede solicitar los registros de n\u00f3mina de un empleador si sospecha que este est\u00e1 violando las normas sobre el salario m\u00ednimo. <\/p>\n\n\n\n<p>Si las autoridades detectan que un trabajador est\u00e1 subpagado, el empleador debe pagar el salario adeudado <strong>dentro de las 4 semanas<\/strong>. Si esto no ocurre, la Autoridad Laboral puede imponer una sanci\u00f3n de hasta 40.000 \u20ac por trabajador.<\/p>\n\n\n\n<p>Adem\u00e1s, los empleadores que no paguen adecuadamente a sus empleados pueden ser <strong>multados hasta con 10.000 \u20ac por empleado<\/strong>.<\/p>\n","protected":false},"excerpt":{"rendered":"<p>Los nuevos importes del salario m\u00ednimo por hora en los Pa\u00edses Bajos El salario m\u00ednimo bruto por hora establecido por la ley neerlandesa se aplica a todos los trabajadores a [&hellip;]<\/p>\n","protected":false},"author":1,"featured_media":179901,"template":"","meta":{"_acf_changed":false,"footnotes":""},"categories":[1463],"tags":[],"country":[1592],"container":[],"service":[5576],"tag-di-competenza":[5621],"class_list":["post-180612","news","type-news","status-publish","has-post-thumbnail","hentry","category-remuneration","country-paises-bajos","service-posting-of-workers-to-eu","tag-di-competenza-team-posting-es"],"acf":[],"yoast_head":"<!-- This site is optimized with the Yoast SEO Premium plugin v27.4 (Yoast SEO v27.4) - https:\/\/yoast.com\/product\/yoast-seo-premium-wordpress\/ -->\n<title>El salario m\u00ednimo en Pa\u00edses Bajos aumenta a partir del 1 de julio - Arletti Partners<\/title>\n<meta name=\"description\" content=\"A partir del 1 de julio, aumentar\u00e1 el salario m\u00ednimo horario bruto en los Pa\u00edses Bajos: c\u00f3mo cambia el c\u00e1lculo de la remuneraci\u00f3n.\" \/>\n<meta name=\"robots\" content=\"index, follow, max-snippet:-1, max-image-preview:large, max-video-preview:-1\" \/>\n<link rel=\"canonical\" href=\"https:\/\/arlettipartners.com\/es\/nuevo-aumento-del-salario-minimo-en-los-paises-bajos-a-partir-del-1-de-julio-de-2024\/\" \/>\n<meta property=\"og:locale\" content=\"es_ES\" \/>\n<meta property=\"og:type\" content=\"article\" \/>\n<meta property=\"og:title\" content=\"Nuevo aumento del salario m\u00ednimo en los Pa\u00edses Bajos a partir del 1 de julio de 2024\" \/>\n<meta property=\"og:description\" content=\"A partir del 1 de julio, aumentar\u00e1 el salario m\u00ednimo horario bruto en los Pa\u00edses Bajos: c\u00f3mo cambia el c\u00e1lculo de la remuneraci\u00f3n.\" \/>\n<meta property=\"og:url\" content=\"https:\/\/arlettipartners.com\/es\/nuevo-aumento-del-salario-minimo-en-los-paises-bajos-a-partir-del-1-de-julio-de-2024\/\" \/>\n<meta property=\"og:site_name\" content=\"Arletti Partners\" \/>\n<meta property=\"article:publisher\" content=\"https:\/\/www.facebook.com\/ArlettiPartners\" \/>\n<meta property=\"article:modified_time\" content=\"2025-09-17T09:19:08+00:00\" \/>\n<meta property=\"og:image\" content=\"https:\/\/arlettipartners.com\/wp-content\/uploads\/2024\/09\/aumento-salario-minimo-paesi-bassi-1-luglio.png\" \/>\n\t<meta property=\"og:image:width\" content=\"1300\" \/>\n\t<meta property=\"og:image:height\" content=\"700\" \/>\n\t<meta property=\"og:image:type\" content=\"image\/png\" \/>\n<meta name=\"twitter:card\" content=\"summary_large_image\" \/>\n<meta name=\"twitter:label1\" content=\"Tiempo de lectura\" \/>\n\t<meta name=\"twitter:data1\" content=\"2 minutos\" \/>\n<script type=\"application\/ld+json\" class=\"yoast-schema-graph\">{\"@context\":\"https:\\\/\\\/schema.org\",\"@graph\":[{\"@type\":\"WebPage\",\"@id\":\"https:\\\/\\\/arlettipartners.com\\\/es\\\/nuevo-aumento-del-salario-minimo-en-los-paises-bajos-a-partir-del-1-de-julio-de-2024\\\/\",\"url\":\"https:\\\/\\\/arlettipartners.com\\\/es\\\/nuevo-aumento-del-salario-minimo-en-los-paises-bajos-a-partir-del-1-de-julio-de-2024\\\/\",\"name\":\"El salario m\u00ednimo en Pa\u00edses Bajos aumenta a partir del 1 de julio - Arletti Partners\",\"isPartOf\":{\"@id\":\"https:\\\/\\\/arlettipartners.com\\\/es\\\/#website\"},\"primaryImageOfPage\":{\"@id\":\"https:\\\/\\\/arlettipartners.com\\\/es\\\/nuevo-aumento-del-salario-minimo-en-los-paises-bajos-a-partir-del-1-de-julio-de-2024\\\/#primaryimage\"},\"image\":{\"@id\":\"https:\\\/\\\/arlettipartners.com\\\/es\\\/nuevo-aumento-del-salario-minimo-en-los-paises-bajos-a-partir-del-1-de-julio-de-2024\\\/#primaryimage\"},\"thumbnailUrl\":\"https:\\\/\\\/arlettipartners.com\\\/wp-content\\\/uploads\\\/2024\\\/09\\\/aumento-salario-minimo-paesi-bassi-1-luglio.png\",\"datePublished\":\"2024-09-02T12:41:14+00:00\",\"dateModified\":\"2025-09-17T09:19:08+00:00\",\"description\":\"A partir del 1 de julio, aumentar\u00e1 el salario m\u00ednimo horario bruto en los Pa\u00edses Bajos: c\u00f3mo cambia el c\u00e1lculo de la remuneraci\u00f3n.\",\"breadcrumb\":{\"@id\":\"https:\\\/\\\/arlettipartners.com\\\/es\\\/nuevo-aumento-del-salario-minimo-en-los-paises-bajos-a-partir-del-1-de-julio-de-2024\\\/#breadcrumb\"},\"inLanguage\":\"es\",\"potentialAction\":[{\"@type\":\"ReadAction\",\"target\":[\"https:\\\/\\\/arlettipartners.com\\\/es\\\/nuevo-aumento-del-salario-minimo-en-los-paises-bajos-a-partir-del-1-de-julio-de-2024\\\/\"]}]},{\"@type\":\"ImageObject\",\"inLanguage\":\"es\",\"@id\":\"https:\\\/\\\/arlettipartners.com\\\/es\\\/nuevo-aumento-del-salario-minimo-en-los-paises-bajos-a-partir-del-1-de-julio-de-2024\\\/#primaryimage\",\"url\":\"https:\\\/\\\/arlettipartners.com\\\/wp-content\\\/uploads\\\/2024\\\/09\\\/aumento-salario-minimo-paesi-bassi-1-luglio.png\",\"contentUrl\":\"https:\\\/\\\/arlettipartners.com\\\/wp-content\\\/uploads\\\/2024\\\/09\\\/aumento-salario-minimo-paesi-bassi-1-luglio.png\",\"width\":1300,\"height\":700,\"caption\":\"il salario orario minimo lordo nei Paesi Bassi aumenta a partire dal 1\u00b0 luglio\"},{\"@type\":\"BreadcrumbList\",\"@id\":\"https:\\\/\\\/arlettipartners.com\\\/es\\\/nuevo-aumento-del-salario-minimo-en-los-paises-bajos-a-partir-del-1-de-julio-de-2024\\\/#breadcrumb\",\"itemListElement\":[{\"@type\":\"ListItem\",\"position\":1,\"name\":\"Home\",\"item\":\"https:\\\/\\\/arlettipartners.com\\\/es\\\/\"},{\"@type\":\"ListItem\",\"position\":2,\"name\":\"News\",\"item\":\"https:\\\/\\\/arlettipartners.com\\\/es\\\/?post_type=news\"},{\"@type\":\"ListItem\",\"position\":3,\"name\":\"Labour Law\",\"item\":\"https:\\\/\\\/arlettipartners.com\\\/es\\\/category\\\/labour-law\\\/\"},{\"@type\":\"ListItem\",\"position\":4,\"name\":\"Posting of Workers for Provisions of Services\",\"item\":\"https:\\\/\\\/arlettipartners.com\\\/es\\\/category\\\/labour-law\\\/posting-of-workers-for-provisions-of-services\\\/\"},{\"@type\":\"ListItem\",\"position\":5,\"name\":\"Remuneration\",\"item\":\"https:\\\/\\\/arlettipartners.com\\\/es\\\/category\\\/labour-law\\\/posting-of-workers-for-provisions-of-services\\\/remuneration\\\/\"},{\"@type\":\"ListItem\",\"position\":6,\"name\":\"Nuevo aumento del salario m\u00ednimo en los Pa\u00edses Bajos a partir del 1 de julio de 2024\"}]},{\"@type\":\"WebSite\",\"@id\":\"https:\\\/\\\/arlettipartners.com\\\/es\\\/#website\",\"url\":\"https:\\\/\\\/arlettipartners.com\\\/es\\\/\",\"name\":\"Arletti Partners\",\"description\":\"Tax Advisors and Global Mobility Specialists\",\"publisher\":{\"@id\":\"https:\\\/\\\/arlettipartners.com\\\/es\\\/#organization\"},\"potentialAction\":[{\"@type\":\"SearchAction\",\"target\":{\"@type\":\"EntryPoint\",\"urlTemplate\":\"https:\\\/\\\/arlettipartners.com\\\/es\\\/?s={search_term_string}\"},\"query-input\":{\"@type\":\"PropertyValueSpecification\",\"valueRequired\":true,\"valueName\":\"search_term_string\"}}],\"inLanguage\":\"es\"},{\"@type\":\"Organization\",\"@id\":\"https:\\\/\\\/arlettipartners.com\\\/es\\\/#organization\",\"name\":\"Arletti & Partners\",\"url\":\"https:\\\/\\\/arlettipartners.com\\\/es\\\/\",\"logo\":{\"@type\":\"ImageObject\",\"inLanguage\":\"es\",\"@id\":\"https:\\\/\\\/arlettipartners.com\\\/es\\\/#\\\/schema\\\/logo\\\/image\\\/\",\"url\":\"https:\\\/\\\/arlettipartners.com\\\/wp-content\\\/uploads\\\/2022\\\/03\\\/logo.png.nuovo_.nero_.png\",\"contentUrl\":\"https:\\\/\\\/arlettipartners.com\\\/wp-content\\\/uploads\\\/2022\\\/03\\\/logo.png.nuovo_.nero_.png\",\"width\":150,\"height\":32,\"caption\":\"Arletti & Partners\"},\"image\":{\"@id\":\"https:\\\/\\\/arlettipartners.com\\\/es\\\/#\\\/schema\\\/logo\\\/image\\\/\"},\"sameAs\":[\"https:\\\/\\\/www.facebook.com\\\/ArlettiPartners\",\"https:\\\/\\\/www.linkedin.com\\\/company\\\/aampp---arletti-amp-partners\\\/\"]}]}<\/script>\n<!-- \/ Yoast SEO Premium plugin. -->","yoast_head_json":{"title":"El salario m\u00ednimo en Pa\u00edses Bajos aumenta a partir del 1 de julio - Arletti Partners","description":"A partir del 1 de julio, aumentar\u00e1 el salario m\u00ednimo horario bruto en los Pa\u00edses Bajos: c\u00f3mo cambia el c\u00e1lculo de la remuneraci\u00f3n.","robots":{"index":"index","follow":"follow","max-snippet":"max-snippet:-1","max-image-preview":"max-image-preview:large","max-video-preview":"max-video-preview:-1"},"canonical":"https:\/\/arlettipartners.com\/es\/nuevo-aumento-del-salario-minimo-en-los-paises-bajos-a-partir-del-1-de-julio-de-2024\/","og_locale":"es_ES","og_type":"article","og_title":"Nuevo aumento del salario m\u00ednimo en los Pa\u00edses Bajos a partir del 1 de julio de 2024","og_description":"A partir del 1 de julio, aumentar\u00e1 el salario m\u00ednimo horario bruto en los Pa\u00edses Bajos: c\u00f3mo cambia el c\u00e1lculo de la remuneraci\u00f3n.","og_url":"https:\/\/arlettipartners.com\/es\/nuevo-aumento-del-salario-minimo-en-los-paises-bajos-a-partir-del-1-de-julio-de-2024\/","og_site_name":"Arletti Partners","article_publisher":"https:\/\/www.facebook.com\/ArlettiPartners","article_modified_time":"2025-09-17T09:19:08+00:00","og_image":[{"width":1300,"height":700,"url":"https:\/\/arlettipartners.com\/wp-content\/uploads\/2024\/09\/aumento-salario-minimo-paesi-bassi-1-luglio.png","type":"image\/png"}],"twitter_card":"summary_large_image","twitter_misc":{"Tiempo de lectura":"2 minutos"},"schema":{"@context":"https:\/\/schema.org","@graph":[{"@type":"WebPage","@id":"https:\/\/arlettipartners.com\/es\/nuevo-aumento-del-salario-minimo-en-los-paises-bajos-a-partir-del-1-de-julio-de-2024\/","url":"https:\/\/arlettipartners.com\/es\/nuevo-aumento-del-salario-minimo-en-los-paises-bajos-a-partir-del-1-de-julio-de-2024\/","name":"El salario m\u00ednimo en Pa\u00edses Bajos aumenta a partir del 1 de julio - Arletti Partners","isPartOf":{"@id":"https:\/\/arlettipartners.com\/es\/#website"},"primaryImageOfPage":{"@id":"https:\/\/arlettipartners.com\/es\/nuevo-aumento-del-salario-minimo-en-los-paises-bajos-a-partir-del-1-de-julio-de-2024\/#primaryimage"},"image":{"@id":"https:\/\/arlettipartners.com\/es\/nuevo-aumento-del-salario-minimo-en-los-paises-bajos-a-partir-del-1-de-julio-de-2024\/#primaryimage"},"thumbnailUrl":"https:\/\/arlettipartners.com\/wp-content\/uploads\/2024\/09\/aumento-salario-minimo-paesi-bassi-1-luglio.png","datePublished":"2024-09-02T12:41:14+00:00","dateModified":"2025-09-17T09:19:08+00:00","description":"A partir del 1 de julio, aumentar\u00e1 el salario m\u00ednimo horario bruto en los Pa\u00edses Bajos: c\u00f3mo cambia el c\u00e1lculo de la remuneraci\u00f3n.","breadcrumb":{"@id":"https:\/\/arlettipartners.com\/es\/nuevo-aumento-del-salario-minimo-en-los-paises-bajos-a-partir-del-1-de-julio-de-2024\/#breadcrumb"},"inLanguage":"es","potentialAction":[{"@type":"ReadAction","target":["https:\/\/arlettipartners.com\/es\/nuevo-aumento-del-salario-minimo-en-los-paises-bajos-a-partir-del-1-de-julio-de-2024\/"]}]},{"@type":"ImageObject","inLanguage":"es","@id":"https:\/\/arlettipartners.com\/es\/nuevo-aumento-del-salario-minimo-en-los-paises-bajos-a-partir-del-1-de-julio-de-2024\/#primaryimage","url":"https:\/\/arlettipartners.com\/wp-content\/uploads\/2024\/09\/aumento-salario-minimo-paesi-bassi-1-luglio.png","contentUrl":"https:\/\/arlettipartners.com\/wp-content\/uploads\/2024\/09\/aumento-salario-minimo-paesi-bassi-1-luglio.png","width":1300,"height":700,"caption":"il salario orario minimo lordo nei Paesi Bassi aumenta a partire dal 1\u00b0 luglio"},{"@type":"BreadcrumbList","@id":"https:\/\/arlettipartners.com\/es\/nuevo-aumento-del-salario-minimo-en-los-paises-bajos-a-partir-del-1-de-julio-de-2024\/#breadcrumb","itemListElement":[{"@type":"ListItem","position":1,"name":"Home","item":"https:\/\/arlettipartners.com\/es\/"},{"@type":"ListItem","position":2,"name":"News","item":"https:\/\/arlettipartners.com\/es\/?post_type=news"},{"@type":"ListItem","position":3,"name":"Labour Law","item":"https:\/\/arlettipartners.com\/es\/category\/labour-law\/"},{"@type":"ListItem","position":4,"name":"Posting of Workers for Provisions of Services","item":"https:\/\/arlettipartners.com\/es\/category\/labour-law\/posting-of-workers-for-provisions-of-services\/"},{"@type":"ListItem","position":5,"name":"Remuneration","item":"https:\/\/arlettipartners.com\/es\/category\/labour-law\/posting-of-workers-for-provisions-of-services\/remuneration\/"},{"@type":"ListItem","position":6,"name":"Nuevo aumento del salario m\u00ednimo en los Pa\u00edses Bajos a partir del 1 de julio de 2024"}]},{"@type":"WebSite","@id":"https:\/\/arlettipartners.com\/es\/#website","url":"https:\/\/arlettipartners.com\/es\/","name":"Arletti Partners","description":"Tax Advisors and Global Mobility Specialists","publisher":{"@id":"https:\/\/arlettipartners.com\/es\/#organization"},"potentialAction":[{"@type":"SearchAction","target":{"@type":"EntryPoint","urlTemplate":"https:\/\/arlettipartners.com\/es\/?s={search_term_string}"},"query-input":{"@type":"PropertyValueSpecification","valueRequired":true,"valueName":"search_term_string"}}],"inLanguage":"es"},{"@type":"Organization","@id":"https:\/\/arlettipartners.com\/es\/#organization","name":"Arletti & Partners","url":"https:\/\/arlettipartners.com\/es\/","logo":{"@type":"ImageObject","inLanguage":"es","@id":"https:\/\/arlettipartners.com\/es\/#\/schema\/logo\/image\/","url":"https:\/\/arlettipartners.com\/wp-content\/uploads\/2022\/03\/logo.png.nuovo_.nero_.png","contentUrl":"https:\/\/arlettipartners.com\/wp-content\/uploads\/2022\/03\/logo.png.nuovo_.nero_.png","width":150,"height":32,"caption":"Arletti & Partners"},"image":{"@id":"https:\/\/arlettipartners.com\/es\/#\/schema\/logo\/image\/"},"sameAs":["https:\/\/www.facebook.com\/ArlettiPartners","https:\/\/www.linkedin.com\/company\/aampp---arletti-amp-partners\/"]}]}},"_links":{"self":[{"href":"https:\/\/arlettipartners.com\/es\/wp-json\/wp\/v2\/news\/180612","targetHints":{"allow":["GET"]}}],"collection":[{"href":"https:\/\/arlettipartners.com\/es\/wp-json\/wp\/v2\/news"}],"about":[{"href":"https:\/\/arlettipartners.com\/es\/wp-json\/wp\/v2\/types\/news"}],"author":[{"embeddable":true,"href":"https:\/\/arlettipartners.com\/es\/wp-json\/wp\/v2\/users\/1"}],"version-history":[{"count":0,"href":"https:\/\/arlettipartners.com\/es\/wp-json\/wp\/v2\/news\/180612\/revisions"}],"wp:featuredmedia":[{"embeddable":true,"href":"https:\/\/arlettipartners.com\/es\/wp-json\/wp\/v2\/media\/179901"}],"wp:attachment":[{"href":"https:\/\/arlettipartners.com\/es\/wp-json\/wp\/v2\/media?parent=180612"}],"wp:term":[{"taxonomy":"category","embeddable":true,"href":"https:\/\/arlettipartners.com\/es\/wp-json\/wp\/v2\/categories?post=180612"},{"taxonomy":"post_tag","embeddable":true,"href":"https:\/\/arlettipartners.com\/es\/wp-json\/wp\/v2\/tags?post=180612"},{"taxonomy":"country","embeddable":true,"href":"https:\/\/arlettipartners.com\/es\/wp-json\/wp\/v2\/country?post=180612"},{"taxonomy":"container","embeddable":true,"href":"https:\/\/arlettipartners.com\/es\/wp-json\/wp\/v2\/container?post=180612"},{"taxonomy":"service","embeddable":true,"href":"https:\/\/arlettipartners.com\/es\/wp-json\/wp\/v2\/service?post=180612"},{"taxonomy":"tag-di-competenza","embeddable":true,"href":"https:\/\/arlettipartners.com\/es\/wp-json\/wp\/v2\/tag-di-competenza?post=180612"}],"curies":[{"name":"wp","href":"https:\/\/api.w.org\/{rel}","templated":true}]}}