{"id":178234,"date":"2022-05-09T22:57:41","date_gmt":"2022-05-09T20:57:41","guid":{"rendered":"https:\/\/arlettipartners.com\/acuerdo-entre-la-inspeccion-nacional-del-trabajo-italiana-y-la-inspeccion-del-trabajo-rumana\/"},"modified":"2025-09-17T11:22:37","modified_gmt":"2025-09-17T09:22:37","slug":"acuerdo-entre-la-inspeccion-nacional-del-trabajo-italiana-y-la-inspeccion-del-trabajo-rumana","status":"publish","type":"news","link":"https:\/\/arlettipartners.com\/es\/acuerdo-entre-la-inspeccion-nacional-del-trabajo-italiana-y-la-inspeccion-del-trabajo-rumana\/","title":{"rendered":"Acuerdo entre la Inspecci\u00f3n Nacional del Trabajo Italiana y la Inspecci\u00f3n del Trabajo Rumana"},"content":{"rendered":"\n<p class=\"has-text-align-left\">Bruno Giordano, director del Ispettorato Nazionale del Lavoro italiano, ha declarado: &#8220;<em>Este protocolo bilateral permite una colaboraci\u00f3n rec\u00edproca entre el Ispettorato Nazionale del Lavoro y la instituci\u00f3n equivalente rumana, con el fin de proteger, en ambos estados, a los trabajadores contra cualquier forma de abuso, explotaci\u00f3n y aprovechamiento. Esto ser\u00e1 especialmente \u00fatil para combatir las falsas cooperativas y el abuso del desplazamiento internacional, que constituyen un fraude contra el Estado social<\/em>&#8220;.<\/p>\n\n<h2 class=\"wp-block-heading\" id=\"protocollo\">Los objetivos del protocolo<\/h2>\n\n<p class=\"has-text-align-left\">El acuerdo fue firmado por el ministro del Trabajo y Pol\u00edticas Sociales, Andrea Orlando, y el ministro del Trabajo y Solidaridad Social de Ruman\u00eda, Marius-Constantin Budai, con el objetivo de mejorar la cooperaci\u00f3n entre los dos organismos de control y vigilancia en los siguientes aspectos: <\/p>\n\n<ul class=\"wp-block-list\">\n<li><strong>Prevenci\u00f3n y combate de pr\u00e1cticas il\u00edcitas<\/strong> relacionadas con el desplazamiento transnacional, trabajo no declarado e intermediaci\u00f3n ilegal.<\/li>\n\n\n\n<li><strong>Protecci\u00f3n de los derechos de los trabajadores<\/strong> que realizan actividades en el territorio del otro estado, asegurando la correcta implementaci\u00f3n de sus respectivas normativas nacionales y de la normativa europea.<\/li>\n<\/ul>\n\n<h2 class=\"wp-block-heading\" id=\"autorit&#xE0;\">Intercambio de informaci\u00f3n entre las autoridades<\/h2>\n\n<p class=\"has-text-align-left\">Para combatir el trabajo ilegal, la discriminaci\u00f3n y la explotaci\u00f3n, el Ispettorato Nazionale del Lavoro italiano y la Inspecci\u00f3n del Trabajo rumana llevar\u00e1n a cabo un intercambio de informaci\u00f3n y datos sobre las <strong>empresas<\/strong> que operan en sus respectivos territorios, prestando especial atenci\u00f3n a los siguientes aspectos:<\/p>\n\n<ul class=\"wp-block-list\">\n<li>Salarios y condiciones laborales. <\/li>\n\n\n\n<li>Irregularidades detectadas durante las inspecciones, incluyendo posibles sanciones aplicadas. <\/li>\n\n\n\n<li>Identificaci\u00f3n de violaciones de los derechos de los trabajadores seg\u00fan la legislaci\u00f3n nacional y europea, incluyendo casos de trabajo no declarado, desplazamiento no genuino o intermediaci\u00f3n ilegal de mano de obra de un estado a otro, y las medidas tomadas al respecto. <\/li>\n\n\n\n<li>Cumplimiento de las obligaciones vigentes en materia de salud y seguridad en el lugar de trabajo, incluyendo la prevenci\u00f3n de la propagaci\u00f3n del Covid-19, dentro de las competencias y atribuciones del personal inspector de cada estado respectivo. <\/li>\n\n\n\n<li>Accidentes laborales de trabajadores de un estado que ocurran en el territorio del otro, dentro de las competencias y atribuciones de las autoridades de control mencionadas en el Memor\u00e1ndum. <\/li>\n<\/ul>\n\n<h2 class=\"wp-block-heading\" id=\"transnazionali\">Impacto en los desplazamientos transnacionales<\/h2>\n\n<p class=\"has-text-align-left\">La implementaci\u00f3n de este acuerdo, para el cual Italia y Ruman\u00eda desarrollar\u00e1n un Plan de Acci\u00f3n conjunto, representa un fortalecimiento adicional de los poderes de control de las autoridades italianas y rumanas. El incumplimiento de las obligaciones en materia de desplazamiento transnacional se vuelve cada vez m\u00e1s arriesgado: junto con las disposiciones establecidas por el <a href=\"https:\/\/arlettipartners.com\/es\/proteccion-de-la-salud-y-la-seguridad-en-los-lugares-de-trabajo-las-novedades-introducidas-por-el-d-l-146-2021\/\">Decreto-ley del 21 de octubre de 2021<\/a>, estas medidas aprietan el cerco contra el trabajo il\u00edcito, desplazamiento no genuino y explotaci\u00f3n, proporcionando herramientas adicionales a los \u00f3rganos de inspecci\u00f3n para verificar los niveles salariales pagados a los trabajadores desplazados y las condiciones laborales aplicadas.<\/p>\n","protected":false},"excerpt":{"rendered":"<p>In fecha 4 de mayo de 2022, Italia y Ruman\u00eda firmaron el Memor\u00e1ndum de entendimiento sobre la colaboraci\u00f3n y el intercambio de informaci\u00f3n en el campo de la inspecci\u00f3n del trabajo. <\/p>\n","protected":false},"author":42,"featured_media":152904,"template":"","meta":{"_acf_changed":false,"footnotes":""},"categories":[1975],"tags":[],"country":[1504,1601],"container":[],"service":[5576],"tag-di-competenza":[5605],"class_list":["post-178234","news","type-news","status-publish","has-post-thumbnail","hentry","category-posting-of-workers-for-provisions-of-services","country-italia-es","country-rumania","service-posting-of-workers-to-eu","tag-di-competenza-team-posting-it"],"acf":[],"yoast_head":"<!-- This site is optimized with the Yoast SEO Premium plugin v27.4 (Yoast SEO v27.4) - https:\/\/yoast.com\/product\/yoast-seo-premium-wordpress\/ -->\n<title>Acuerdo entre Inspecci\u00f3n Nacional del Trabajo italiana y rumana<\/title>\n<meta name=\"description\" content=\"Acuerdo sobre la colaboraci\u00f3n y el intercambio de informaci\u00f3n entre la Inspecci\u00f3n Nacional del Trabajo italiana y la rumana.\" \/>\n<meta name=\"robots\" content=\"index, follow, max-snippet:-1, max-image-preview:large, max-video-preview:-1\" \/>\n<link rel=\"canonical\" href=\"https:\/\/arlettipartners.com\/es\/acuerdo-entre-la-inspeccion-nacional-del-trabajo-italiana-y-la-inspeccion-del-trabajo-rumana\/\" \/>\n<meta property=\"og:locale\" content=\"es_ES\" \/>\n<meta property=\"og:type\" content=\"article\" \/>\n<meta property=\"og:title\" content=\"Acuerdo entre la Inspecci\u00f3n Nacional del Trabajo Italiana y la Inspecci\u00f3n del Trabajo Rumana\" \/>\n<meta property=\"og:description\" content=\"Acuerdo sobre la colaboraci\u00f3n y el intercambio de informaci\u00f3n entre la Inspecci\u00f3n Nacional del Trabajo italiana y la rumana.\" \/>\n<meta property=\"og:url\" content=\"https:\/\/arlettipartners.com\/es\/acuerdo-entre-la-inspeccion-nacional-del-trabajo-italiana-y-la-inspeccion-del-trabajo-rumana\/\" \/>\n<meta property=\"og:site_name\" content=\"Arletti Partners\" \/>\n<meta property=\"article:publisher\" content=\"https:\/\/www.facebook.com\/ArlettiPartners\" \/>\n<meta property=\"article:modified_time\" content=\"2025-09-17T09:22:37+00:00\" \/>\n<meta property=\"og:image\" content=\"https:\/\/arlettipartners.com\/wp-content\/uploads\/2022\/05\/italia.romania.png\" \/>\n\t<meta property=\"og:image:width\" content=\"1200\" \/>\n\t<meta property=\"og:image:height\" content=\"750\" \/>\n\t<meta property=\"og:image:type\" content=\"image\/png\" \/>\n<meta name=\"twitter:card\" content=\"summary_large_image\" \/>\n<meta name=\"twitter:label1\" content=\"Tiempo de lectura\" \/>\n\t<meta name=\"twitter:data1\" content=\"3 minutos\" \/>\n<script type=\"application\/ld+json\" class=\"yoast-schema-graph\">{\"@context\":\"https:\\\/\\\/schema.org\",\"@graph\":[{\"@type\":\"NewsArticle\",\"@id\":\"https:\\\/\\\/arlettipartners.com\\\/es\\\/acuerdo-entre-la-inspeccion-nacional-del-trabajo-italiana-y-la-inspeccion-del-trabajo-rumana\\\/#article\",\"isPartOf\":{\"@id\":\"https:\\\/\\\/arlettipartners.com\\\/es\\\/acuerdo-entre-la-inspeccion-nacional-del-trabajo-italiana-y-la-inspeccion-del-trabajo-rumana\\\/\"},\"author\":{\"name\":\"Federica Giglio\",\"@id\":\"https:\\\/\\\/arlettipartners.com\\\/es\\\/#\\\/schema\\\/person\\\/27ac8660a717d84fe06b895778179dc3\"},\"headline\":\"Acuerdo entre la Inspecci\u00f3n Nacional del Trabajo Italiana y la Inspecci\u00f3n del Trabajo Rumana\",\"datePublished\":\"2022-05-09T20:57:41+00:00\",\"dateModified\":\"2025-09-17T09:22:37+00:00\",\"mainEntityOfPage\":{\"@id\":\"https:\\\/\\\/arlettipartners.com\\\/es\\\/acuerdo-entre-la-inspeccion-nacional-del-trabajo-italiana-y-la-inspeccion-del-trabajo-rumana\\\/\"},\"wordCount\":494,\"publisher\":{\"@id\":\"https:\\\/\\\/arlettipartners.com\\\/es\\\/#organization\"},\"image\":{\"@id\":\"https:\\\/\\\/arlettipartners.com\\\/es\\\/acuerdo-entre-la-inspeccion-nacional-del-trabajo-italiana-y-la-inspeccion-del-trabajo-rumana\\\/#primaryimage\"},\"thumbnailUrl\":\"https:\\\/\\\/arlettipartners.com\\\/wp-content\\\/uploads\\\/2022\\\/05\\\/italia.romania.png\",\"articleSection\":[\"Posting of Workers for Provisions of Services\"],\"inLanguage\":\"es\",\"copyrightYear\":\"2022\",\"copyrightHolder\":{\"@id\":\"https:\\\/\\\/arlettipartners.com\\\/#organization\"}},{\"@type\":\"WebPage\",\"@id\":\"https:\\\/\\\/arlettipartners.com\\\/es\\\/acuerdo-entre-la-inspeccion-nacional-del-trabajo-italiana-y-la-inspeccion-del-trabajo-rumana\\\/\",\"url\":\"https:\\\/\\\/arlettipartners.com\\\/es\\\/acuerdo-entre-la-inspeccion-nacional-del-trabajo-italiana-y-la-inspeccion-del-trabajo-rumana\\\/\",\"name\":\"Acuerdo entre Inspecci\u00f3n Nacional del Trabajo italiana y rumana\",\"isPartOf\":{\"@id\":\"https:\\\/\\\/arlettipartners.com\\\/es\\\/#website\"},\"primaryImageOfPage\":{\"@id\":\"https:\\\/\\\/arlettipartners.com\\\/es\\\/acuerdo-entre-la-inspeccion-nacional-del-trabajo-italiana-y-la-inspeccion-del-trabajo-rumana\\\/#primaryimage\"},\"image\":{\"@id\":\"https:\\\/\\\/arlettipartners.com\\\/es\\\/acuerdo-entre-la-inspeccion-nacional-del-trabajo-italiana-y-la-inspeccion-del-trabajo-rumana\\\/#primaryimage\"},\"thumbnailUrl\":\"https:\\\/\\\/arlettipartners.com\\\/wp-content\\\/uploads\\\/2022\\\/05\\\/italia.romania.png\",\"datePublished\":\"2022-05-09T20:57:41+00:00\",\"dateModified\":\"2025-09-17T09:22:37+00:00\",\"description\":\"Acuerdo sobre la colaboraci\u00f3n y el intercambio de informaci\u00f3n entre la Inspecci\u00f3n Nacional del Trabajo italiana y la rumana.\",\"breadcrumb\":{\"@id\":\"https:\\\/\\\/arlettipartners.com\\\/es\\\/acuerdo-entre-la-inspeccion-nacional-del-trabajo-italiana-y-la-inspeccion-del-trabajo-rumana\\\/#breadcrumb\"},\"inLanguage\":\"es\",\"potentialAction\":[{\"@type\":\"ReadAction\",\"target\":[\"https:\\\/\\\/arlettipartners.com\\\/es\\\/acuerdo-entre-la-inspeccion-nacional-del-trabajo-italiana-y-la-inspeccion-del-trabajo-rumana\\\/\"]}]},{\"@type\":\"ImageObject\",\"inLanguage\":\"es\",\"@id\":\"https:\\\/\\\/arlettipartners.com\\\/es\\\/acuerdo-entre-la-inspeccion-nacional-del-trabajo-italiana-y-la-inspeccion-del-trabajo-rumana\\\/#primaryimage\",\"url\":\"https:\\\/\\\/arlettipartners.com\\\/wp-content\\\/uploads\\\/2022\\\/05\\\/italia.romania.png\",\"contentUrl\":\"https:\\\/\\\/arlettipartners.com\\\/wp-content\\\/uploads\\\/2022\\\/05\\\/italia.romania.png\",\"width\":1200,\"height\":750},{\"@type\":\"BreadcrumbList\",\"@id\":\"https:\\\/\\\/arlettipartners.com\\\/es\\\/acuerdo-entre-la-inspeccion-nacional-del-trabajo-italiana-y-la-inspeccion-del-trabajo-rumana\\\/#breadcrumb\",\"itemListElement\":[{\"@type\":\"ListItem\",\"position\":1,\"name\":\"Home\",\"item\":\"https:\\\/\\\/arlettipartners.com\\\/es\\\/\"},{\"@type\":\"ListItem\",\"position\":2,\"name\":\"News\",\"item\":\"https:\\\/\\\/arlettipartners.com\\\/es\\\/?post_type=news\"},{\"@type\":\"ListItem\",\"position\":3,\"name\":\"Labour Law\",\"item\":\"https:\\\/\\\/arlettipartners.com\\\/es\\\/category\\\/labour-law\\\/\"},{\"@type\":\"ListItem\",\"position\":4,\"name\":\"Posting of Workers for Provisions of Services\",\"item\":\"https:\\\/\\\/arlettipartners.com\\\/es\\\/category\\\/labour-law\\\/posting-of-workers-for-provisions-of-services\\\/\"},{\"@type\":\"ListItem\",\"position\":5,\"name\":\"Acuerdo entre la Inspecci\u00f3n Nacional del Trabajo Italiana y la Inspecci\u00f3n del Trabajo Rumana\"}]},{\"@type\":\"WebSite\",\"@id\":\"https:\\\/\\\/arlettipartners.com\\\/es\\\/#website\",\"url\":\"https:\\\/\\\/arlettipartners.com\\\/es\\\/\",\"name\":\"Arletti Partners\",\"description\":\"Tax Advisors and Global Mobility Specialists\",\"publisher\":{\"@id\":\"https:\\\/\\\/arlettipartners.com\\\/es\\\/#organization\"},\"potentialAction\":[{\"@type\":\"SearchAction\",\"target\":{\"@type\":\"EntryPoint\",\"urlTemplate\":\"https:\\\/\\\/arlettipartners.com\\\/es\\\/?s={search_term_string}\"},\"query-input\":{\"@type\":\"PropertyValueSpecification\",\"valueRequired\":true,\"valueName\":\"search_term_string\"}}],\"inLanguage\":\"es\"},{\"@type\":\"Organization\",\"@id\":\"https:\\\/\\\/arlettipartners.com\\\/es\\\/#organization\",\"name\":\"Arletti & Partners\",\"url\":\"https:\\\/\\\/arlettipartners.com\\\/es\\\/\",\"logo\":{\"@type\":\"ImageObject\",\"inLanguage\":\"es\",\"@id\":\"https:\\\/\\\/arlettipartners.com\\\/es\\\/#\\\/schema\\\/logo\\\/image\\\/\",\"url\":\"https:\\\/\\\/arlettipartners.com\\\/wp-content\\\/uploads\\\/2022\\\/03\\\/logo.png.nuovo_.nero_.png\",\"contentUrl\":\"https:\\\/\\\/arlettipartners.com\\\/wp-content\\\/uploads\\\/2022\\\/03\\\/logo.png.nuovo_.nero_.png\",\"width\":150,\"height\":32,\"caption\":\"Arletti & Partners\"},\"image\":{\"@id\":\"https:\\\/\\\/arlettipartners.com\\\/es\\\/#\\\/schema\\\/logo\\\/image\\\/\"},\"sameAs\":[\"https:\\\/\\\/www.facebook.com\\\/ArlettiPartners\",\"https:\\\/\\\/www.linkedin.com\\\/company\\\/aampp---arletti-amp-partners\\\/\"]},{\"@type\":\"Person\",\"@id\":\"https:\\\/\\\/arlettipartners.com\\\/es\\\/#\\\/schema\\\/person\\\/27ac8660a717d84fe06b895778179dc3\",\"name\":\"Federica Giglio\",\"image\":{\"@type\":\"ImageObject\",\"inLanguage\":\"es\",\"@id\":\"https:\\\/\\\/secure.gravatar.com\\\/avatar\\\/58d2371f145ee174d6fff3977edb97c4a4d3e8ed422be5669eb710ace7976c2d?s=96&d=mm&r=g\",\"url\":\"https:\\\/\\\/secure.gravatar.com\\\/avatar\\\/58d2371f145ee174d6fff3977edb97c4a4d3e8ed422be5669eb710ace7976c2d?s=96&d=mm&r=g\",\"contentUrl\":\"https:\\\/\\\/secure.gravatar.com\\\/avatar\\\/58d2371f145ee174d6fff3977edb97c4a4d3e8ed422be5669eb710ace7976c2d?s=96&d=mm&r=g\",\"caption\":\"Federica Giglio\"},\"url\":\"https:\\\/\\\/arlettipartners.com\\\/es\\\/author\\\/federica-giglio\\\/\"}]}<\/script>\n<!-- \/ Yoast SEO Premium plugin. -->","yoast_head_json":{"title":"Acuerdo entre Inspecci\u00f3n Nacional del Trabajo italiana y rumana","description":"Acuerdo sobre la colaboraci\u00f3n y el intercambio de informaci\u00f3n entre la Inspecci\u00f3n Nacional del Trabajo italiana y la rumana.","robots":{"index":"index","follow":"follow","max-snippet":"max-snippet:-1","max-image-preview":"max-image-preview:large","max-video-preview":"max-video-preview:-1"},"canonical":"https:\/\/arlettipartners.com\/es\/acuerdo-entre-la-inspeccion-nacional-del-trabajo-italiana-y-la-inspeccion-del-trabajo-rumana\/","og_locale":"es_ES","og_type":"article","og_title":"Acuerdo entre la Inspecci\u00f3n Nacional del Trabajo Italiana y la Inspecci\u00f3n del Trabajo Rumana","og_description":"Acuerdo sobre la colaboraci\u00f3n y el intercambio de informaci\u00f3n entre la Inspecci\u00f3n Nacional del Trabajo italiana y la rumana.","og_url":"https:\/\/arlettipartners.com\/es\/acuerdo-entre-la-inspeccion-nacional-del-trabajo-italiana-y-la-inspeccion-del-trabajo-rumana\/","og_site_name":"Arletti Partners","article_publisher":"https:\/\/www.facebook.com\/ArlettiPartners","article_modified_time":"2025-09-17T09:22:37+00:00","og_image":[{"width":1200,"height":750,"url":"https:\/\/arlettipartners.com\/wp-content\/uploads\/2022\/05\/italia.romania.png","type":"image\/png"}],"twitter_card":"summary_large_image","twitter_misc":{"Tiempo de lectura":"3 minutos"},"schema":{"@context":"https:\/\/schema.org","@graph":[{"@type":"NewsArticle","@id":"https:\/\/arlettipartners.com\/es\/acuerdo-entre-la-inspeccion-nacional-del-trabajo-italiana-y-la-inspeccion-del-trabajo-rumana\/#article","isPartOf":{"@id":"https:\/\/arlettipartners.com\/es\/acuerdo-entre-la-inspeccion-nacional-del-trabajo-italiana-y-la-inspeccion-del-trabajo-rumana\/"},"author":{"name":"Federica Giglio","@id":"https:\/\/arlettipartners.com\/es\/#\/schema\/person\/27ac8660a717d84fe06b895778179dc3"},"headline":"Acuerdo entre la Inspecci\u00f3n Nacional del Trabajo Italiana y la Inspecci\u00f3n del Trabajo Rumana","datePublished":"2022-05-09T20:57:41+00:00","dateModified":"2025-09-17T09:22:37+00:00","mainEntityOfPage":{"@id":"https:\/\/arlettipartners.com\/es\/acuerdo-entre-la-inspeccion-nacional-del-trabajo-italiana-y-la-inspeccion-del-trabajo-rumana\/"},"wordCount":494,"publisher":{"@id":"https:\/\/arlettipartners.com\/es\/#organization"},"image":{"@id":"https:\/\/arlettipartners.com\/es\/acuerdo-entre-la-inspeccion-nacional-del-trabajo-italiana-y-la-inspeccion-del-trabajo-rumana\/#primaryimage"},"thumbnailUrl":"https:\/\/arlettipartners.com\/wp-content\/uploads\/2022\/05\/italia.romania.png","articleSection":["Posting of Workers for Provisions of Services"],"inLanguage":"es","copyrightYear":"2022","copyrightHolder":{"@id":"https:\/\/arlettipartners.com\/#organization"}},{"@type":"WebPage","@id":"https:\/\/arlettipartners.com\/es\/acuerdo-entre-la-inspeccion-nacional-del-trabajo-italiana-y-la-inspeccion-del-trabajo-rumana\/","url":"https:\/\/arlettipartners.com\/es\/acuerdo-entre-la-inspeccion-nacional-del-trabajo-italiana-y-la-inspeccion-del-trabajo-rumana\/","name":"Acuerdo entre Inspecci\u00f3n Nacional del Trabajo italiana y rumana","isPartOf":{"@id":"https:\/\/arlettipartners.com\/es\/#website"},"primaryImageOfPage":{"@id":"https:\/\/arlettipartners.com\/es\/acuerdo-entre-la-inspeccion-nacional-del-trabajo-italiana-y-la-inspeccion-del-trabajo-rumana\/#primaryimage"},"image":{"@id":"https:\/\/arlettipartners.com\/es\/acuerdo-entre-la-inspeccion-nacional-del-trabajo-italiana-y-la-inspeccion-del-trabajo-rumana\/#primaryimage"},"thumbnailUrl":"https:\/\/arlettipartners.com\/wp-content\/uploads\/2022\/05\/italia.romania.png","datePublished":"2022-05-09T20:57:41+00:00","dateModified":"2025-09-17T09:22:37+00:00","description":"Acuerdo sobre la colaboraci\u00f3n y el intercambio de informaci\u00f3n entre la Inspecci\u00f3n Nacional del Trabajo italiana y la rumana.","breadcrumb":{"@id":"https:\/\/arlettipartners.com\/es\/acuerdo-entre-la-inspeccion-nacional-del-trabajo-italiana-y-la-inspeccion-del-trabajo-rumana\/#breadcrumb"},"inLanguage":"es","potentialAction":[{"@type":"ReadAction","target":["https:\/\/arlettipartners.com\/es\/acuerdo-entre-la-inspeccion-nacional-del-trabajo-italiana-y-la-inspeccion-del-trabajo-rumana\/"]}]},{"@type":"ImageObject","inLanguage":"es","@id":"https:\/\/arlettipartners.com\/es\/acuerdo-entre-la-inspeccion-nacional-del-trabajo-italiana-y-la-inspeccion-del-trabajo-rumana\/#primaryimage","url":"https:\/\/arlettipartners.com\/wp-content\/uploads\/2022\/05\/italia.romania.png","contentUrl":"https:\/\/arlettipartners.com\/wp-content\/uploads\/2022\/05\/italia.romania.png","width":1200,"height":750},{"@type":"BreadcrumbList","@id":"https:\/\/arlettipartners.com\/es\/acuerdo-entre-la-inspeccion-nacional-del-trabajo-italiana-y-la-inspeccion-del-trabajo-rumana\/#breadcrumb","itemListElement":[{"@type":"ListItem","position":1,"name":"Home","item":"https:\/\/arlettipartners.com\/es\/"},{"@type":"ListItem","position":2,"name":"News","item":"https:\/\/arlettipartners.com\/es\/?post_type=news"},{"@type":"ListItem","position":3,"name":"Labour Law","item":"https:\/\/arlettipartners.com\/es\/category\/labour-law\/"},{"@type":"ListItem","position":4,"name":"Posting of Workers for Provisions of Services","item":"https:\/\/arlettipartners.com\/es\/category\/labour-law\/posting-of-workers-for-provisions-of-services\/"},{"@type":"ListItem","position":5,"name":"Acuerdo entre la Inspecci\u00f3n Nacional del Trabajo Italiana y la Inspecci\u00f3n del Trabajo Rumana"}]},{"@type":"WebSite","@id":"https:\/\/arlettipartners.com\/es\/#website","url":"https:\/\/arlettipartners.com\/es\/","name":"Arletti Partners","description":"Tax Advisors and Global Mobility Specialists","publisher":{"@id":"https:\/\/arlettipartners.com\/es\/#organization"},"potentialAction":[{"@type":"SearchAction","target":{"@type":"EntryPoint","urlTemplate":"https:\/\/arlettipartners.com\/es\/?s={search_term_string}"},"query-input":{"@type":"PropertyValueSpecification","valueRequired":true,"valueName":"search_term_string"}}],"inLanguage":"es"},{"@type":"Organization","@id":"https:\/\/arlettipartners.com\/es\/#organization","name":"Arletti & Partners","url":"https:\/\/arlettipartners.com\/es\/","logo":{"@type":"ImageObject","inLanguage":"es","@id":"https:\/\/arlettipartners.com\/es\/#\/schema\/logo\/image\/","url":"https:\/\/arlettipartners.com\/wp-content\/uploads\/2022\/03\/logo.png.nuovo_.nero_.png","contentUrl":"https:\/\/arlettipartners.com\/wp-content\/uploads\/2022\/03\/logo.png.nuovo_.nero_.png","width":150,"height":32,"caption":"Arletti & Partners"},"image":{"@id":"https:\/\/arlettipartners.com\/es\/#\/schema\/logo\/image\/"},"sameAs":["https:\/\/www.facebook.com\/ArlettiPartners","https:\/\/www.linkedin.com\/company\/aampp---arletti-amp-partners\/"]},{"@type":"Person","@id":"https:\/\/arlettipartners.com\/es\/#\/schema\/person\/27ac8660a717d84fe06b895778179dc3","name":"Federica Giglio","image":{"@type":"ImageObject","inLanguage":"es","@id":"https:\/\/secure.gravatar.com\/avatar\/58d2371f145ee174d6fff3977edb97c4a4d3e8ed422be5669eb710ace7976c2d?s=96&d=mm&r=g","url":"https:\/\/secure.gravatar.com\/avatar\/58d2371f145ee174d6fff3977edb97c4a4d3e8ed422be5669eb710ace7976c2d?s=96&d=mm&r=g","contentUrl":"https:\/\/secure.gravatar.com\/avatar\/58d2371f145ee174d6fff3977edb97c4a4d3e8ed422be5669eb710ace7976c2d?s=96&d=mm&r=g","caption":"Federica Giglio"},"url":"https:\/\/arlettipartners.com\/es\/author\/federica-giglio\/"}]}},"_links":{"self":[{"href":"https:\/\/arlettipartners.com\/es\/wp-json\/wp\/v2\/news\/178234","targetHints":{"allow":["GET"]}}],"collection":[{"href":"https:\/\/arlettipartners.com\/es\/wp-json\/wp\/v2\/news"}],"about":[{"href":"https:\/\/arlettipartners.com\/es\/wp-json\/wp\/v2\/types\/news"}],"author":[{"embeddable":true,"href":"https:\/\/arlettipartners.com\/es\/wp-json\/wp\/v2\/users\/42"}],"version-history":[{"count":0,"href":"https:\/\/arlettipartners.com\/es\/wp-json\/wp\/v2\/news\/178234\/revisions"}],"wp:featuredmedia":[{"embeddable":true,"href":"https:\/\/arlettipartners.com\/es\/wp-json\/wp\/v2\/media\/152904"}],"wp:attachment":[{"href":"https:\/\/arlettipartners.com\/es\/wp-json\/wp\/v2\/media?parent=178234"}],"wp:term":[{"taxonomy":"category","embeddable":true,"href":"https:\/\/arlettipartners.com\/es\/wp-json\/wp\/v2\/categories?post=178234"},{"taxonomy":"post_tag","embeddable":true,"href":"https:\/\/arlettipartners.com\/es\/wp-json\/wp\/v2\/tags?post=178234"},{"taxonomy":"country","embeddable":true,"href":"https:\/\/arlettipartners.com\/es\/wp-json\/wp\/v2\/country?post=178234"},{"taxonomy":"container","embeddable":true,"href":"https:\/\/arlettipartners.com\/es\/wp-json\/wp\/v2\/container?post=178234"},{"taxonomy":"service","embeddable":true,"href":"https:\/\/arlettipartners.com\/es\/wp-json\/wp\/v2\/service?post=178234"},{"taxonomy":"tag-di-competenza","embeddable":true,"href":"https:\/\/arlettipartners.com\/es\/wp-json\/wp\/v2\/tag-di-competenza?post=178234"}],"curies":[{"name":"wp","href":"https:\/\/api.w.org\/{rel}","templated":true}]}}