{"id":234489,"date":"2026-04-23T12:14:06","date_gmt":"2026-04-23T10:14:06","guid":{"rendered":"https:\/\/arlettipartners.com\/?news=luxemburg-mindestlohnerhoehung-und-anhaltende-spannungen"},"modified":"2026-04-28T14:57:20","modified_gmt":"2026-04-28T12:57:20","slug":"luxemburg-mindestlohnerhoehung-und-anhaltende-spannungen","status":"publish","type":"news","link":"https:\/\/arlettipartners.com\/de\/luxemburg-mindestlohnerhoehung-und-anhaltende-spannungen\/","title":{"rendered":"Luxemburg: Erh\u00f6hung des Mindestlohns und anhaltende Spannungen zwischen Regierung und Sozialpartnern"},"content":{"rendered":"\n<p>Die luxemburgische Regierung hat die Erh\u00f6hung des Mindestlohns offiziell best\u00e4tigt und eine Anhebung um 3,8 % angek\u00fcndigt, die ab dem 1. Januar 2027 in Kraft treten wird. Die Ma\u00dfnahme hat bereits eine Debatte zwischen Gewerkschaften und Arbeitgebern ausgel\u00f6st und verdeutlicht die anhaltenden Spannungen hinsichtlich der Angemessenheit der L\u00f6hne.<\/p>\n\n<h2 class=\"wp-block-heading\" id=\"h-minimum-wage-increase-overview-of-the-measure\"><span data-teams=\"true\"><strong>\u00dcberblick \u00fcber die Mindestlohnerh\u00f6hung<\/strong><\/span><\/h2>\n\n<p><span data-teams=\"true\">In Luxemburg hat die Regierung eine Erh\u00f6hung des Mindestlohns um 3,8 % best\u00e4tigt, deren Inkrafttreten zum 1. Januar 2027 vorgesehen ist. Die Ma\u00dfnahme ist Teil einer umfassenderen Politik zur St\u00e4rkung der Kaufkraft, insbesondere vor dem Hintergrund der weiterhin steigenden Lebenshaltungskosten. Insgesamt wird \u2013 unter Ber\u00fccksichtigung der im <a href=\"https:\/\/data.legilux.public.lu\/filestore\/eli\/etat\/leg\/code\/travail\/20200201\/fr\/pdf\/eli-etat-leg-code-travail-20200201-fr-pdf.pdf\">luxemburgischen Recht<\/a> bereits bestehenden automatischen Indexierungsmechanismen \u2013 eine durchschnittliche Erh\u00f6hung von rund 170 \u20ac pro Monat erwartet.<\/span><\/p>\n\n<h2 class=\"wp-block-heading\" id=\"h-eu-framework-and-benchmarks-for-minimum-wage-adequacy\"><span data-teams=\"true\"><strong>EU-Rahmen und Referenzwerte zur Bewertung der Angemessenheit des Mindestlohns<\/strong><\/span><\/h2>\n\n<p><span data-teams=\"true\">Die Erh\u00f6hung ist im Rahmen der <a href=\"https:\/\/eur-lex.europa.eu\/legal-content\/DE\/TXT\/?uri=CELEX:32022L2041\">EU-Richtlinie \u00fcber angemessene Mindestl\u00f6hne zu betrachten<\/a>, die die Mitgliedstaaten verpflichtet sicherzustellen, dass gesetzliche Mindestl\u00f6hne einen angemessenen Lebensstandard gew\u00e4hrleisten und mit den nationalen Lohnstrukturen im Einklang stehen. Als Referenzwerte f\u00fcr die Beurteilung der Angemessenheit werden in der Richtlinie unter anderem 60 % des Medianlohns oder 50 % des Durchschnittslohns empfohlen.<\/span><\/p>\n\n<h2 class=\"wp-block-heading\" id=\"h-concerns-raised-by-trade-unions\"><span data-teams=\"true\"><strong>Bedenken der Gewerkschaften<\/strong><\/span><\/h2>\n\n<p>Obwohl die Ma\u00dfnahme formal beschlossen wurde, hat sie deutliche Kritik seitens der Gewerkschaften ausgel\u00f6st, die das Ergebnis der Verhandlungen als unzureichend bewerten. Insbesondere wird die Methode zur Berechnung des Medianlohns kritisiert, die als zentrale Referenzgr\u00f6\u00dfe f\u00fcr die Bewertung der Angemessenheit der Erh\u00f6hung dient. Nach Ansicht der Arbeitnehmervertretungen f\u00fchrt der Ausschluss bestimmter Verg\u00fctungskomponenten \u2013 wie Boni und zus\u00e4tzliche monatliche Zahlungen \u2013 zu einer Untersch\u00e4tzung des tats\u00e4chlichen Medianlohns und damit zu einer geringeren Anpassung.<\/p>\n\n<h2 class=\"wp-block-heading\" id=\"h-workers-demands-and-the-issue-of-wage-adequacy\"><span data-teams=\"true\"><strong>Forderungen der Arbeitnehmer und Frage der Angemessenheit<\/strong><\/span><\/h2>\n\n<p>Die Gewerkschaften fordern eine deutlich st\u00e4rkere Anhebung und sprechen sich f\u00fcr eine Erh\u00f6hung von rund 12 % aus, die ihrer Ansicht nach erforderlich ist, um insbesondere f\u00fcr Geringverdiener ein angemessenes Lebensniveau zu gew\u00e4hrleisten. Diese Position spiegelt umfassendere Bedenken hinsichtlich der sogenannten \u201eWorking Poor\u201c in einem Umfeld hoher Lebenshaltungskosten wider.<\/p>\n\n<h2 class=\"wp-block-heading\" id=\"h-employers-position-and-deadlock-in-social-dialogue\"><span data-teams=\"true\"><strong>Position der Arbeitgeber und Blockade im Sozialdialog<\/strong><\/span><\/h2>\n\n<p>Die Arbeitgeberverb\u00e4nde \u00e4u\u00dfern hingegen Bedenken hinsichtlich der wirtschaftlichen Tragf\u00e4higkeit und argumentieren, dass eine Erh\u00f6hung in dieser Gr\u00f6\u00dfenordnung die Lohnkosten und die Wettbewerbsf\u00e4higkeit der Unternehmen beeintr\u00e4chtigen k\u00f6nnte. Als Alternative schlagen sie direkte Einkommensst\u00fctzungsma\u00dfnahmen vor, die die Lohnniveaus nicht wesentlich erh\u00f6hen w\u00fcrden. Aufgrund dieser gegens\u00e4tzlichen Positionen befindet sich der soziale Dialog derzeit in einer Sackgasse, da die Standpunkte weit auseinanderliegen.<\/p>\n\n<h2 class=\"wp-block-heading\" id=\"h-concluding-remarks-and-future-outlook\"><span data-teams=\"true\"><strong>Schlussbemerkungen und Ausblick<\/strong><\/span><\/h2>\n\n<p>Die Situation in Luxemburg verdeutlicht die Komplexit\u00e4t einer ausgewogenen Mindestlohnpolitik, die sowohl den Schutz der Kaufkraft der Arbeitnehmer als auch die wirtschaftliche Tragf\u00e4higkeit der Unternehmen ber\u00fccksichtigen muss. Die weitere Entwicklung der Gespr\u00e4che zwischen Regierung und Sozialpartnern wird entscheidend daf\u00fcr sein, ob in naher Zukunft zus\u00e4tzliche Anpassungen oder Korrekturma\u00dfnahmen vorgenommen werden.<\/p>\n","protected":false},"excerpt":{"rendered":"<p>Die Erh\u00f6hung des Mindestlohns in Luxemburg f\u00fcr das Jahr 2027 wurde mit einem Anstieg von 3,8 % best\u00e4tigt, w\u00e4hrend Gewerkschaften und Arbeitgeber weiterhin uneinig \u00fcber die Angemessenheit der L\u00f6hne und k\u00fcnftige Reformen bleiben.<\/p>\n","protected":false},"author":76,"featured_media":175750,"template":"","meta":{"_acf_changed":false,"footnotes":""},"categories":[1487,1489],"tags":[7283],"country":[2023],"container":[],"service":[6234],"tag-di-competenza":[5613],"class_list":["post-234489","news","type-news","status-publish","has-post-thumbnail","hentry","category-labour-law","category-remuneration","tag-news","country-luxemburg","service-posting-of-workers-to-eu","tag-di-competenza-team-posting-de"],"acf":[],"yoast_head":"<!-- This site is optimized with the Yoast SEO Premium plugin v27.4 (Yoast SEO v27.4) - https:\/\/yoast.com\/product\/yoast-seo-premium-wordpress\/ -->\n<title>Luxemburg: Erh\u00f6hung des Mindestlohns und anhaltende Spannungen zwischen Regierung und Sozialpartnern - Arletti Partners<\/title>\n<meta name=\"description\" content=\"Luxemburg best\u00e4tigt eine Erh\u00f6hung des Mindestlohns um 3,8 % ab 2027, w\u00e4hrend Gewerkschaften und Arbeitgeber weiterhin \u00fcber die Angemessenheit der L\u00f6hne und Reformen uneinig sind.\" \/>\n<meta name=\"robots\" content=\"index, follow, max-snippet:-1, max-image-preview:large, max-video-preview:-1\" \/>\n<link rel=\"canonical\" href=\"https:\/\/arlettipartners.com\/de\/luxemburg-mindestlohnerhoehung-und-anhaltende-spannungen\/\" \/>\n<meta property=\"og:locale\" content=\"de_DE\" \/>\n<meta property=\"og:type\" content=\"article\" \/>\n<meta property=\"og:title\" content=\"Luxemburg: Erh\u00f6hung des Mindestlohns und anhaltende Spannungen zwischen Regierung und Sozialpartnern\" \/>\n<meta property=\"og:description\" content=\"Luxemburg best\u00e4tigt eine Erh\u00f6hung des Mindestlohns um 3,8 % ab 2027, w\u00e4hrend Gewerkschaften und Arbeitgeber weiterhin \u00fcber die Angemessenheit der L\u00f6hne und Reformen uneinig sind.\" \/>\n<meta property=\"og:url\" content=\"https:\/\/arlettipartners.com\/de\/luxemburg-mindestlohnerhoehung-und-anhaltende-spannungen\/\" \/>\n<meta property=\"og:site_name\" content=\"Arletti Partners\" \/>\n<meta property=\"article:publisher\" content=\"https:\/\/www.facebook.com\/ArlettiPartners\" \/>\n<meta property=\"article:modified_time\" content=\"2026-04-28T12:57:20+00:00\" \/>\n<meta property=\"og:image\" content=\"https:\/\/arlettipartners.com\/wp-content\/uploads\/2024\/05\/Increase-in-inspections-and-sanctions-in-Luxembourg.png\" \/>\n\t<meta property=\"og:image:width\" content=\"1300\" \/>\n\t<meta property=\"og:image:height\" content=\"700\" \/>\n\t<meta property=\"og:image:type\" content=\"image\/png\" \/>\n<meta name=\"twitter:card\" content=\"summary_large_image\" \/>\n<meta name=\"twitter:label1\" content=\"Gesch\u00e4tzte Lesezeit\" \/>\n\t<meta name=\"twitter:data1\" content=\"2\u00a0Minuten\" \/>\n<script type=\"application\/ld+json\" class=\"yoast-schema-graph\">{\"@context\":\"https:\\\/\\\/schema.org\",\"@graph\":[{\"@type\":\"WebPage\",\"@id\":\"https:\\\/\\\/arlettipartners.com\\\/de\\\/luxemburg-mindestlohnerhoehung-und-anhaltende-spannungen\\\/\",\"url\":\"https:\\\/\\\/arlettipartners.com\\\/de\\\/luxemburg-mindestlohnerhoehung-und-anhaltende-spannungen\\\/\",\"name\":\"Luxemburg: Erh\u00f6hung des Mindestlohns und anhaltende Spannungen zwischen Regierung und Sozialpartnern - Arletti Partners\",\"isPartOf\":{\"@id\":\"https:\\\/\\\/arlettipartners.com\\\/de\\\/#website\"},\"primaryImageOfPage\":{\"@id\":\"https:\\\/\\\/arlettipartners.com\\\/de\\\/luxemburg-mindestlohnerhoehung-und-anhaltende-spannungen\\\/#primaryimage\"},\"image\":{\"@id\":\"https:\\\/\\\/arlettipartners.com\\\/de\\\/luxemburg-mindestlohnerhoehung-und-anhaltende-spannungen\\\/#primaryimage\"},\"thumbnailUrl\":\"https:\\\/\\\/arlettipartners.com\\\/wp-content\\\/uploads\\\/2024\\\/05\\\/Increase-in-inspections-and-sanctions-in-Luxembourg.png\",\"datePublished\":\"2026-04-23T10:14:06+00:00\",\"dateModified\":\"2026-04-28T12:57:20+00:00\",\"description\":\"Luxemburg best\u00e4tigt eine Erh\u00f6hung des Mindestlohns um 3,8 % ab 2027, w\u00e4hrend Gewerkschaften und Arbeitgeber weiterhin \u00fcber die Angemessenheit der L\u00f6hne und Reformen uneinig sind.\",\"breadcrumb\":{\"@id\":\"https:\\\/\\\/arlettipartners.com\\\/de\\\/luxemburg-mindestlohnerhoehung-und-anhaltende-spannungen\\\/#breadcrumb\"},\"inLanguage\":\"de\",\"potentialAction\":[{\"@type\":\"ReadAction\",\"target\":[\"https:\\\/\\\/arlettipartners.com\\\/de\\\/luxemburg-mindestlohnerhoehung-und-anhaltende-spannungen\\\/\"]}]},{\"@type\":\"ImageObject\",\"inLanguage\":\"de\",\"@id\":\"https:\\\/\\\/arlettipartners.com\\\/de\\\/luxemburg-mindestlohnerhoehung-und-anhaltende-spannungen\\\/#primaryimage\",\"url\":\"https:\\\/\\\/arlettipartners.com\\\/wp-content\\\/uploads\\\/2024\\\/05\\\/Increase-in-inspections-and-sanctions-in-Luxembourg.png\",\"contentUrl\":\"https:\\\/\\\/arlettipartners.com\\\/wp-content\\\/uploads\\\/2024\\\/05\\\/Increase-in-inspections-and-sanctions-in-Luxembourg.png\",\"width\":1300,\"height\":700,\"caption\":\"Luxembourg's\"},{\"@type\":\"BreadcrumbList\",\"@id\":\"https:\\\/\\\/arlettipartners.com\\\/de\\\/luxemburg-mindestlohnerhoehung-und-anhaltende-spannungen\\\/#breadcrumb\",\"itemListElement\":[{\"@type\":\"ListItem\",\"position\":1,\"name\":\"Home\",\"item\":\"https:\\\/\\\/arlettipartners.com\\\/de\\\/\"},{\"@type\":\"ListItem\",\"position\":2,\"name\":\"News\",\"item\":\"https:\\\/\\\/arlettipartners.com\\\/de\\\/?post_type=news\"},{\"@type\":\"ListItem\",\"position\":3,\"name\":\"Luxemburg: Erh\u00f6hung des Mindestlohns und anhaltende Spannungen zwischen Regierung und Sozialpartnern\"}]},{\"@type\":\"WebSite\",\"@id\":\"https:\\\/\\\/arlettipartners.com\\\/de\\\/#website\",\"url\":\"https:\\\/\\\/arlettipartners.com\\\/de\\\/\",\"name\":\"Arletti Partners\",\"description\":\"Tax Advisors and Global Mobility Specialists\",\"publisher\":{\"@id\":\"https:\\\/\\\/arlettipartners.com\\\/de\\\/#organization\"},\"potentialAction\":[{\"@type\":\"SearchAction\",\"target\":{\"@type\":\"EntryPoint\",\"urlTemplate\":\"https:\\\/\\\/arlettipartners.com\\\/de\\\/?s={search_term_string}\"},\"query-input\":{\"@type\":\"PropertyValueSpecification\",\"valueRequired\":true,\"valueName\":\"search_term_string\"}}],\"inLanguage\":\"de\"},{\"@type\":\"Organization\",\"@id\":\"https:\\\/\\\/arlettipartners.com\\\/de\\\/#organization\",\"name\":\"Arletti & Partners\",\"url\":\"https:\\\/\\\/arlettipartners.com\\\/de\\\/\",\"logo\":{\"@type\":\"ImageObject\",\"inLanguage\":\"de\",\"@id\":\"https:\\\/\\\/arlettipartners.com\\\/de\\\/#\\\/schema\\\/logo\\\/image\\\/\",\"url\":\"https:\\\/\\\/arlettipartners.com\\\/wp-content\\\/uploads\\\/2022\\\/03\\\/logo.png.nuovo_.nero_.png\",\"contentUrl\":\"https:\\\/\\\/arlettipartners.com\\\/wp-content\\\/uploads\\\/2022\\\/03\\\/logo.png.nuovo_.nero_.png\",\"width\":150,\"height\":32,\"caption\":\"Arletti & Partners\"},\"image\":{\"@id\":\"https:\\\/\\\/arlettipartners.com\\\/de\\\/#\\\/schema\\\/logo\\\/image\\\/\"},\"sameAs\":[\"https:\\\/\\\/www.facebook.com\\\/ArlettiPartners\",\"https:\\\/\\\/www.linkedin.com\\\/company\\\/aampp---arletti-amp-partners\\\/\"]}]}<\/script>\n<!-- \/ Yoast SEO Premium plugin. -->","yoast_head_json":{"title":"Luxemburg: Erh\u00f6hung des Mindestlohns und anhaltende Spannungen zwischen Regierung und Sozialpartnern - Arletti Partners","description":"Luxemburg best\u00e4tigt eine Erh\u00f6hung des Mindestlohns um 3,8 % ab 2027, w\u00e4hrend Gewerkschaften und Arbeitgeber weiterhin \u00fcber die Angemessenheit der L\u00f6hne und Reformen uneinig sind.","robots":{"index":"index","follow":"follow","max-snippet":"max-snippet:-1","max-image-preview":"max-image-preview:large","max-video-preview":"max-video-preview:-1"},"canonical":"https:\/\/arlettipartners.com\/de\/luxemburg-mindestlohnerhoehung-und-anhaltende-spannungen\/","og_locale":"de_DE","og_type":"article","og_title":"Luxemburg: Erh\u00f6hung des Mindestlohns und anhaltende Spannungen zwischen Regierung und Sozialpartnern","og_description":"Luxemburg best\u00e4tigt eine Erh\u00f6hung des Mindestlohns um 3,8 % ab 2027, w\u00e4hrend Gewerkschaften und Arbeitgeber weiterhin \u00fcber die Angemessenheit der L\u00f6hne und Reformen uneinig sind.","og_url":"https:\/\/arlettipartners.com\/de\/luxemburg-mindestlohnerhoehung-und-anhaltende-spannungen\/","og_site_name":"Arletti Partners","article_publisher":"https:\/\/www.facebook.com\/ArlettiPartners","article_modified_time":"2026-04-28T12:57:20+00:00","og_image":[{"width":1300,"height":700,"url":"https:\/\/arlettipartners.com\/wp-content\/uploads\/2024\/05\/Increase-in-inspections-and-sanctions-in-Luxembourg.png","type":"image\/png"}],"twitter_card":"summary_large_image","twitter_misc":{"Gesch\u00e4tzte Lesezeit":"2\u00a0Minuten"},"schema":{"@context":"https:\/\/schema.org","@graph":[{"@type":"WebPage","@id":"https:\/\/arlettipartners.com\/de\/luxemburg-mindestlohnerhoehung-und-anhaltende-spannungen\/","url":"https:\/\/arlettipartners.com\/de\/luxemburg-mindestlohnerhoehung-und-anhaltende-spannungen\/","name":"Luxemburg: Erh\u00f6hung des Mindestlohns und anhaltende Spannungen zwischen Regierung und Sozialpartnern - Arletti Partners","isPartOf":{"@id":"https:\/\/arlettipartners.com\/de\/#website"},"primaryImageOfPage":{"@id":"https:\/\/arlettipartners.com\/de\/luxemburg-mindestlohnerhoehung-und-anhaltende-spannungen\/#primaryimage"},"image":{"@id":"https:\/\/arlettipartners.com\/de\/luxemburg-mindestlohnerhoehung-und-anhaltende-spannungen\/#primaryimage"},"thumbnailUrl":"https:\/\/arlettipartners.com\/wp-content\/uploads\/2024\/05\/Increase-in-inspections-and-sanctions-in-Luxembourg.png","datePublished":"2026-04-23T10:14:06+00:00","dateModified":"2026-04-28T12:57:20+00:00","description":"Luxemburg best\u00e4tigt eine Erh\u00f6hung des Mindestlohns um 3,8 % ab 2027, w\u00e4hrend Gewerkschaften und Arbeitgeber weiterhin \u00fcber die Angemessenheit der L\u00f6hne und Reformen uneinig sind.","breadcrumb":{"@id":"https:\/\/arlettipartners.com\/de\/luxemburg-mindestlohnerhoehung-und-anhaltende-spannungen\/#breadcrumb"},"inLanguage":"de","potentialAction":[{"@type":"ReadAction","target":["https:\/\/arlettipartners.com\/de\/luxemburg-mindestlohnerhoehung-und-anhaltende-spannungen\/"]}]},{"@type":"ImageObject","inLanguage":"de","@id":"https:\/\/arlettipartners.com\/de\/luxemburg-mindestlohnerhoehung-und-anhaltende-spannungen\/#primaryimage","url":"https:\/\/arlettipartners.com\/wp-content\/uploads\/2024\/05\/Increase-in-inspections-and-sanctions-in-Luxembourg.png","contentUrl":"https:\/\/arlettipartners.com\/wp-content\/uploads\/2024\/05\/Increase-in-inspections-and-sanctions-in-Luxembourg.png","width":1300,"height":700,"caption":"Luxembourg's"},{"@type":"BreadcrumbList","@id":"https:\/\/arlettipartners.com\/de\/luxemburg-mindestlohnerhoehung-und-anhaltende-spannungen\/#breadcrumb","itemListElement":[{"@type":"ListItem","position":1,"name":"Home","item":"https:\/\/arlettipartners.com\/de\/"},{"@type":"ListItem","position":2,"name":"News","item":"https:\/\/arlettipartners.com\/de\/?post_type=news"},{"@type":"ListItem","position":3,"name":"Luxemburg: Erh\u00f6hung des Mindestlohns und anhaltende Spannungen zwischen Regierung und Sozialpartnern"}]},{"@type":"WebSite","@id":"https:\/\/arlettipartners.com\/de\/#website","url":"https:\/\/arlettipartners.com\/de\/","name":"Arletti Partners","description":"Tax Advisors and Global Mobility Specialists","publisher":{"@id":"https:\/\/arlettipartners.com\/de\/#organization"},"potentialAction":[{"@type":"SearchAction","target":{"@type":"EntryPoint","urlTemplate":"https:\/\/arlettipartners.com\/de\/?s={search_term_string}"},"query-input":{"@type":"PropertyValueSpecification","valueRequired":true,"valueName":"search_term_string"}}],"inLanguage":"de"},{"@type":"Organization","@id":"https:\/\/arlettipartners.com\/de\/#organization","name":"Arletti & Partners","url":"https:\/\/arlettipartners.com\/de\/","logo":{"@type":"ImageObject","inLanguage":"de","@id":"https:\/\/arlettipartners.com\/de\/#\/schema\/logo\/image\/","url":"https:\/\/arlettipartners.com\/wp-content\/uploads\/2022\/03\/logo.png.nuovo_.nero_.png","contentUrl":"https:\/\/arlettipartners.com\/wp-content\/uploads\/2022\/03\/logo.png.nuovo_.nero_.png","width":150,"height":32,"caption":"Arletti & Partners"},"image":{"@id":"https:\/\/arlettipartners.com\/de\/#\/schema\/logo\/image\/"},"sameAs":["https:\/\/www.facebook.com\/ArlettiPartners","https:\/\/www.linkedin.com\/company\/aampp---arletti-amp-partners\/"]}]}},"_links":{"self":[{"href":"https:\/\/arlettipartners.com\/de\/wp-json\/wp\/v2\/news\/234489","targetHints":{"allow":["GET"]}}],"collection":[{"href":"https:\/\/arlettipartners.com\/de\/wp-json\/wp\/v2\/news"}],"about":[{"href":"https:\/\/arlettipartners.com\/de\/wp-json\/wp\/v2\/types\/news"}],"author":[{"embeddable":true,"href":"https:\/\/arlettipartners.com\/de\/wp-json\/wp\/v2\/users\/76"}],"version-history":[{"count":1,"href":"https:\/\/arlettipartners.com\/de\/wp-json\/wp\/v2\/news\/234489\/revisions"}],"predecessor-version":[{"id":234490,"href":"https:\/\/arlettipartners.com\/de\/wp-json\/wp\/v2\/news\/234489\/revisions\/234490"}],"wp:featuredmedia":[{"embeddable":true,"href":"https:\/\/arlettipartners.com\/de\/wp-json\/wp\/v2\/media\/175750"}],"wp:attachment":[{"href":"https:\/\/arlettipartners.com\/de\/wp-json\/wp\/v2\/media?parent=234489"}],"wp:term":[{"taxonomy":"category","embeddable":true,"href":"https:\/\/arlettipartners.com\/de\/wp-json\/wp\/v2\/categories?post=234489"},{"taxonomy":"post_tag","embeddable":true,"href":"https:\/\/arlettipartners.com\/de\/wp-json\/wp\/v2\/tags?post=234489"},{"taxonomy":"country","embeddable":true,"href":"https:\/\/arlettipartners.com\/de\/wp-json\/wp\/v2\/country?post=234489"},{"taxonomy":"container","embeddable":true,"href":"https:\/\/arlettipartners.com\/de\/wp-json\/wp\/v2\/container?post=234489"},{"taxonomy":"service","embeddable":true,"href":"https:\/\/arlettipartners.com\/de\/wp-json\/wp\/v2\/service?post=234489"},{"taxonomy":"tag-di-competenza","embeddable":true,"href":"https:\/\/arlettipartners.com\/de\/wp-json\/wp\/v2\/tag-di-competenza?post=234489"}],"curies":[{"name":"wp","href":"https:\/\/api.w.org\/{rel}","templated":true}]}}