{"id":225244,"date":"2025-12-22T15:16:07","date_gmt":"2025-12-22T14:16:07","guid":{"rendered":"https:\/\/arlettipartners.com\/?news=neue-erhoehung-des-niederlaendischen-mindeststundenlohns-ab-dem-1-januar-2026"},"modified":"2026-01-02T14:09:15","modified_gmt":"2026-01-02T13:09:15","slug":"neue-erhoehung-des-niederlaendischen-mindeststundenlohns-ab-dem-1-januar-2026","status":"publish","type":"news","link":"https:\/\/arlettipartners.com\/de\/neue-erhoehung-des-niederlaendischen-mindeststundenlohns-ab-dem-1-januar-2026\/","title":{"rendered":"Neue Erh\u00f6hung des niederl\u00e4ndischen Mindeststundenlohns ab dem 1. Januar 2026"},"content":{"rendered":"\n<p><div class=\"text-base my-auto mx-auto pb-10 [--thread-content-margin:--spacing(4)] @w-sm\/main:[--thread-content-margin:--spacing(6)] @w-lg\/main:[--thread-content-margin:--spacing(16)] px-(--thread-content-margin)\">&#13;\n<div class=\"[--thread-content-max-width:40rem] @w-lg\/main:[--thread-content-max-width:48rem] mx-auto max-w-(--thread-content-max-width) flex-1 group\/turn-messages focus-visible:outline-hidden relative flex w-full min-w-0 flex-col agent-turn\" tabindex=\"-1\">&#13;\n<div class=\"flex max-w-full flex-col grow\">&#13;\n<div class=\"min-h-8 text-message relative flex w-full flex-col items-end gap-2 text-start break-words whitespace-normal [.text-message+&amp;]:mt-1\" dir=\"auto\" data-message-author-role=\"assistant\" data-message-id=\"3ce1f24c-8258-4097-86e6-b170bfe63809\" data-message-model-slug=\"gpt-5-mini\">&#13;\n<div class=\"flex w-full flex-col gap-1 empty:hidden first:pt-[1px]\">&#13;\n<div class=\"markdown prose dark:prose-invert w-full break-words light markdown-new-styling\">&#13;\n<p data-start=\"0\" data-end=\"140\" data-is-last-node=\"\" data-is-only-node=\"\">Ab dem 1. Januar 2026 wird der Mindestlohn in den Niederlanden erh\u00f6ht. Der neue Stundenlohn betr\u00e4gt f\u00fcr Arbeitnehmende ab 21 Jahren 14,71 \u20ac.<\/p>&#13;\n&#13;\n<\/div><br\/><\/div><br\/><\/div><br\/><\/div><br\/><\/div><br\/><\/div><\/p>\n\n<h2 class=\"wp-block-heading\" id=\"h-dutch-minimum-hourly-wage\"><strong>Niederl\u00e4ndischer Mindeststundenlohn<\/strong><\/h2>\n\n<p>Der <strong>Mindeststundenlohn<\/strong> wurde am 1. Januar 2024 in den Niederlanden eingef\u00fchrt. Dadurch wurden die festen Mindestl\u00f6hne auf Monats-, Wochen- und Tagesbasis abgeschafft.<\/p>\n\n<p>Zur Bestimmung des Monatsgehalts einer Arbeitnehmenden muss Folgendes ber\u00fccksichtigt werden: <\/p>\n\n<ul class=\"wp-block-list\">\n<li>Die tats\u00e4chlich geleisteten Arbeitsstunden;<\/li>\n<\/ul>\n\n<ul class=\"wp-block-list\">\n<li>Die Urlaubsstunden;<\/li>\n<\/ul>\n\n<ul class=\"wp-block-list\">\n<li>Die Krankheitsstunden.<\/li>\n<\/ul>\n\n<p>Um eine st\u00e4rkere Angleichung an die tariflich vereinbarten Durchschnittsl\u00f6hne zu gew\u00e4hrleisten, passt die niederl\u00e4ndische Regierung den Mindeststundenlohn zweimal j\u00e4hrlich an, und zwar am <strong>1. Januar<\/strong> und am <strong>1. Juli<\/strong>.<\/p>\n\n<h2 class=\"wp-block-heading\" id=\"h-new-rates\"><strong>Neue Betr\u00e4ge<\/strong><\/h2>\n\n<p>Das niederl\u00e4ndische Ministerium f\u00fcr Soziales und Besch\u00e4ftigung hat eine weitere Erh\u00f6hung des Mindeststundenlohns um etwa 2,15 % genehmigt, die am 1. Januar 2026 in Kraft treten soll. <\/p>\n\n<p><div class=\"flex flex-col text-sm\"><article class=\"text-token-text-primary w-full focus:outline-none [--shadow-height:45px] has-data-writing-block:pointer-events-none has-data-writing-block:-mt-(--shadow-height) has-data-writing-block:pt-(--shadow-height) [&amp;:has([data-writing-block])&gt;*]:pointer-events-auto scroll-mt-[calc(var(--header-height)+min(200px,max(70px,20svh)))]\" dir=\"auto\" tabindex=\"-1\" data-turn-id=\"request-WEB:c5856726-86e6-49df-96b1-0169ecc4c9e2-53\" data-testid=\"conversation-turn-108\" data-scroll-anchor=\"true\" data-turn=\"assistant\">&#13;\n<div class=\"text-base my-auto mx-auto pb-10 [--thread-content-margin:--spacing(4)] @w-sm\/main:[--thread-content-margin:--spacing(6)] @w-lg\/main:[--thread-content-margin:--spacing(16)] px-(--thread-content-margin)\">&#13;\n<div class=\"[--thread-content-max-width:40rem] @w-lg\/main:[--thread-content-max-width:48rem] mx-auto max-w-(--thread-content-max-width) flex-1 group\/turn-messages focus-visible:outline-hidden relative flex w-full min-w-0 flex-col agent-turn\" tabindex=\"-1\">&#13;\n<div class=\"flex max-w-full flex-col grow\">&#13;\n<div class=\"min-h-8 text-message relative flex w-full flex-col items-end gap-2 text-start break-words whitespace-normal [.text-message+&amp;]:mt-1\" dir=\"auto\" data-message-author-role=\"assistant\" data-message-id=\"4109f459-46d5-4d1f-9025-0543e90a5625\" data-message-model-slug=\"gpt-5-mini\">&#13;\n<div class=\"flex w-full flex-col gap-1 empty:hidden first:pt-[1px]\">&#13;\n<div class=\"markdown prose dark:prose-invert w-full break-words light markdown-new-styling\">&#13;\n<p data-start=\"0\" data-end=\"230\" data-is-last-node=\"\" data-is-only-node=\"\">Der Mindestlohn steigt von 14,40\u20ac auf <strong>14,71\u20ac<\/strong> und gilt f\u00fcr alle Arbeitnehmenden ab 21 Jahren. Arbeitnehmende im Alter von 15 bis 21 Jahren profitieren weiterhin vom Jugendmindestlohn, der schrittweise und altersgerecht ansteigt.<\/p>&#13;\n&#13;\n<\/div><br\/><\/div><br\/><\/div><br\/><\/div><br\/><\/div><br\/><\/div><br\/><\/article><\/div><\/p>\n\n<p>Nachfolgend sind die neuen Mindeststundenl\u00f6hne in den Niederlanden aufgef\u00fchrt, aktualisiert zum 1. Januar 2026:<\/p>\n\n<figure class=\"wp-block-table\"><table class=\"has-fixed-layout\"><tbody><tr><td><strong>Alter<\/strong><\/td><td><strong>Mindeststundenlohn <\/strong><\/td><\/tr><tr><td>21 und \u00e4lter<\/td><td>\u20ac14.71\u00a0<\/td><\/tr><tr><td>20<\/td><td>\u20ac11.77\u00a0<\/td><\/tr><tr><td>19\u00a0<\/td><td>\u20ac8.83\u00a0<\/td><\/tr><tr><td>18\u00a0<\/td><td>\u20ac7.36\u00a0<\/td><\/tr><tr><td>17\u00a0<\/td><td>\u20ac5.81\u00a0<\/td><\/tr><tr><td>16\u00a0<\/td><td>\u20ac5.07\u00a0<\/td><\/tr><tr><td>15\u00a0<\/td><td>\u20ac4.41\u00a0<\/td><\/tr><\/tbody><\/table><\/figure>\n\n<p><\/p>\n","protected":false},"excerpt":{"rendered":"<p>Ab dem 1. Januar 2026 steigt der niederl\u00e4ndische Mindeststundenlohn f\u00fcr Arbeitnehmende ab 21 Jahren nach einer Anpassung um 2,15% auf 14,71\u20ac. Es gelten auch aktualisierte Mindestl\u00f6hne f\u00fcr Jugendliche.<\/p>\n","protected":false},"author":112,"featured_media":135739,"template":"","meta":{"_acf_changed":false,"footnotes":""},"categories":[1489],"tags":[],"country":[2025],"container":[],"service":[6234],"tag-di-competenza":[5613],"class_list":["post-225244","news","type-news","status-publish","has-post-thumbnail","hentry","category-remuneration","country-niederlande","service-posting-of-workers-to-eu","tag-di-competenza-team-posting-de"],"acf":[],"yoast_head":"<!-- This site is optimized with the Yoast SEO Premium plugin v27.4 (Yoast SEO v27.4) - https:\/\/yoast.com\/product\/yoast-seo-premium-wordpress\/ -->\n<title>Neue Erh\u00f6hung des niederl\u00e4ndischen Mindeststundenlohns ab dem 1. Januar 2026 - Arletti Partners<\/title>\n<meta name=\"robots\" content=\"index, follow, max-snippet:-1, max-image-preview:large, max-video-preview:-1\" \/>\n<link rel=\"canonical\" href=\"https:\/\/arlettipartners.com\/de\/neue-erhoehung-des-niederlaendischen-mindeststundenlohns-ab-dem-1-januar-2026\/\" \/>\n<meta property=\"og:locale\" content=\"de_DE\" \/>\n<meta property=\"og:type\" content=\"article\" \/>\n<meta property=\"og:title\" content=\"Neue Erh\u00f6hung des niederl\u00e4ndischen Mindeststundenlohns ab dem 1. Januar 2026\" \/>\n<meta property=\"og:description\" content=\"Ab dem 1. Januar 2026 steigt der niederl\u00e4ndische Mindeststundenlohn f\u00fcr Arbeitnehmende ab 21 Jahren nach einer Anpassung um 2,15% auf 14,71\u20ac. Es gelten auch aktualisierte Mindestl\u00f6hne f\u00fcr Jugendliche.\" \/>\n<meta property=\"og:url\" content=\"https:\/\/arlettipartners.com\/de\/neue-erhoehung-des-niederlaendischen-mindeststundenlohns-ab-dem-1-januar-2026\/\" \/>\n<meta property=\"og:site_name\" content=\"Arletti Partners\" \/>\n<meta property=\"article:publisher\" content=\"https:\/\/www.facebook.com\/ArlettiPartners\" \/>\n<meta property=\"article:modified_time\" content=\"2026-01-02T13:09:15+00:00\" \/>\n<meta property=\"og:image\" content=\"https:\/\/arlettipartners.com\/wp-content\/uploads\/2022\/07\/salary-netherlands.png\" \/>\n\t<meta property=\"og:image:width\" content=\"1600\" \/>\n\t<meta property=\"og:image:height\" content=\"1000\" \/>\n\t<meta property=\"og:image:type\" content=\"image\/png\" \/>\n<meta name=\"twitter:card\" content=\"summary_large_image\" \/>\n<meta name=\"twitter:label1\" content=\"Gesch\u00e4tzte Lesezeit\" \/>\n\t<meta name=\"twitter:data1\" content=\"1\u00a0Minute\" \/>\n<script type=\"application\/ld+json\" class=\"yoast-schema-graph\">{\"@context\":\"https:\\\/\\\/schema.org\",\"@graph\":[{\"@type\":\"WebPage\",\"@id\":\"https:\\\/\\\/arlettipartners.com\\\/de\\\/neue-erhoehung-des-niederlaendischen-mindeststundenlohns-ab-dem-1-januar-2026\\\/\",\"url\":\"https:\\\/\\\/arlettipartners.com\\\/de\\\/neue-erhoehung-des-niederlaendischen-mindeststundenlohns-ab-dem-1-januar-2026\\\/\",\"name\":\"Neue Erh\u00f6hung des niederl\u00e4ndischen Mindeststundenlohns ab dem 1. Januar 2026 - Arletti Partners\",\"isPartOf\":{\"@id\":\"https:\\\/\\\/arlettipartners.com\\\/de\\\/#website\"},\"primaryImageOfPage\":{\"@id\":\"https:\\\/\\\/arlettipartners.com\\\/de\\\/neue-erhoehung-des-niederlaendischen-mindeststundenlohns-ab-dem-1-januar-2026\\\/#primaryimage\"},\"image\":{\"@id\":\"https:\\\/\\\/arlettipartners.com\\\/de\\\/neue-erhoehung-des-niederlaendischen-mindeststundenlohns-ab-dem-1-januar-2026\\\/#primaryimage\"},\"thumbnailUrl\":\"https:\\\/\\\/arlettipartners.com\\\/wp-content\\\/uploads\\\/2022\\\/07\\\/salary-netherlands.png\",\"datePublished\":\"2025-12-22T14:16:07+00:00\",\"dateModified\":\"2026-01-02T13:09:15+00:00\",\"breadcrumb\":{\"@id\":\"https:\\\/\\\/arlettipartners.com\\\/de\\\/neue-erhoehung-des-niederlaendischen-mindeststundenlohns-ab-dem-1-januar-2026\\\/#breadcrumb\"},\"inLanguage\":\"de\",\"potentialAction\":[{\"@type\":\"ReadAction\",\"target\":[\"https:\\\/\\\/arlettipartners.com\\\/de\\\/neue-erhoehung-des-niederlaendischen-mindeststundenlohns-ab-dem-1-januar-2026\\\/\"]}]},{\"@type\":\"ImageObject\",\"inLanguage\":\"de\",\"@id\":\"https:\\\/\\\/arlettipartners.com\\\/de\\\/neue-erhoehung-des-niederlaendischen-mindeststundenlohns-ab-dem-1-januar-2026\\\/#primaryimage\",\"url\":\"https:\\\/\\\/arlettipartners.com\\\/wp-content\\\/uploads\\\/2022\\\/07\\\/salary-netherlands.png\",\"contentUrl\":\"https:\\\/\\\/arlettipartners.com\\\/wp-content\\\/uploads\\\/2022\\\/07\\\/salary-netherlands.png\",\"width\":1600,\"height\":1000,\"caption\":\"minimum wage in the netherlands\"},{\"@type\":\"BreadcrumbList\",\"@id\":\"https:\\\/\\\/arlettipartners.com\\\/de\\\/neue-erhoehung-des-niederlaendischen-mindeststundenlohns-ab-dem-1-januar-2026\\\/#breadcrumb\",\"itemListElement\":[{\"@type\":\"ListItem\",\"position\":1,\"name\":\"Home\",\"item\":\"https:\\\/\\\/arlettipartners.com\\\/de\\\/\"},{\"@type\":\"ListItem\",\"position\":2,\"name\":\"News\",\"item\":\"https:\\\/\\\/arlettipartners.com\\\/de\\\/?post_type=news\"},{\"@type\":\"ListItem\",\"position\":3,\"name\":\"Labour Law\",\"item\":\"https:\\\/\\\/arlettipartners.com\\\/de\\\/category\\\/labour-law\\\/\"},{\"@type\":\"ListItem\",\"position\":4,\"name\":\"Posting of Workers for Provisions of Services\",\"item\":\"https:\\\/\\\/arlettipartners.com\\\/de\\\/category\\\/labour-law\\\/posting-of-workers-for-provisions-of-services\\\/\"},{\"@type\":\"ListItem\",\"position\":5,\"name\":\"Remuneration\",\"item\":\"https:\\\/\\\/arlettipartners.com\\\/de\\\/category\\\/labour-law\\\/posting-of-workers-for-provisions-of-services\\\/remuneration\\\/\"},{\"@type\":\"ListItem\",\"position\":6,\"name\":\"Neue Erh\u00f6hung des niederl\u00e4ndischen Mindeststundenlohns ab dem 1. Januar 2026\"}]},{\"@type\":\"WebSite\",\"@id\":\"https:\\\/\\\/arlettipartners.com\\\/de\\\/#website\",\"url\":\"https:\\\/\\\/arlettipartners.com\\\/de\\\/\",\"name\":\"Arletti Partners\",\"description\":\"Tax Advisors and Global Mobility Specialists\",\"publisher\":{\"@id\":\"https:\\\/\\\/arlettipartners.com\\\/de\\\/#organization\"},\"potentialAction\":[{\"@type\":\"SearchAction\",\"target\":{\"@type\":\"EntryPoint\",\"urlTemplate\":\"https:\\\/\\\/arlettipartners.com\\\/de\\\/?s={search_term_string}\"},\"query-input\":{\"@type\":\"PropertyValueSpecification\",\"valueRequired\":true,\"valueName\":\"search_term_string\"}}],\"inLanguage\":\"de\"},{\"@type\":\"Organization\",\"@id\":\"https:\\\/\\\/arlettipartners.com\\\/de\\\/#organization\",\"name\":\"Arletti & Partners\",\"url\":\"https:\\\/\\\/arlettipartners.com\\\/de\\\/\",\"logo\":{\"@type\":\"ImageObject\",\"inLanguage\":\"de\",\"@id\":\"https:\\\/\\\/arlettipartners.com\\\/de\\\/#\\\/schema\\\/logo\\\/image\\\/\",\"url\":\"https:\\\/\\\/arlettipartners.com\\\/wp-content\\\/uploads\\\/2022\\\/03\\\/logo.png.nuovo_.nero_.png\",\"contentUrl\":\"https:\\\/\\\/arlettipartners.com\\\/wp-content\\\/uploads\\\/2022\\\/03\\\/logo.png.nuovo_.nero_.png\",\"width\":150,\"height\":32,\"caption\":\"Arletti & Partners\"},\"image\":{\"@id\":\"https:\\\/\\\/arlettipartners.com\\\/de\\\/#\\\/schema\\\/logo\\\/image\\\/\"},\"sameAs\":[\"https:\\\/\\\/www.facebook.com\\\/ArlettiPartners\",\"https:\\\/\\\/www.linkedin.com\\\/company\\\/aampp---arletti-amp-partners\\\/\"]}]}<\/script>\n<!-- \/ Yoast SEO Premium plugin. -->","yoast_head_json":{"title":"Neue Erh\u00f6hung des niederl\u00e4ndischen Mindeststundenlohns ab dem 1. Januar 2026 - Arletti Partners","robots":{"index":"index","follow":"follow","max-snippet":"max-snippet:-1","max-image-preview":"max-image-preview:large","max-video-preview":"max-video-preview:-1"},"canonical":"https:\/\/arlettipartners.com\/de\/neue-erhoehung-des-niederlaendischen-mindeststundenlohns-ab-dem-1-januar-2026\/","og_locale":"de_DE","og_type":"article","og_title":"Neue Erh\u00f6hung des niederl\u00e4ndischen Mindeststundenlohns ab dem 1. Januar 2026","og_description":"Ab dem 1. Januar 2026 steigt der niederl\u00e4ndische Mindeststundenlohn f\u00fcr Arbeitnehmende ab 21 Jahren nach einer Anpassung um 2,15% auf 14,71\u20ac. Es gelten auch aktualisierte Mindestl\u00f6hne f\u00fcr Jugendliche.","og_url":"https:\/\/arlettipartners.com\/de\/neue-erhoehung-des-niederlaendischen-mindeststundenlohns-ab-dem-1-januar-2026\/","og_site_name":"Arletti Partners","article_publisher":"https:\/\/www.facebook.com\/ArlettiPartners","article_modified_time":"2026-01-02T13:09:15+00:00","og_image":[{"width":1600,"height":1000,"url":"https:\/\/arlettipartners.com\/wp-content\/uploads\/2022\/07\/salary-netherlands.png","type":"image\/png"}],"twitter_card":"summary_large_image","twitter_misc":{"Gesch\u00e4tzte Lesezeit":"1\u00a0Minute"},"schema":{"@context":"https:\/\/schema.org","@graph":[{"@type":"WebPage","@id":"https:\/\/arlettipartners.com\/de\/neue-erhoehung-des-niederlaendischen-mindeststundenlohns-ab-dem-1-januar-2026\/","url":"https:\/\/arlettipartners.com\/de\/neue-erhoehung-des-niederlaendischen-mindeststundenlohns-ab-dem-1-januar-2026\/","name":"Neue Erh\u00f6hung des niederl\u00e4ndischen Mindeststundenlohns ab dem 1. Januar 2026 - Arletti Partners","isPartOf":{"@id":"https:\/\/arlettipartners.com\/de\/#website"},"primaryImageOfPage":{"@id":"https:\/\/arlettipartners.com\/de\/neue-erhoehung-des-niederlaendischen-mindeststundenlohns-ab-dem-1-januar-2026\/#primaryimage"},"image":{"@id":"https:\/\/arlettipartners.com\/de\/neue-erhoehung-des-niederlaendischen-mindeststundenlohns-ab-dem-1-januar-2026\/#primaryimage"},"thumbnailUrl":"https:\/\/arlettipartners.com\/wp-content\/uploads\/2022\/07\/salary-netherlands.png","datePublished":"2025-12-22T14:16:07+00:00","dateModified":"2026-01-02T13:09:15+00:00","breadcrumb":{"@id":"https:\/\/arlettipartners.com\/de\/neue-erhoehung-des-niederlaendischen-mindeststundenlohns-ab-dem-1-januar-2026\/#breadcrumb"},"inLanguage":"de","potentialAction":[{"@type":"ReadAction","target":["https:\/\/arlettipartners.com\/de\/neue-erhoehung-des-niederlaendischen-mindeststundenlohns-ab-dem-1-januar-2026\/"]}]},{"@type":"ImageObject","inLanguage":"de","@id":"https:\/\/arlettipartners.com\/de\/neue-erhoehung-des-niederlaendischen-mindeststundenlohns-ab-dem-1-januar-2026\/#primaryimage","url":"https:\/\/arlettipartners.com\/wp-content\/uploads\/2022\/07\/salary-netherlands.png","contentUrl":"https:\/\/arlettipartners.com\/wp-content\/uploads\/2022\/07\/salary-netherlands.png","width":1600,"height":1000,"caption":"minimum wage in the netherlands"},{"@type":"BreadcrumbList","@id":"https:\/\/arlettipartners.com\/de\/neue-erhoehung-des-niederlaendischen-mindeststundenlohns-ab-dem-1-januar-2026\/#breadcrumb","itemListElement":[{"@type":"ListItem","position":1,"name":"Home","item":"https:\/\/arlettipartners.com\/de\/"},{"@type":"ListItem","position":2,"name":"News","item":"https:\/\/arlettipartners.com\/de\/?post_type=news"},{"@type":"ListItem","position":3,"name":"Labour Law","item":"https:\/\/arlettipartners.com\/de\/category\/labour-law\/"},{"@type":"ListItem","position":4,"name":"Posting of Workers for Provisions of Services","item":"https:\/\/arlettipartners.com\/de\/category\/labour-law\/posting-of-workers-for-provisions-of-services\/"},{"@type":"ListItem","position":5,"name":"Remuneration","item":"https:\/\/arlettipartners.com\/de\/category\/labour-law\/posting-of-workers-for-provisions-of-services\/remuneration\/"},{"@type":"ListItem","position":6,"name":"Neue Erh\u00f6hung des niederl\u00e4ndischen Mindeststundenlohns ab dem 1. Januar 2026"}]},{"@type":"WebSite","@id":"https:\/\/arlettipartners.com\/de\/#website","url":"https:\/\/arlettipartners.com\/de\/","name":"Arletti Partners","description":"Tax Advisors and Global Mobility Specialists","publisher":{"@id":"https:\/\/arlettipartners.com\/de\/#organization"},"potentialAction":[{"@type":"SearchAction","target":{"@type":"EntryPoint","urlTemplate":"https:\/\/arlettipartners.com\/de\/?s={search_term_string}"},"query-input":{"@type":"PropertyValueSpecification","valueRequired":true,"valueName":"search_term_string"}}],"inLanguage":"de"},{"@type":"Organization","@id":"https:\/\/arlettipartners.com\/de\/#organization","name":"Arletti & Partners","url":"https:\/\/arlettipartners.com\/de\/","logo":{"@type":"ImageObject","inLanguage":"de","@id":"https:\/\/arlettipartners.com\/de\/#\/schema\/logo\/image\/","url":"https:\/\/arlettipartners.com\/wp-content\/uploads\/2022\/03\/logo.png.nuovo_.nero_.png","contentUrl":"https:\/\/arlettipartners.com\/wp-content\/uploads\/2022\/03\/logo.png.nuovo_.nero_.png","width":150,"height":32,"caption":"Arletti & Partners"},"image":{"@id":"https:\/\/arlettipartners.com\/de\/#\/schema\/logo\/image\/"},"sameAs":["https:\/\/www.facebook.com\/ArlettiPartners","https:\/\/www.linkedin.com\/company\/aampp---arletti-amp-partners\/"]}]}},"_links":{"self":[{"href":"https:\/\/arlettipartners.com\/de\/wp-json\/wp\/v2\/news\/225244","targetHints":{"allow":["GET"]}}],"collection":[{"href":"https:\/\/arlettipartners.com\/de\/wp-json\/wp\/v2\/news"}],"about":[{"href":"https:\/\/arlettipartners.com\/de\/wp-json\/wp\/v2\/types\/news"}],"author":[{"embeddable":true,"href":"https:\/\/arlettipartners.com\/de\/wp-json\/wp\/v2\/users\/112"}],"version-history":[{"count":9,"href":"https:\/\/arlettipartners.com\/de\/wp-json\/wp\/v2\/news\/225244\/revisions"}],"predecessor-version":[{"id":225681,"href":"https:\/\/arlettipartners.com\/de\/wp-json\/wp\/v2\/news\/225244\/revisions\/225681"}],"wp:featuredmedia":[{"embeddable":true,"href":"https:\/\/arlettipartners.com\/de\/wp-json\/wp\/v2\/media\/135739"}],"wp:attachment":[{"href":"https:\/\/arlettipartners.com\/de\/wp-json\/wp\/v2\/media?parent=225244"}],"wp:term":[{"taxonomy":"category","embeddable":true,"href":"https:\/\/arlettipartners.com\/de\/wp-json\/wp\/v2\/categories?post=225244"},{"taxonomy":"post_tag","embeddable":true,"href":"https:\/\/arlettipartners.com\/de\/wp-json\/wp\/v2\/tags?post=225244"},{"taxonomy":"country","embeddable":true,"href":"https:\/\/arlettipartners.com\/de\/wp-json\/wp\/v2\/country?post=225244"},{"taxonomy":"container","embeddable":true,"href":"https:\/\/arlettipartners.com\/de\/wp-json\/wp\/v2\/container?post=225244"},{"taxonomy":"service","embeddable":true,"href":"https:\/\/arlettipartners.com\/de\/wp-json\/wp\/v2\/service?post=225244"},{"taxonomy":"tag-di-competenza","embeddable":true,"href":"https:\/\/arlettipartners.com\/de\/wp-json\/wp\/v2\/tag-di-competenza?post=225244"}],"curies":[{"name":"wp","href":"https:\/\/api.w.org\/{rel}","templated":true}]}}