{"id":225234,"date":"2024-09-02T14:41:14","date_gmt":"2024-09-02T12:41:14","guid":{"rendered":"https:\/\/arlettipartners.com\/?news=der-niederlaendische-mindestlohn-steigt-ab-dem-1-juli-2024"},"modified":"2025-12-29T11:38:12","modified_gmt":"2025-12-29T10:38:12","slug":"der-niederlaendische-mindestlohn-steigt-ab-dem-1-juli-2024","status":"publish","type":"news","link":"https:\/\/arlettipartners.com\/de\/der-niederlaendische-mindestlohn-steigt-ab-dem-1-juli-2024\/","title":{"rendered":"Der niederl\u00e4ndische Mindestlohn steigt ab dem 1. Juli 2024"},"content":{"rendered":"\n<h2 class=\"wp-block-heading\" id=\"h-i-nuovi-importi-del-salario-orario-minimo-olandese-nbsp\">Die neuen Betr\u00e4ge des niederl\u00e4ndischen gesetzlichen Mindeststundenlohns<\/h2>\n\n<p>Der gesetzliche Bruttomindeststundenlohn der Niederlande gilt f\u00fcr alle Arbeitnehmer:innen ab 15 Jahren, deren Wochen- oder Monatsgehalt von den mit dem Unternehmen vereinbarten Arbeitsstunden abh\u00e4ngt.<\/p>\n\n<blockquote class=\"wp-block-quote is-layout-flow wp-block-quote-is-layout-flow\">\n<p>Die niederl\u00e4ndische Regierung passt den Mindestlohn zweimal j\u00e4hrlich \u2013 am 1. Januar und am 1. Juli \u2013 entsprechend der Entwicklung der tariflich vereinbarten Durchschnittsl\u00f6hne an. <\/p>\n<\/blockquote>\n\n<p>F\u00fcr alle Besch\u00e4ftigten <strong>ab 21 Jahren<\/strong> gilt ein <strong>fester Mindeststundenlohn<\/strong>, w\u00e4hrend f\u00fcr Besch\u00e4ftigte <strong>zwischen 15 und 21 Jahren<\/strong> ein <strong>Jugend-Mindeststundenlohn<\/strong> gilt, der schrittweise altersabh\u00e4ngig angehoben wird.<\/p>\n\n<p>Nachfolgend sind die Betr\u00e4ge des Mindeststundenlohns in den Niederlanden nach Alter aufgef\u00fchrt, aktualisiert zum <strong>1. Juli 2024<\/strong>:<\/p>\n\n<table style=\"border-collapse: collapse; width: 100%; height: 184px;\">\r\n<tbody>\r\n<tr style=\"height: 23px;\">\r\n<td style=\"width: 50%; height: 23px; text-align: center;\">ARBEITNEHMERALTER<\/td>\r\n<td style=\"width: 50%; height: 23px; text-align: center;\">\r\n<div class=\"text-base my-auto mx-auto pb-10 [--thread-content-margin:--spacing(4)] @w-sm\/main:[--thread-content-margin:--spacing(6)] @w-lg\/main:[--thread-content-margin:--spacing(16)] px-(--thread-content-margin)\">\r\n<div class=\"[--thread-content-max-width:40rem] @w-lg\/main:[--thread-content-max-width:48rem] mx-auto max-w-(--thread-content-max-width) flex-1 group\/turn-messages focus-visible:outline-hidden relative flex w-full min-w-0 flex-col agent-turn\" tabindex=\"-1\">\r\n<div class=\"flex max-w-full flex-col grow\">\r\n<div class=\"min-h-8 text-message relative flex w-full flex-col items-end gap-2 text-start break-words whitespace-normal [.text-message+&amp;]:mt-1\" dir=\"auto\" data-message-author-role=\"assistant\" data-message-id=\"9d260462-f654-4033-b207-d4e0441d5ef0\" data-message-model-slug=\"gpt-5-mini\">\r\n<div class=\"flex w-full flex-col gap-1 empty:hidden first:pt-[1px]\">\r\n<div class=\"markdown prose dark:prose-invert w-full break-words light markdown-new-styling\">\r\n<p data-start=\"0\" data-end=\"24\" data-is-last-node=\"\" data-is-only-node=\"\">BRUTTOMINDESTSTUNDENLOHN<\/p>\r\n\r\n<\/div>\r\n<\/div>\r\n<\/div>\r\n<\/div>\r\n<\/div>\r\n<\/div><\/td>\r\n<\/tr>\r\n<tr style=\"height: 23px;\">\r\n<td style=\"width: 50%; height: 23px;\"><span class=\"TextRun SCXW2956867 BCX8\" lang=\"IT-IT\" xml:lang=\"IT-IT\" data-contrast=\"auto\"><span class=\"NormalTextRun SCXW2956867 BCX8\">21 und \u00e4lter<\/span><\/span><span class=\"EOP SCXW2956867 BCX8\" data-ccp-props=\"{&quot;201341983&quot;:0,&quot;335551550&quot;:6,&quot;335551620&quot;:6,&quot;335559740&quot;:278}\">\u00a0<\/span><\/td>\r\n<td style=\"width: 50%; height: 23px; text-align: left;\"><span class=\"TextRun SCXW189898049 BCX8\" lang=\"IT-IT\" xml:lang=\"IT-IT\" data-contrast=\"auto\"><span class=\"NormalTextRun SCXW189898049 BCX8\">\u20ac13.68<\/span><\/span><span class=\"EOP SCXW189898049 BCX8\" data-ccp-props=\"{&quot;201341983&quot;:0,&quot;335551550&quot;:6,&quot;335551620&quot;:6,&quot;335559740&quot;:278}\">\u00a0<\/span><\/td>\r\n<\/tr>\r\n<tr style=\"height: 23px;\">\r\n<td style=\"width: 50%; height: 23px;\"><span class=\"TextRun SCXW199355431 BCX8\" lang=\"IT-IT\" xml:lang=\"IT-IT\" data-contrast=\"auto\"><span class=\"NormalTextRun SCXW199355431 BCX8\">20<\/span><\/span><span class=\"EOP SCXW199355431 BCX8\" data-ccp-props=\"{&quot;201341983&quot;:0,&quot;335551550&quot;:6,&quot;335551620&quot;:6,&quot;335559740&quot;:278}\">\u00a0<\/span><\/td>\r\n<td style=\"width: 50%; height: 23px; text-align: left;\"><span class=\"TextRun SCXW208549929 BCX8\" lang=\"IT-IT\" xml:lang=\"IT-IT\" data-contrast=\"auto\"><span class=\"NormalTextRun SCXW208549929 BCX8\">\u20ac10.94<\/span><\/span><span class=\"EOP SCXW208549929 BCX8\" data-ccp-props=\"{&quot;201341983&quot;:0,&quot;335551550&quot;:6,&quot;335551620&quot;:6,&quot;335559740&quot;:278}\">\u00a0<\/span><\/td>\r\n<\/tr>\r\n<tr style=\"height: 23px;\">\r\n<td style=\"width: 50%; height: 23px;\"><span class=\"TextRun SCXW164628548 BCX8\" lang=\"IT-IT\" xml:lang=\"IT-IT\" data-contrast=\"auto\"><span class=\"NormalTextRun SCXW164628548 BCX8\">19<\/span><\/span><span class=\"EOP SCXW164628548 BCX8\" data-ccp-props=\"{&quot;201341983&quot;:0,&quot;335551550&quot;:6,&quot;335551620&quot;:6,&quot;335559740&quot;:278}\">\u00a0<\/span><\/td>\r\n<td style=\"width: 50%; height: 23px; text-align: left;\"><span class=\"TextRun SCXW9723347 BCX8\" lang=\"IT-IT\" xml:lang=\"IT-IT\" data-contrast=\"auto\"><span class=\"NormalTextRun SCXW9723347 BCX8\">\u20ac8.21<\/span><\/span><span class=\"EOP SCXW9723347 BCX8\" data-ccp-props=\"{&quot;201341983&quot;:0,&quot;335551550&quot;:6,&quot;335551620&quot;:6,&quot;335559740&quot;:278}\">\u00a0<\/span><\/td>\r\n<\/tr>\r\n<tr style=\"height: 23px;\">\r\n<td style=\"width: 50%; height: 23px;\"><span class=\"TextRun SCXW60913243 BCX8\" lang=\"IT-IT\" xml:lang=\"IT-IT\" data-contrast=\"auto\"><span class=\"NormalTextRun SCXW60913243 BCX8\">18<\/span><\/span><span class=\"EOP SCXW60913243 BCX8\" data-ccp-props=\"{&quot;201341983&quot;:0,&quot;335551550&quot;:6,&quot;335551620&quot;:6,&quot;335559740&quot;:278}\">\u00a0<\/span><\/td>\r\n<td style=\"width: 50%; height: 23px; text-align: left;\"><span class=\"TextRun SCXW22420093 BCX8\" lang=\"IT-IT\" xml:lang=\"IT-IT\" data-contrast=\"auto\"><span class=\"NormalTextRun SCXW22420093 BCX8\">\u20ac6.84<\/span><\/span><span class=\"EOP SCXW22420093 BCX8\" data-ccp-props=\"{&quot;201341983&quot;:0,&quot;335551550&quot;:6,&quot;335551620&quot;:6,&quot;335559740&quot;:278}\">\u00a0<\/span><\/td>\r\n<\/tr>\r\n<tr style=\"height: 23px;\">\r\n<td style=\"width: 50%; height: 23px;\"><span class=\"TextRun SCXW72664252 BCX8\" lang=\"IT-IT\" xml:lang=\"IT-IT\" data-contrast=\"auto\"><span class=\"NormalTextRun SCXW72664252 BCX8\">17<\/span><\/span><span class=\"EOP SCXW72664252 BCX8\" data-ccp-props=\"{&quot;201341983&quot;:0,&quot;335551550&quot;:6,&quot;335551620&quot;:6,&quot;335559740&quot;:278}\">\u00a0<\/span><\/td>\r\n<td style=\"width: 50%; height: 23px; text-align: left;\"><span class=\"TextRun SCXW69551767 BCX8\" lang=\"IT-IT\" xml:lang=\"IT-IT\" data-contrast=\"auto\"><span class=\"NormalTextRun SCXW69551767 BCX8\">\u20ac5.40<\/span><\/span><span class=\"EOP SCXW69551767 BCX8\" data-ccp-props=\"{&quot;201341983&quot;:0,&quot;335551550&quot;:6,&quot;335551620&quot;:6,&quot;335559740&quot;:278}\">\u00a0<\/span><\/td>\r\n<\/tr>\r\n<tr style=\"height: 23px;\">\r\n<td style=\"width: 50%; height: 23px;\"><span class=\"TextRun SCXW149579155 BCX8\" lang=\"IT-IT\" xml:lang=\"IT-IT\" data-contrast=\"auto\"><span class=\"NormalTextRun SCXW149579155 BCX8\">16<\/span><\/span><span class=\"EOP SCXW149579155 BCX8\" data-ccp-props=\"{&quot;201341983&quot;:0,&quot;335551550&quot;:6,&quot;335551620&quot;:6,&quot;335559740&quot;:278}\">\u00a0<\/span><\/td>\r\n<td style=\"width: 50%; height: 23px; text-align: left;\"><span class=\"TextRun SCXW223030860 BCX8\" lang=\"IT-IT\" xml:lang=\"IT-IT\" data-contrast=\"auto\"><span class=\"NormalTextRun SCXW223030860 BCX8\">\u20ac4.72<\/span><\/span><span class=\"EOP SCXW223030860 BCX8\" data-ccp-props=\"{&quot;201341983&quot;:0,&quot;335551550&quot;:6,&quot;335551620&quot;:6,&quot;335559740&quot;:278}\">\u00a0<\/span><\/td>\r\n<\/tr>\r\n<tr style=\"height: 23px;\">\r\n<td style=\"width: 50%; height: 23px;\"><span class=\"TextRun SCXW62176488 BCX8\" lang=\"IT-IT\" xml:lang=\"IT-IT\" data-contrast=\"auto\"><span class=\"NormalTextRun SCXW62176488 BCX8\">15<\/span><\/span><span class=\"EOP SCXW62176488 BCX8\" data-ccp-props=\"{&quot;201341983&quot;:0,&quot;335551550&quot;:6,&quot;335551620&quot;:6,&quot;335559740&quot;:278}\">\u00a0<\/span><\/td>\r\n<td style=\"width: 50%; height: 23px; text-align: left;\"><span class=\"TextRun SCXW149176666 BCX8\" lang=\"IT-IT\" xml:lang=\"IT-IT\" data-contrast=\"auto\"><span class=\"NormalTextRun SCXW149176666 BCX8\">\u20ac4.10<\/span><\/span><span class=\"EOP SCXW149176666 BCX8\" data-ccp-props=\"{&quot;201341983&quot;:0,&quot;335551550&quot;:6,&quot;335551620&quot;:6,&quot;335559740&quot;:278}\">\u00a0<\/span><\/td>\r\n<\/tr>\r\n<\/tbody>\r\n<\/table>\n\n<h2 class=\"wp-block-heading\" id=\"h-calcolo-della-retribuzione-settimanale-e-mensile-un-esempio-nbsp\">Berechnung des Wochen- und Monatsgehalts: ein Beispiel<\/h2>\n\n<p>Die Anzahl der Arbeitsstunden pro Woche kann von Unternehmen zu Unternehmen variieren.<\/p>\n\n<p>Die Arbeitszeiten h\u00e4ngen ab von:<\/p>\n\n<ul class=\"wp-block-list\">\n<li>Den tats\u00e4chlich geleisteten Arbeitsstunden;<\/li>\n\n\n\n<li>Den Urlaubsstunden;<\/li>\n\n\n\n<li>Den Krankheitsstunden;<\/li>\n\n\n\n<li>Der Anzahl der Arbeitstage in jedem Monat.<\/li>\n<\/ul>\n\n<p>Bei einem Arbeitnehmer ab 21 Jahren, der 40 Stunden pro Woche arbeitet und den gesetzlichen Mindeststundenlohn erh\u00e4lt, betr\u00e4gt sein Wochenlohn ab dem 1. Juli 2024:  <\/p>\n\n<blockquote class=\"wp-block-quote is-layout-flow wp-block-quote-is-layout-flow\">\n<p>40 (Anzahl der in einer Woche geleisteten Arbeitsstunden) \u00d7 13,68 \u20ac (gesetzlicher Mindeststundenlohn f\u00fcr Arbeitnehmende ab 21 Jahren) = 547,20 \u20ac.<\/p>\n<\/blockquote>\n\n<p>Wenn die w\u00f6chentliche Arbeitszeit mit dem Arbeitgeber vereinbart wird, hat der Arbeitnehmende Anspruch auf einen festen Monatslohn, der auf der durchschnittlich geleisteten Arbeitszeit pro Monat basiert. Dieser Wert kann aus der Gesamtzahl der im Kalenderjahr geleisteten Arbeitsstunden abgeleitet werden.<\/p>\n\n<p>Die Berechnung des festen Monatsbetrags erfolgt somit wie folgt:<\/p>\n\n<blockquote class=\"wp-block-quote is-layout-flow wp-block-quote-is-layout-flow\">\n<p>(Gesamtzahl der im Kalenderjahr geleisteten Arbeitsstunden \u00f7 12 Monate) \u00d7 gesetzlicher Mindeststundenlohn.<\/p>\n<\/blockquote>\n\n<p>Das hei\u00dft:<\/p>\n\n<blockquote class=\"wp-block-quote is-layout-flow wp-block-quote-is-layout-flow\">\n<p>(2,096 \u00f7 12) x 13.68 = \u20ac2,389.44.  <\/p>\n<\/blockquote>\n\n<h2 class=\"wp-block-heading\" id=\"h-le-sanzioni-per-il-mancato-allineamento-ai-livelli-minimi-nbsp\">Sanktionen bei Nichteinhaltung der Mindestlohnvorgaben<\/h2>\n\n<p>Die niederl\u00e4ndische Arbeitsaufsichtsbeh\u00f6rde kann die Lohnunterlagen eines Arbeitgebers anfordern, wenn sie den Verdacht hat, dass dieser gegen die Mindestlohnvorschriften verst\u00f6\u00dft.<\/p>\n\n<p>Stellen die Beh\u00f6rden fest, dass eine Arbeitnehmende unterbezahlt ist, ist der Arbeitgeber verpflichtet, den ausstehenden Lohn <strong>innerhalb von vier Wochen<\/strong> nachzuzahlen. Erfolgt dies nicht, kann die Arbeitsaufsichtsbeh\u00f6rde eine Geldstrafe von bis zu maximal 40.000 \u20ac pro Arbeitnehmendem verh\u00e4ngen.<\/p>\n\n<p>Zus\u00e4tzlich k\u00f6nnen Arbeitgeber, die ihre Arbeitnehmenden nicht ordnungsgem\u00e4\u00df bezahlen, mit einer Geldstrafe <strong>von bis zu 10.000 \u20ac pro Arbeitnehmendem<\/strong>\u00a0belegt werden.<\/p>\n","protected":false},"excerpt":{"rendered":"<p>Die neuen Betr\u00e4ge des niederl\u00e4ndischen gesetzlichen Mindeststundenlohns Der gesetzliche Bruttomindeststundenlohn der Niederlande gilt f\u00fcr alle Arbeitnehmer:innen ab 15 Jahren, deren Wochen- oder Monatsgehalt von den mit dem Unternehmen vereinbarten Arbeitsstunden [&hellip;]<\/p>\n","protected":false},"author":1,"featured_media":179899,"template":"","meta":{"_acf_changed":false,"footnotes":""},"categories":[1489],"tags":[],"country":[2025],"container":[],"service":[6234],"tag-di-competenza":[5613],"class_list":["post-225234","news","type-news","status-publish","has-post-thumbnail","hentry","category-remuneration","country-niederlande","service-posting-of-workers-to-eu","tag-di-competenza-team-posting-de"],"acf":[],"yoast_head":"<!-- This site is optimized with the Yoast SEO Premium plugin v27.4 (Yoast SEO v27.4) - https:\/\/yoast.com\/product\/yoast-seo-premium-wordpress\/ -->\n<title>Der niederl\u00e4ndische Mindestlohn steigt ab dem 1. Juli 2024<\/title>\n<meta name=\"description\" content=\"Ab dem 1. Juli 2024 wurde der Bruttomindeststundenlohn f\u00fcr alle Besch\u00e4ftigten ab 15 Jahren erh\u00f6ht.\" \/>\n<meta name=\"robots\" content=\"index, follow, max-snippet:-1, max-image-preview:large, max-video-preview:-1\" \/>\n<link rel=\"canonical\" href=\"https:\/\/arlettipartners.com\/de\/der-niederlaendische-mindestlohn-steigt-ab-dem-1-juli-2024\/\" \/>\n<meta property=\"og:locale\" content=\"de_DE\" \/>\n<meta property=\"og:type\" content=\"article\" \/>\n<meta property=\"og:title\" content=\"Der niederl\u00e4ndische Mindestlohn steigt ab dem 1. Juli 2024\" \/>\n<meta property=\"og:description\" content=\"Ab dem 1. Juli 2024 wurde der Bruttomindeststundenlohn f\u00fcr alle Besch\u00e4ftigten ab 15 Jahren erh\u00f6ht.\" \/>\n<meta property=\"og:url\" content=\"https:\/\/arlettipartners.com\/de\/der-niederlaendische-mindestlohn-steigt-ab-dem-1-juli-2024\/\" \/>\n<meta property=\"og:site_name\" content=\"Arletti Partners\" \/>\n<meta property=\"article:publisher\" content=\"https:\/\/www.facebook.com\/ArlettiPartners\" \/>\n<meta property=\"article:modified_time\" content=\"2025-12-29T10:38:12+00:00\" \/>\n<meta property=\"og:image\" content=\"https:\/\/arlettipartners.com\/wp-content\/uploads\/2024\/09\/aumento-salario-minimo-paesi-bassi-1-luglio.png\" \/>\n\t<meta property=\"og:image:width\" content=\"1300\" \/>\n\t<meta property=\"og:image:height\" content=\"700\" \/>\n\t<meta property=\"og:image:type\" content=\"image\/png\" \/>\n<meta name=\"twitter:card\" content=\"summary_large_image\" \/>\n<meta name=\"twitter:label1\" content=\"Gesch\u00e4tzte Lesezeit\" \/>\n\t<meta name=\"twitter:data1\" content=\"2\u00a0Minuten\" \/>\n<script type=\"application\/ld+json\" class=\"yoast-schema-graph\">{\"@context\":\"https:\\\/\\\/schema.org\",\"@graph\":[{\"@type\":\"WebPage\",\"@id\":\"https:\\\/\\\/arlettipartners.com\\\/de\\\/der-niederlaendische-mindestlohn-steigt-ab-dem-1-juli-2024\\\/\",\"url\":\"https:\\\/\\\/arlettipartners.com\\\/de\\\/der-niederlaendische-mindestlohn-steigt-ab-dem-1-juli-2024\\\/\",\"name\":\"Der niederl\u00e4ndische Mindestlohn steigt ab dem 1. Juli 2024\",\"isPartOf\":{\"@id\":\"https:\\\/\\\/arlettipartners.com\\\/de\\\/#website\"},\"primaryImageOfPage\":{\"@id\":\"https:\\\/\\\/arlettipartners.com\\\/de\\\/der-niederlaendische-mindestlohn-steigt-ab-dem-1-juli-2024\\\/#primaryimage\"},\"image\":{\"@id\":\"https:\\\/\\\/arlettipartners.com\\\/de\\\/der-niederlaendische-mindestlohn-steigt-ab-dem-1-juli-2024\\\/#primaryimage\"},\"thumbnailUrl\":\"https:\\\/\\\/arlettipartners.com\\\/wp-content\\\/uploads\\\/2024\\\/09\\\/aumento-salario-minimo-paesi-bassi-1-luglio.png\",\"datePublished\":\"2024-09-02T12:41:14+00:00\",\"dateModified\":\"2025-12-29T10:38:12+00:00\",\"description\":\"Ab dem 1. Juli 2024 wurde der Bruttomindeststundenlohn f\u00fcr alle Besch\u00e4ftigten ab 15 Jahren erh\u00f6ht.\",\"breadcrumb\":{\"@id\":\"https:\\\/\\\/arlettipartners.com\\\/de\\\/der-niederlaendische-mindestlohn-steigt-ab-dem-1-juli-2024\\\/#breadcrumb\"},\"inLanguage\":\"de\",\"potentialAction\":[{\"@type\":\"ReadAction\",\"target\":[\"https:\\\/\\\/arlettipartners.com\\\/de\\\/der-niederlaendische-mindestlohn-steigt-ab-dem-1-juli-2024\\\/\"]}]},{\"@type\":\"ImageObject\",\"inLanguage\":\"de\",\"@id\":\"https:\\\/\\\/arlettipartners.com\\\/de\\\/der-niederlaendische-mindestlohn-steigt-ab-dem-1-juli-2024\\\/#primaryimage\",\"url\":\"https:\\\/\\\/arlettipartners.com\\\/wp-content\\\/uploads\\\/2024\\\/09\\\/aumento-salario-minimo-paesi-bassi-1-luglio.png\",\"contentUrl\":\"https:\\\/\\\/arlettipartners.com\\\/wp-content\\\/uploads\\\/2024\\\/09\\\/aumento-salario-minimo-paesi-bassi-1-luglio.png\",\"width\":1300,\"height\":700,\"caption\":\"il salario orario minimo lordo nei Paesi Bassi aumenta a partire dal 1\u00b0 luglio\"},{\"@type\":\"BreadcrumbList\",\"@id\":\"https:\\\/\\\/arlettipartners.com\\\/de\\\/der-niederlaendische-mindestlohn-steigt-ab-dem-1-juli-2024\\\/#breadcrumb\",\"itemListElement\":[{\"@type\":\"ListItem\",\"position\":1,\"name\":\"Home\",\"item\":\"https:\\\/\\\/arlettipartners.com\\\/de\\\/\"},{\"@type\":\"ListItem\",\"position\":2,\"name\":\"News\",\"item\":\"https:\\\/\\\/arlettipartners.com\\\/de\\\/?post_type=news\"},{\"@type\":\"ListItem\",\"position\":3,\"name\":\"Labour Law\",\"item\":\"https:\\\/\\\/arlettipartners.com\\\/de\\\/category\\\/labour-law\\\/\"},{\"@type\":\"ListItem\",\"position\":4,\"name\":\"Posting of Workers for Provisions of Services\",\"item\":\"https:\\\/\\\/arlettipartners.com\\\/de\\\/category\\\/labour-law\\\/posting-of-workers-for-provisions-of-services\\\/\"},{\"@type\":\"ListItem\",\"position\":5,\"name\":\"Remuneration\",\"item\":\"https:\\\/\\\/arlettipartners.com\\\/de\\\/category\\\/labour-law\\\/posting-of-workers-for-provisions-of-services\\\/remuneration\\\/\"},{\"@type\":\"ListItem\",\"position\":6,\"name\":\"Der niederl\u00e4ndische Mindestlohn steigt ab dem 1. Juli 2024\"}]},{\"@type\":\"WebSite\",\"@id\":\"https:\\\/\\\/arlettipartners.com\\\/de\\\/#website\",\"url\":\"https:\\\/\\\/arlettipartners.com\\\/de\\\/\",\"name\":\"Arletti Partners\",\"description\":\"Tax Advisors and Global Mobility Specialists\",\"publisher\":{\"@id\":\"https:\\\/\\\/arlettipartners.com\\\/de\\\/#organization\"},\"potentialAction\":[{\"@type\":\"SearchAction\",\"target\":{\"@type\":\"EntryPoint\",\"urlTemplate\":\"https:\\\/\\\/arlettipartners.com\\\/de\\\/?s={search_term_string}\"},\"query-input\":{\"@type\":\"PropertyValueSpecification\",\"valueRequired\":true,\"valueName\":\"search_term_string\"}}],\"inLanguage\":\"de\"},{\"@type\":\"Organization\",\"@id\":\"https:\\\/\\\/arlettipartners.com\\\/de\\\/#organization\",\"name\":\"Arletti & Partners\",\"url\":\"https:\\\/\\\/arlettipartners.com\\\/de\\\/\",\"logo\":{\"@type\":\"ImageObject\",\"inLanguage\":\"de\",\"@id\":\"https:\\\/\\\/arlettipartners.com\\\/de\\\/#\\\/schema\\\/logo\\\/image\\\/\",\"url\":\"https:\\\/\\\/arlettipartners.com\\\/wp-content\\\/uploads\\\/2022\\\/03\\\/logo.png.nuovo_.nero_.png\",\"contentUrl\":\"https:\\\/\\\/arlettipartners.com\\\/wp-content\\\/uploads\\\/2022\\\/03\\\/logo.png.nuovo_.nero_.png\",\"width\":150,\"height\":32,\"caption\":\"Arletti & Partners\"},\"image\":{\"@id\":\"https:\\\/\\\/arlettipartners.com\\\/de\\\/#\\\/schema\\\/logo\\\/image\\\/\"},\"sameAs\":[\"https:\\\/\\\/www.facebook.com\\\/ArlettiPartners\",\"https:\\\/\\\/www.linkedin.com\\\/company\\\/aampp---arletti-amp-partners\\\/\"]}]}<\/script>\n<!-- \/ Yoast SEO Premium plugin. -->","yoast_head_json":{"title":"Der niederl\u00e4ndische Mindestlohn steigt ab dem 1. Juli 2024","description":"Ab dem 1. Juli 2024 wurde der Bruttomindeststundenlohn f\u00fcr alle Besch\u00e4ftigten ab 15 Jahren erh\u00f6ht.","robots":{"index":"index","follow":"follow","max-snippet":"max-snippet:-1","max-image-preview":"max-image-preview:large","max-video-preview":"max-video-preview:-1"},"canonical":"https:\/\/arlettipartners.com\/de\/der-niederlaendische-mindestlohn-steigt-ab-dem-1-juli-2024\/","og_locale":"de_DE","og_type":"article","og_title":"Der niederl\u00e4ndische Mindestlohn steigt ab dem 1. Juli 2024","og_description":"Ab dem 1. Juli 2024 wurde der Bruttomindeststundenlohn f\u00fcr alle Besch\u00e4ftigten ab 15 Jahren erh\u00f6ht.","og_url":"https:\/\/arlettipartners.com\/de\/der-niederlaendische-mindestlohn-steigt-ab-dem-1-juli-2024\/","og_site_name":"Arletti Partners","article_publisher":"https:\/\/www.facebook.com\/ArlettiPartners","article_modified_time":"2025-12-29T10:38:12+00:00","og_image":[{"width":1300,"height":700,"url":"https:\/\/arlettipartners.com\/wp-content\/uploads\/2024\/09\/aumento-salario-minimo-paesi-bassi-1-luglio.png","type":"image\/png"}],"twitter_card":"summary_large_image","twitter_misc":{"Gesch\u00e4tzte Lesezeit":"2\u00a0Minuten"},"schema":{"@context":"https:\/\/schema.org","@graph":[{"@type":"WebPage","@id":"https:\/\/arlettipartners.com\/de\/der-niederlaendische-mindestlohn-steigt-ab-dem-1-juli-2024\/","url":"https:\/\/arlettipartners.com\/de\/der-niederlaendische-mindestlohn-steigt-ab-dem-1-juli-2024\/","name":"Der niederl\u00e4ndische Mindestlohn steigt ab dem 1. Juli 2024","isPartOf":{"@id":"https:\/\/arlettipartners.com\/de\/#website"},"primaryImageOfPage":{"@id":"https:\/\/arlettipartners.com\/de\/der-niederlaendische-mindestlohn-steigt-ab-dem-1-juli-2024\/#primaryimage"},"image":{"@id":"https:\/\/arlettipartners.com\/de\/der-niederlaendische-mindestlohn-steigt-ab-dem-1-juli-2024\/#primaryimage"},"thumbnailUrl":"https:\/\/arlettipartners.com\/wp-content\/uploads\/2024\/09\/aumento-salario-minimo-paesi-bassi-1-luglio.png","datePublished":"2024-09-02T12:41:14+00:00","dateModified":"2025-12-29T10:38:12+00:00","description":"Ab dem 1. Juli 2024 wurde der Bruttomindeststundenlohn f\u00fcr alle Besch\u00e4ftigten ab 15 Jahren erh\u00f6ht.","breadcrumb":{"@id":"https:\/\/arlettipartners.com\/de\/der-niederlaendische-mindestlohn-steigt-ab-dem-1-juli-2024\/#breadcrumb"},"inLanguage":"de","potentialAction":[{"@type":"ReadAction","target":["https:\/\/arlettipartners.com\/de\/der-niederlaendische-mindestlohn-steigt-ab-dem-1-juli-2024\/"]}]},{"@type":"ImageObject","inLanguage":"de","@id":"https:\/\/arlettipartners.com\/de\/der-niederlaendische-mindestlohn-steigt-ab-dem-1-juli-2024\/#primaryimage","url":"https:\/\/arlettipartners.com\/wp-content\/uploads\/2024\/09\/aumento-salario-minimo-paesi-bassi-1-luglio.png","contentUrl":"https:\/\/arlettipartners.com\/wp-content\/uploads\/2024\/09\/aumento-salario-minimo-paesi-bassi-1-luglio.png","width":1300,"height":700,"caption":"il salario orario minimo lordo nei Paesi Bassi aumenta a partire dal 1\u00b0 luglio"},{"@type":"BreadcrumbList","@id":"https:\/\/arlettipartners.com\/de\/der-niederlaendische-mindestlohn-steigt-ab-dem-1-juli-2024\/#breadcrumb","itemListElement":[{"@type":"ListItem","position":1,"name":"Home","item":"https:\/\/arlettipartners.com\/de\/"},{"@type":"ListItem","position":2,"name":"News","item":"https:\/\/arlettipartners.com\/de\/?post_type=news"},{"@type":"ListItem","position":3,"name":"Labour Law","item":"https:\/\/arlettipartners.com\/de\/category\/labour-law\/"},{"@type":"ListItem","position":4,"name":"Posting of Workers for Provisions of Services","item":"https:\/\/arlettipartners.com\/de\/category\/labour-law\/posting-of-workers-for-provisions-of-services\/"},{"@type":"ListItem","position":5,"name":"Remuneration","item":"https:\/\/arlettipartners.com\/de\/category\/labour-law\/posting-of-workers-for-provisions-of-services\/remuneration\/"},{"@type":"ListItem","position":6,"name":"Der niederl\u00e4ndische Mindestlohn steigt ab dem 1. Juli 2024"}]},{"@type":"WebSite","@id":"https:\/\/arlettipartners.com\/de\/#website","url":"https:\/\/arlettipartners.com\/de\/","name":"Arletti Partners","description":"Tax Advisors and Global Mobility Specialists","publisher":{"@id":"https:\/\/arlettipartners.com\/de\/#organization"},"potentialAction":[{"@type":"SearchAction","target":{"@type":"EntryPoint","urlTemplate":"https:\/\/arlettipartners.com\/de\/?s={search_term_string}"},"query-input":{"@type":"PropertyValueSpecification","valueRequired":true,"valueName":"search_term_string"}}],"inLanguage":"de"},{"@type":"Organization","@id":"https:\/\/arlettipartners.com\/de\/#organization","name":"Arletti & Partners","url":"https:\/\/arlettipartners.com\/de\/","logo":{"@type":"ImageObject","inLanguage":"de","@id":"https:\/\/arlettipartners.com\/de\/#\/schema\/logo\/image\/","url":"https:\/\/arlettipartners.com\/wp-content\/uploads\/2022\/03\/logo.png.nuovo_.nero_.png","contentUrl":"https:\/\/arlettipartners.com\/wp-content\/uploads\/2022\/03\/logo.png.nuovo_.nero_.png","width":150,"height":32,"caption":"Arletti & Partners"},"image":{"@id":"https:\/\/arlettipartners.com\/de\/#\/schema\/logo\/image\/"},"sameAs":["https:\/\/www.facebook.com\/ArlettiPartners","https:\/\/www.linkedin.com\/company\/aampp---arletti-amp-partners\/"]}]}},"_links":{"self":[{"href":"https:\/\/arlettipartners.com\/de\/wp-json\/wp\/v2\/news\/225234","targetHints":{"allow":["GET"]}}],"collection":[{"href":"https:\/\/arlettipartners.com\/de\/wp-json\/wp\/v2\/news"}],"about":[{"href":"https:\/\/arlettipartners.com\/de\/wp-json\/wp\/v2\/types\/news"}],"author":[{"embeddable":true,"href":"https:\/\/arlettipartners.com\/de\/wp-json\/wp\/v2\/users\/1"}],"version-history":[{"count":3,"href":"https:\/\/arlettipartners.com\/de\/wp-json\/wp\/v2\/news\/225234\/revisions"}],"predecessor-version":[{"id":225237,"href":"https:\/\/arlettipartners.com\/de\/wp-json\/wp\/v2\/news\/225234\/revisions\/225237"}],"wp:featuredmedia":[{"embeddable":true,"href":"https:\/\/arlettipartners.com\/de\/wp-json\/wp\/v2\/media\/179899"}],"wp:attachment":[{"href":"https:\/\/arlettipartners.com\/de\/wp-json\/wp\/v2\/media?parent=225234"}],"wp:term":[{"taxonomy":"category","embeddable":true,"href":"https:\/\/arlettipartners.com\/de\/wp-json\/wp\/v2\/categories?post=225234"},{"taxonomy":"post_tag","embeddable":true,"href":"https:\/\/arlettipartners.com\/de\/wp-json\/wp\/v2\/tags?post=225234"},{"taxonomy":"country","embeddable":true,"href":"https:\/\/arlettipartners.com\/de\/wp-json\/wp\/v2\/country?post=225234"},{"taxonomy":"container","embeddable":true,"href":"https:\/\/arlettipartners.com\/de\/wp-json\/wp\/v2\/container?post=225234"},{"taxonomy":"service","embeddable":true,"href":"https:\/\/arlettipartners.com\/de\/wp-json\/wp\/v2\/service?post=225234"},{"taxonomy":"tag-di-competenza","embeddable":true,"href":"https:\/\/arlettipartners.com\/de\/wp-json\/wp\/v2\/tag-di-competenza?post=225234"}],"curies":[{"name":"wp","href":"https:\/\/api.w.org\/{rel}","templated":true}]}}