{"id":183586,"date":"2023-10-05T12:14:00","date_gmt":"2023-10-05T10:14:00","guid":{"rendered":"https:\/\/arlettipartners.com\/zuwanderungsstroeme-italien-das-dreijahresplanungsdekret-fuer-2023-2025-wurde-im-amtsblatt-veroeffentlicht\/"},"modified":"2024-11-27T12:33:58","modified_gmt":"2024-11-27T11:33:58","slug":"zuwanderungsstroeme-italien-das-dreijahresplanungsdekret-fuer-2023-2025-wurde-im-amtsblatt-veroeffentlicht","status":"publish","type":"news","link":"https:\/\/arlettipartners.com\/de\/?news=zuwanderungsstroeme-italien-das-dreijahresplanungsdekret-fuer-2023-2025-wurde-im-amtsblatt-veroeffentlicht","title":{"rendered":"Zuwanderungsstr\u00f6me Italien: Das Dreijahresplanungsdekret f\u00fcr 2023-2025 wurde im Amtsblatt ver\u00f6ffentlicht"},"content":{"rendered":"\n<p>Mit der Ver\u00f6ffentlichung im Amtsblatt am 3. Oktober 2023 trat das Dekret \u00fcber die Arbeitskr\u00e4ftezuwanderung (ital. <em>Decreto Flussi<\/em>) in Kraft, das die Aufnahme von 452.000 ausl\u00e4ndischen Arbeitskr\u00e4ften nach Italien f\u00fcr den Dreijahreszeitraum 2023-2025 vorsieht.<\/p>\n\n\n\n<blockquote class=\"wp-block-quote is-layout-flow wp-block-quote-is-layout-flow\">\n<p><\/p>\n<cite>UPDATE 2024: Die Fristen f\u00fcr die Einreichung von Antr\u00e4gen f\u00fcr das Decreto Flussi 2024 wurden auf M\u00e4rz verschoben. Weitere Informationen zu den neuen Aktualisierungen des Antrags finden Sie hier.<\/cite><\/blockquote>\n\n\n\n<p><strong>Antr\u00e4ge werden nach Eingang bewertet und m\u00fcssen mit der vollst\u00e4ndigen erforderlichen Dokumentation eingereicht werden.<\/strong><\/p>\n\n\n\n<h2 class=\"wp-block-heading\" id=\"h-inkrafttreten-des-dekrets-uber-die-arbeitskraftezuwanderung-italienisches-decreto-flussi\">Inkrafttreten des Dekrets \u00fcber die Arbeitskr\u00e4ftezuwanderung (Italienisches <em>Decreto Flussi<\/em>)<\/h2>\n\n\n\n<p>Am 12. Juli 2023 gab die Konferenz der Regionen und autonomen Provinzen eine positive Stellungnahme mit einigen Empfehlungen zum Entwurf des Dekrets zur Planung der Zuwanderungsstr\u00f6me von ausl\u00e4ndischen Arbeitskr\u00e4ften nach Italien f\u00fcr den Dreijahreszeitraum 2023-2025 ab, das zuvor am 6. Juli 2023 in erster Lesung von der Regierung genehmigt worden war.<\/p>\n\n\n\n<p>Nach der Ver\u00f6ffentlichung im Amtsblatt Nr. 231 am 3. Oktober 2023 trat das Dekret nun in Kraft.<\/p>\n\n\n\n<h2 class=\"wp-block-heading\" id=\"h-kriterien-fur-die-festlegung-der-zuwanderungsstrome-nach-italien\">Kriterien f\u00fcr die Festlegung der Zuwanderungsstr\u00f6me nach Italien<\/h2>\n\n\n\n<p class=\"has-text-align-left\">Gem\u00e4\u00df Artikel 1 Absatz 3 des Gesetzesdekrets Nr. 20 von 2023 erfolgt die Festlegung der Zuwanderungsstr\u00f6me von Ausl\u00e4ndern, die im Zeitraum 2023-2025 zur Aufnahme in Italien f\u00fcr abh\u00e4ngige, saisonale und selbstst\u00e4ndige Arbeit zugelassen werden, sowohl innerhalb als auch au\u00dferhalb der Quoten, auf der Grundlage bestimmter <strong>gemeinsamer Kriterien<\/strong>, einschlie\u00dflich:<\/p>\n\n\n\n<ol class=\"wp-block-list\">\n<li>Fortschreitende Verringerung der L\u00fccke zwischen der Gr\u00f6\u00dfe der Zuwanderungsstr\u00f6me und den vom Ministerium f\u00fcr Arbeit und soziale Politik festgestellten Arbeitsmarktbed\u00fcrfnissen, basierend auf einem Plan, der mit den Kapazit\u00e4ten der lokalen Gemeinschaften zur Aufnahme ausl\u00e4ndischer Arbeitskr\u00e4fte in Einklang steht;<\/li>\n\n\n\n<li>Erweiterung der Wirtschaftssektoren, die in die Planung der Zuwanderungsstr\u00f6me einbezogen werden;<\/li>\n\n\n\n<li>F\u00f6rderung von Schulungsinstrumenten in den Herkunftsl\u00e4ndern der ausl\u00e4ndischen Arbeitskr\u00e4fte;<\/li>\n\n\n\n<li>Unterst\u00fctzung der Kooperationsm\u00f6glichkeiten mit den Herkunfts- und Transitl\u00e4ndern der Migrationsstr\u00f6me nach Italien;<\/li>\n\n\n\n<li>F\u00f6rderung des Zugangs von Arbeitskr\u00e4ften mit hohen beruflichen Qualifikationen.<\/li>\n<\/ol>\n\n\n\n<p class=\"has-text-align-left\">Es gibt dann noch <strong>spezifische Kriterien<\/strong>, einschlie\u00dflich:<\/p>\n\n\n\n<ol class=\"wp-block-list\">\n<li>Bereitstellung von bevorzugten Quoten f\u00fcr Arbeitskr\u00e4fte aus L\u00e4ndern, die auch in Zusammenarbeit mit dem italienischen Staat Medienkampagnen f\u00fcr ihre B\u00fcrger \u00fcber die Risiken des illegalen Migrationshandels durchf\u00fchren;<\/li>\n\n\n\n<li>Zuweisung der beantragten landwirtschaftlichen Arbeitskr\u00e4fte mit Priorit\u00e4t gegen\u00fcber neuen Antragstellern, innerhalb der Quoten f\u00fcr den landwirtschaftlichen Sektor gem\u00e4\u00df weiteren Dekreten \u00fcber die Arbeitskr\u00e4ftezuwanderung, an Arbeitgeber, die nicht die beantragten Quoten erhalten haben;<\/li>\n\n\n\n<li>Reaktivierung einer speziellen <strong>Quote f\u00fcr Arbeitskr\u00e4fte im Bereich der Familien- und Sozialpflege<\/strong> (z. B. Haushaltshilfen und Pflegekr\u00e4fte).<\/li>\n<\/ol>\n\n\n\n<blockquote class=\"wp-block-quote is-layout-flow wp-block-quote-is-layout-flow\">\n<p class=\"has-text-align-left\">Zur Erinnerung: Die italienische Gesetzgebung sieht auch den Zugang zu Arbeitsgenehmigungen au\u00dferhalb der Quoten f\u00fcr bestimmte Kategorien von Arbeitskr\u00e4ften vor. <em>Weitere Details finden Sie hier zu den <a href=\"https:\/\/arlettipartners.com\/arbeitsvisum-italien\/?lang=de\">verschiedenen Arten von italienischen Arbeitsvisa<\/a>.<\/em><\/p>\n<\/blockquote>\n\n\n\n<h2 class=\"wp-block-heading\" id=\"h-gesamtquoten\">Gesamtquoten<\/h2>\n\n\n\n<p class=\"has-text-align-left\">Das im Amtsblatt ver\u00f6ffentlichte Dekret autorisiert 452.000 Einreisen \u00fcber drei Jahre f\u00fcr saisonale und nicht-saisonale Besch\u00e4ftigung sowie selbstst\u00e4ndige Arbeit ausl\u00e4ndischer Staatsangeh\u00f6riger, die im Ausland ans\u00e4ssig sind.<\/p>\n\n\n\n<p class=\"has-text-align-left\">Diese Gesamtquoten verteilen sich \u00fcber den Dreijahreszeitraum wie folgt:<\/p>\n\n\n\n<ul class=\"wp-block-list\">\n<li><strong>136.000 Einheiten f\u00fcr das Jahr 2023;<\/strong><\/li>\n\n\n\n<li>151.000 Einheiten f\u00fcr das Jahr 2024;<\/li>\n\n\n\n<li>165.000 Einheiten f\u00fcr das Jahr 2025.<\/li>\n<\/ul>\n\n\n\n<h3 class=\"wp-block-heading\" id=\"h-quoten-fur-saisonarbeit\">Quoten f\u00fcr Saisonarbeit<\/h3>\n\n\n\n<p>Innerhalb der Gesamtquoten werden Staatsangeh\u00f6rige aus L\u00e4ndern, die Kooperationsvereinbarungen mit Italien anwenden, zur <strong>Saisonarbeit im landwirtschaftlichen Sektor und im Sektor des Hotel- und Tourismussektors<\/strong> aufgenommen, innerhalb der folgenden Quoten:<\/p>\n\n\n\n<ul class=\"wp-block-list\">\n<li><strong>82.550 Einheiten f\u00fcr das Jahr 2023;<\/strong><\/li>\n\n\n\n<li>89.050 Einheiten f\u00fcr das Jahr 2024;<\/li>\n\n\n\n<li>93.550 Einheiten f\u00fcr das Jahr 2025.<\/li>\n<\/ul>\n\n\n\n<h3 class=\"wp-block-heading\" id=\"h-quoten-fur-abhangige-nicht-saisonale-arbeit-selbststandigkeit-und-umwandlungen\">Quoten f\u00fcr abh\u00e4ngige nicht-saisonale Arbeit, Selbstst\u00e4ndigkeit und Umwandlungen<\/h3>\n\n\n\n<p class=\"has-text-align-left\">Innerhalb der Gesamtquoten werden ausl\u00e4ndische Staatsangeh\u00f6rige, die im Ausland ans\u00e4ssig sind, zur nicht-saisonalen Besch\u00e4ftigung in den Bereichen Stra\u00dfenfrachtverkehr, Bauwesen, Tourismus und Gastgewerbe, Mechanik, Telekommunikation, Lebensmittelindustrie, Schiffbau, Buspassagierverkehr, Fischerei, Friseure, Elektriker und Klempner sowie zur Selbstst\u00e4ndigkeit gem\u00e4\u00df den folgenden H\u00f6chstgrenzen zugelassen:<\/p>\n\n\n\n<ol class=\"wp-block-list\">\n<li><strong>53.450 Einheiten f\u00fcr das Jahr 2023<\/strong>, davon 52.770 f\u00fcr <strong>Besch\u00e4ftigung<\/strong> und 680 f\u00fcr <strong>Selbstst\u00e4ndigkeit<\/strong>;<\/li>\n\n\n\n<li>61.950 Einheiten f\u00fcr das Jahr 2024, davon 61.250 f\u00fcr Besch\u00e4ftigung und 700 f\u00fcr Selbstst\u00e4ndigkeit;<\/li>\n\n\n\n<li>71.450 Einheiten f\u00fcr das Jahr 2025, davon 70.720 f\u00fcr Besch\u00e4ftigung und 730 f\u00fcr Selbstst\u00e4ndigkeit.<\/li>\n<\/ol>\n\n\n\n<p class=\"has-text-align-left\">Innerhalb der oben genannten Quoten werden einige Einheiten bevorzugt bestimmten Kategorien von Staatsangeh\u00f6rigen zugewiesen.<\/p>\n\n\n\n<p class=\"has-text-align-left\">F\u00fcr das Jahr 2023 umfassen diese Kategorien:<\/p>\n\n\n\n<ul class=\"wp-block-list\">\n<li><strong>2.000<\/strong> Einheiten f\u00fcr Staatsangeh\u00f6rige aus L\u00e4ndern, die <strong>Medienkampagnen gegen illegalen Migrationshandel<\/strong> f\u00f6rdern;<\/li>\n\n\n\n<li><strong>25.000<\/strong> Einheiten f\u00fcr Staatsangeh\u00f6rige aus L\u00e4ndern, die <strong>Kooperationsvereinbarungen mit Italien anwenden<\/strong> \u2013 Albanien, Algerien, Bangladesch, Bosnien-Herzegowina, S\u00fcdkorea, Elfenbeink\u00fcste, \u00c4gypten, El Salvador, \u00c4thiopien, Philippinen, Gambia, Georgien, Ghana, Japan, Jordanien, Guatemala, Indien, Kirgisistan, Kosovo, Mali, Marokko, Mauritius, Moldawien, Montenegro, Niger, Nigeria, Pakistan, Peru, Nordmazedonien, Senegal, Serbien, Sri Lanka, Sudan, Tunesien, Ukraine;<\/li>\n\n\n\n<li><strong>12.000<\/strong> Einheiten f\u00fcr Staatsangeh\u00f6rige von L\u00e4ndern, die w\u00e4hrend des Dreijahreszeitraums 2023-2025 Kooperationsvereinbarungen mit Italien <strong>abschlie\u00dfen<\/strong> werden;<\/li>\n\n\n\n<li><strong>100<\/strong> Einheiten f\u00fcr Staatsangeh\u00f6rige <strong>italienischer Herkunft, die in Venezuela ans\u00e4ssig sind<\/strong> \u2013 davon 90 Einheiten f\u00fcr Besch\u00e4ftigung und 10 f\u00fcr Selbstst\u00e4ndigkeit;<\/li>\n\n\n\n<li><strong>200<\/strong> Einheiten f\u00fcr <strong>Staatenlose oder Fl\u00fcchtlinge<\/strong>, davon 180 f\u00fcr Besch\u00e4ftigung und 20 f\u00fcr Selbstst\u00e4ndigkeit;<\/li>\n\n\n\n<li><strong>9.500<\/strong> Einheiten f\u00fcr <strong>nicht-saisonale Arbeitskr\u00e4fte im Bereich Familien- und Sozialpflege<\/strong> (z. B. Pflegekr\u00e4fte).<\/li>\n<\/ul>\n\n\n\n<p>Innerhalb der oben genannten Quoten sieht das Dekret die M\u00f6glichkeit der Umwandlung in Aufenthaltserlaubnisse f\u00fcr Besch\u00e4ftigung und Selbstst\u00e4ndigkeit vor. F\u00fcr das Jahr 2023 umfasst dies:<\/p>\n\n\n\n<ul class=\"wp-block-list\">\n<li><strong>4.000<\/strong> Einheiten f\u00fcr die <strong>Umwandlung von Aufenthaltsgenehmigungen<\/strong>&nbsp;f\u00fcr Saisonarbeit in Besch\u00e4ftigung;<\/li>\n\n\n\n<li><strong>100<\/strong> Einheiten f\u00fcr die <strong>Umwandlung von EU-Daueraufenthaltserlaubnissen<\/strong>, die Drittstaatsangeh\u00f6rigen von einem anderen EU-Land erteilt wurden, in Besch\u00e4ftigung;<\/li>\n\n\n\n<li><strong>50<\/strong> Einheiten f\u00fcr die <strong>Umwandlung von EU-Daueraufenthaltserlaubnissen<\/strong>, die Drittstaatsangeh\u00f6rigen von einem anderen EU-Land erteilt wurden, in Selbstst\u00e4ndigkeit.<\/li>\n<\/ul>\n\n\n\n<p class=\"has-text-align-left\">Schlie\u00dflich ist in Bezug auf den Eintritt f\u00fcr <strong>Selbstst\u00e4ndigkeit<\/strong> f\u00fcr jedes der Jahre 2023, 2024 und 2025 der Eintritt nach Italien innerhalb der oben genannten Quoten f\u00fcr <strong>500 ausl\u00e4ndische Staatsangeh\u00f6rige<\/strong> zugelassen, die zu den folgenden Kategorien geh\u00f6ren:<\/p>\n\n\n\n<ol class=\"wp-block-list\">\n<li>Unternehmer, die beabsichtigen, einen Investitionsplan von Interesse f\u00fcr die italienische Wirtschaft umzusetzen, der den Einsatz eigener Mittel von mindestens 500.000 Euro sowie die Schaffung von mindestens drei neuen Arbeitspl\u00e4tzen umfasst;<\/li>\n\n\n\n<li>Freiberufler, die beabsichtigen, regulierte oder \u00fcberwachte Berufe auszu\u00fcben oder unregulierte, aber landesweit vertretene Berufe;<\/li>\n\n\n\n<li>Inhaber von Unternehmens\u00e4mtern der Verwaltung und Kontrolle, die ausdr\u00fccklich im Ministerialdekret Nr. 850 vom 11. Mai 2011 vorgesehen sind;<\/li>\n\n\n\n<li>K\u00fcnstler mit klarer Reputation oder hoher und bekannter beruflicher Qualifikation, die von \u00f6ffentlichen oder privaten Einrichtungen eingestellt werden und die Anforderungen des Ministerialdekrets Nr. 850 vom 11. Mai 2011 erf\u00fcllen;<\/li>\n\n\n\n<li>Drittstaatsangeh\u00f6rige, die beabsichtigen, \u201einnovative Start-up\u201c-Unternehmen gem\u00e4\u00df dem Gesetz Nr. 221 vom 17. Dezember 2012 zu gr\u00fcnden, wobei die Anforderungen dieses Gesetzes erf\u00fcllt sein m\u00fcssen und sie ein Arbeitsverh\u00e4ltnis von selbstst\u00e4ndiger Natur mit dem Unternehmen haben.<\/li>\n<\/ol>\n\n\n\n<h2 class=\"wp-block-heading\" id=\"h-fristen-fur-die-einreichung-von-antragen-zum-decreto-flussi-2023\">Fristen f\u00fcr die Einreichung von Antr\u00e4gen zum Decreto Flussi 2023<\/h2>\n\n\n\n<blockquote class=\"wp-block-quote is-layout-flow wp-block-quote-is-layout-flow\">\n<p><\/p>\n<cite>UPDATE 2024: Die Fristen f\u00fcr die Einreichung von Antr\u00e4gen f\u00fcr das Decreto Flussi 2024 wurden auf M\u00e4rz verschoben. Weitere Informationen zu den neuen Aktualisierungen des Antrags finden Sie hier.<\/cite><\/blockquote>\n\n\n\n<p class=\"has-text-align-left\">Die Fristen f\u00fcr die Einreichung von Antr\u00e4gen auf Arbeitserlaubnis f\u00fcr das Jahr 2023 sind:<\/p>\n\n\n\n<ol class=\"wp-block-list\">\n<li>F\u00fcr die<strong> Einreise zur nicht-saisonalen Arbeit von Staatsangeh\u00f6rigen aus L\u00e4ndern, die Kooperationsvereinbarungen mit Italien anwenden<\/strong>: ab 9:00 Uhr am 2. Dezember 2023 (60. Tag nach der Ver\u00f6ffentlichung dieses Dekrets im Amtsblatt), bis die jeweiligen Quoten ausgesch\u00f6pft sind oder sp\u00e4testens bis zum 31. Dezember 2023;<\/li>\n\n\n\n<li>F\u00fcr die <strong>Einreise von anderen Staatsangeh\u00f6rigen zur nicht-saisonalen Arbeit: ab 9:00 Uhr am 4. Dezember 2023<\/strong> (62. Tag nach der Ver\u00f6ffentlichung dieses Dekrets im Amtsblatt), bis die jeweiligen Quoten ausgesch\u00f6pft sind oder sp\u00e4testens bis zum 31. Dezember 2023;<\/li>\n\n\n\n<li>F\u00fcr die <strong>Einreise zur Saisonarbeit: ab 9:00 Uhr am 12. Dezember 2023<\/strong> (70. Tag nach der Ver\u00f6ffentlichung dieses Dekrets im Amtsblatt), bis die jeweiligen Quoten ausgesch\u00f6pft sind oder sp\u00e4testens bis zum 31. Dezember 2023.<\/li>\n<\/ol>\n\n\n\n<p class=\"has-text-align-left\">F\u00fcr die folgenden Jahre beginnen die Fristen f\u00fcr die Einreichung von Antr\u00e4gen auf Arbeitserlaubnis f\u00fcr die Einreise innerhalb der Quoten f\u00fcr jedes Jahr 2024 und 2025 um 9 Uhr an den festgelegten Tagen im Februar, je nach Bereich, und laufen bis zum jeweiligen Erreichen der Quoten oder sp\u00e4testens bis zum 31. Dezember jedes Jahres.<\/p>\n\n\n\n<p>Falls nach 90 Tagen nach Ablauf der Fristen f\u00fcr die Antragseinreichung die Beh\u00f6rden feststellen, dass eine erhebliche Zahl von Quoten nicht genutzt wurde, kann das Ministerium f\u00fcr Arbeit und soziale Politik eine neue Aufteilung der Quoten entsprechend dem tats\u00e4chlichen Bedarf vornehmen.<\/p>\n\n\n\n<p class=\"has-text-align-left\">Schlie\u00dflich informiert das Dekret, dass weitere Ausf\u00fchrungsbestimmungen zur Anwendung dieses Dekrets in Form einer speziellen gemeinsamen Zirkular des Ministeriums des Innern, des Ministeriums f\u00fcr Arbeit und soziale Politik, des Ministeriums f\u00fcr Landwirtschaft, Lebensmittelhoheit und Forstwirtschaft sowie des Ministeriums f\u00fcr Tourismus erlassen werden, nach Konsultation des Ministeriums f\u00fcr ausw\u00e4rtige Angelegenheiten und internationale Zusammenarbeit, die auf den Webseiten der oben genannten Ministerien ver\u00f6ffentlicht wird.<\/p>\n\n\n\n<blockquote class=\"wp-block-quote is-layout-flow wp-block-quote-is-layout-flow\">\n<p><\/p>\n<cite>Diese Zirkular sollte auch Hinweise zur erforderlichen Dokumentation f\u00fcr Arbeitgeber geben, um nachzuweisen, dass sie die \u00dcberpr\u00fcfung beim zust\u00e4ndigen Arbeitsamt abgeschlossen haben.<\/cite><\/blockquote>\n","protected":false},"excerpt":{"rendered":"<p>Ein \u00dcberblick \u00fcber den 3-Jahres-Zeitraum des Decreto Flussi in Italien. Antr\u00e4ge aufgeschoben bis M\u00e4rz 2024.<\/p>\n","protected":false},"author":1,"featured_media":162165,"template":"","meta":{"_acf_changed":false,"footnotes":""},"categories":[1481,1478,1483],"tags":[],"country":[2006],"container":[],"service":[6258,6290],"tag-di-competenza":[5612],"class_list":["post-183586","news","type-news","status-publish","has-post-thumbnail","hentry","category-visa-immigration-law","category-immigration-law","category-work-visa","country-italien","service-immigration-services","service-visa-italy","tag-di-competenza-team-im-de"],"acf":[],"yoast_head":"<!-- This site is optimized with the Yoast SEO Premium plugin v27.4 (Yoast SEO v27.4) - https:\/\/yoast.com\/product\/yoast-seo-premium-wordpress\/ -->\n<title>Italien Decreto Flussi 2023: offizieller Plan f\u00fcr den Zeitraum 2023-2025<\/title>\n<meta name=\"description\" content=\"Ver\u00f6ffentlicht am 3. Oktober 2023, trat das Flussdekret f\u00fcr ausl\u00e4ndische Arbeitskr\u00e4fte nach Italien f\u00fcr den dreij\u00e4hrigen Zeitraum 2023-2025 in Kraft.\" \/>\n<meta name=\"robots\" content=\"index, follow, max-snippet:-1, max-image-preview:large, max-video-preview:-1\" \/>\n<link rel=\"canonical\" href=\"https:\/\/arlettipartners.com\/de\/?news=zuwanderungsstroeme-italien-das-dreijahresplanungsdekret-fuer-2023-2025-wurde-im-amtsblatt-veroeffentlicht\" \/>\n<meta property=\"og:locale\" content=\"de_DE\" \/>\n<meta property=\"og:type\" content=\"article\" \/>\n<meta property=\"og:title\" content=\"Zuwanderungsstr\u00f6me Italien: Das Dreijahresplanungsdekret f\u00fcr 2023-2025 wurde im Amtsblatt ver\u00f6ffentlicht\" \/>\n<meta property=\"og:description\" content=\"Ver\u00f6ffentlicht am 3. Oktober 2023, trat das Flussdekret f\u00fcr ausl\u00e4ndische Arbeitskr\u00e4fte nach Italien f\u00fcr den dreij\u00e4hrigen Zeitraum 2023-2025 in Kraft.\" \/>\n<meta property=\"og:url\" content=\"https:\/\/arlettipartners.com\/de\/?news=zuwanderungsstroeme-italien-das-dreijahresplanungsdekret-fuer-2023-2025-wurde-im-amtsblatt-veroeffentlicht\" \/>\n<meta property=\"og:site_name\" content=\"Arletti Partners\" \/>\n<meta property=\"article:publisher\" content=\"https:\/\/www.facebook.com\/ArlettiPartners\" \/>\n<meta property=\"article:modified_time\" content=\"2024-11-27T11:33:58+00:00\" \/>\n<meta property=\"og:image\" content=\"https:\/\/arlettipartners.com\/wp-content\/uploads\/2023\/08\/entry.flow_.png\" \/>\n\t<meta property=\"og:image:width\" content=\"1350\" \/>\n\t<meta property=\"og:image:height\" content=\"700\" \/>\n\t<meta property=\"og:image:type\" content=\"image\/png\" \/>\n<meta name=\"twitter:card\" content=\"summary_large_image\" \/>\n<meta name=\"twitter:label1\" content=\"Gesch\u00e4tzte Lesezeit\" \/>\n\t<meta name=\"twitter:data1\" content=\"6\u00a0Minuten\" \/>\n<script type=\"application\/ld+json\" class=\"yoast-schema-graph\">{\"@context\":\"https:\\\/\\\/schema.org\",\"@graph\":[{\"@type\":\"WebPage\",\"@id\":\"https:\\\/\\\/arlettipartners.com\\\/de\\\/?news=zuwanderungsstroeme-italien-das-dreijahresplanungsdekret-fuer-2023-2025-wurde-im-amtsblatt-veroeffentlicht\",\"url\":\"https:\\\/\\\/arlettipartners.com\\\/de\\\/?news=zuwanderungsstroeme-italien-das-dreijahresplanungsdekret-fuer-2023-2025-wurde-im-amtsblatt-veroeffentlicht\",\"name\":\"Italien Decreto Flussi 2023: offizieller Plan f\u00fcr den Zeitraum 2023-2025\",\"isPartOf\":{\"@id\":\"https:\\\/\\\/arlettipartners.com\\\/de\\\/#website\"},\"primaryImageOfPage\":{\"@id\":\"https:\\\/\\\/arlettipartners.com\\\/de\\\/?news=zuwanderungsstroeme-italien-das-dreijahresplanungsdekret-fuer-2023-2025-wurde-im-amtsblatt-veroeffentlicht#primaryimage\"},\"image\":{\"@id\":\"https:\\\/\\\/arlettipartners.com\\\/de\\\/?news=zuwanderungsstroeme-italien-das-dreijahresplanungsdekret-fuer-2023-2025-wurde-im-amtsblatt-veroeffentlicht#primaryimage\"},\"thumbnailUrl\":\"https:\\\/\\\/arlettipartners.com\\\/wp-content\\\/uploads\\\/2023\\\/08\\\/entry.flow_.png\",\"datePublished\":\"2023-10-05T10:14:00+00:00\",\"dateModified\":\"2024-11-27T11:33:58+00:00\",\"description\":\"Ver\u00f6ffentlicht am 3. Oktober 2023, trat das Flussdekret f\u00fcr ausl\u00e4ndische Arbeitskr\u00e4fte nach Italien f\u00fcr den dreij\u00e4hrigen Zeitraum 2023-2025 in Kraft.\",\"breadcrumb\":{\"@id\":\"https:\\\/\\\/arlettipartners.com\\\/de\\\/?news=zuwanderungsstroeme-italien-das-dreijahresplanungsdekret-fuer-2023-2025-wurde-im-amtsblatt-veroeffentlicht#breadcrumb\"},\"inLanguage\":\"de\",\"potentialAction\":[{\"@type\":\"ReadAction\",\"target\":[\"https:\\\/\\\/arlettipartners.com\\\/de\\\/?news=zuwanderungsstroeme-italien-das-dreijahresplanungsdekret-fuer-2023-2025-wurde-im-amtsblatt-veroeffentlicht\"]}]},{\"@type\":\"ImageObject\",\"inLanguage\":\"de\",\"@id\":\"https:\\\/\\\/arlettipartners.com\\\/de\\\/?news=zuwanderungsstroeme-italien-das-dreijahresplanungsdekret-fuer-2023-2025-wurde-im-amtsblatt-veroeffentlicht#primaryimage\",\"url\":\"https:\\\/\\\/arlettipartners.com\\\/wp-content\\\/uploads\\\/2023\\\/08\\\/entry.flow_.png\",\"contentUrl\":\"https:\\\/\\\/arlettipartners.com\\\/wp-content\\\/uploads\\\/2023\\\/08\\\/entry.flow_.png\",\"width\":1350,\"height\":700,\"caption\":\"Italy decreto flussi 2023 officially approved on October 3rd 2023\"},{\"@type\":\"BreadcrumbList\",\"@id\":\"https:\\\/\\\/arlettipartners.com\\\/de\\\/?news=zuwanderungsstroeme-italien-das-dreijahresplanungsdekret-fuer-2023-2025-wurde-im-amtsblatt-veroeffentlicht#breadcrumb\",\"itemListElement\":[{\"@type\":\"ListItem\",\"position\":1,\"name\":\"Home\",\"item\":\"https:\\\/\\\/arlettipartners.com\\\/de\\\/\"},{\"@type\":\"ListItem\",\"position\":2,\"name\":\"News\",\"item\":\"https:\\\/\\\/arlettipartners.com\\\/de\\\/?post_type=news\"},{\"@type\":\"ListItem\",\"position\":3,\"name\":\"Immigration Law\",\"item\":\"https:\\\/\\\/arlettipartners.com\\\/de\\\/category\\\/immigration-law\\\/\"},{\"@type\":\"ListItem\",\"position\":4,\"name\":\"Visa\",\"item\":\"https:\\\/\\\/arlettipartners.com\\\/de\\\/category\\\/immigration-law\\\/visa-immigration-law\\\/\"},{\"@type\":\"ListItem\",\"position\":5,\"name\":\"Work Visa\",\"item\":\"https:\\\/\\\/arlettipartners.com\\\/de\\\/category\\\/immigration-law\\\/visa-immigration-law\\\/work-visa\\\/\"},{\"@type\":\"ListItem\",\"position\":6,\"name\":\"Zuwanderungsstr\u00f6me Italien: Das Dreijahresplanungsdekret f\u00fcr 2023-2025 wurde im Amtsblatt ver\u00f6ffentlicht\"}]},{\"@type\":\"WebSite\",\"@id\":\"https:\\\/\\\/arlettipartners.com\\\/de\\\/#website\",\"url\":\"https:\\\/\\\/arlettipartners.com\\\/de\\\/\",\"name\":\"Arletti Partners\",\"description\":\"Tax Advisors and Global Mobility Specialists\",\"publisher\":{\"@id\":\"https:\\\/\\\/arlettipartners.com\\\/de\\\/#organization\"},\"potentialAction\":[{\"@type\":\"SearchAction\",\"target\":{\"@type\":\"EntryPoint\",\"urlTemplate\":\"https:\\\/\\\/arlettipartners.com\\\/de\\\/?s={search_term_string}\"},\"query-input\":{\"@type\":\"PropertyValueSpecification\",\"valueRequired\":true,\"valueName\":\"search_term_string\"}}],\"inLanguage\":\"de\"},{\"@type\":\"Organization\",\"@id\":\"https:\\\/\\\/arlettipartners.com\\\/de\\\/#organization\",\"name\":\"Arletti & Partners\",\"url\":\"https:\\\/\\\/arlettipartners.com\\\/de\\\/\",\"logo\":{\"@type\":\"ImageObject\",\"inLanguage\":\"de\",\"@id\":\"https:\\\/\\\/arlettipartners.com\\\/de\\\/#\\\/schema\\\/logo\\\/image\\\/\",\"url\":\"https:\\\/\\\/arlettipartners.com\\\/wp-content\\\/uploads\\\/2022\\\/03\\\/logo.png.nuovo_.nero_.png\",\"contentUrl\":\"https:\\\/\\\/arlettipartners.com\\\/wp-content\\\/uploads\\\/2022\\\/03\\\/logo.png.nuovo_.nero_.png\",\"width\":150,\"height\":32,\"caption\":\"Arletti & Partners\"},\"image\":{\"@id\":\"https:\\\/\\\/arlettipartners.com\\\/de\\\/#\\\/schema\\\/logo\\\/image\\\/\"},\"sameAs\":[\"https:\\\/\\\/www.facebook.com\\\/ArlettiPartners\",\"https:\\\/\\\/www.linkedin.com\\\/company\\\/aampp---arletti-amp-partners\\\/\"]}]}<\/script>\n<!-- \/ Yoast SEO Premium plugin. -->","yoast_head_json":{"title":"Italien Decreto Flussi 2023: offizieller Plan f\u00fcr den Zeitraum 2023-2025","description":"Ver\u00f6ffentlicht am 3. Oktober 2023, trat das Flussdekret f\u00fcr ausl\u00e4ndische Arbeitskr\u00e4fte nach Italien f\u00fcr den dreij\u00e4hrigen Zeitraum 2023-2025 in Kraft.","robots":{"index":"index","follow":"follow","max-snippet":"max-snippet:-1","max-image-preview":"max-image-preview:large","max-video-preview":"max-video-preview:-1"},"canonical":"https:\/\/arlettipartners.com\/de\/?news=zuwanderungsstroeme-italien-das-dreijahresplanungsdekret-fuer-2023-2025-wurde-im-amtsblatt-veroeffentlicht","og_locale":"de_DE","og_type":"article","og_title":"Zuwanderungsstr\u00f6me Italien: Das Dreijahresplanungsdekret f\u00fcr 2023-2025 wurde im Amtsblatt ver\u00f6ffentlicht","og_description":"Ver\u00f6ffentlicht am 3. Oktober 2023, trat das Flussdekret f\u00fcr ausl\u00e4ndische Arbeitskr\u00e4fte nach Italien f\u00fcr den dreij\u00e4hrigen Zeitraum 2023-2025 in Kraft.","og_url":"https:\/\/arlettipartners.com\/de\/?news=zuwanderungsstroeme-italien-das-dreijahresplanungsdekret-fuer-2023-2025-wurde-im-amtsblatt-veroeffentlicht","og_site_name":"Arletti Partners","article_publisher":"https:\/\/www.facebook.com\/ArlettiPartners","article_modified_time":"2024-11-27T11:33:58+00:00","og_image":[{"width":1350,"height":700,"url":"https:\/\/arlettipartners.com\/wp-content\/uploads\/2023\/08\/entry.flow_.png","type":"image\/png"}],"twitter_card":"summary_large_image","twitter_misc":{"Gesch\u00e4tzte Lesezeit":"6\u00a0Minuten"},"schema":{"@context":"https:\/\/schema.org","@graph":[{"@type":"WebPage","@id":"https:\/\/arlettipartners.com\/de\/?news=zuwanderungsstroeme-italien-das-dreijahresplanungsdekret-fuer-2023-2025-wurde-im-amtsblatt-veroeffentlicht","url":"https:\/\/arlettipartners.com\/de\/?news=zuwanderungsstroeme-italien-das-dreijahresplanungsdekret-fuer-2023-2025-wurde-im-amtsblatt-veroeffentlicht","name":"Italien Decreto Flussi 2023: offizieller Plan f\u00fcr den Zeitraum 2023-2025","isPartOf":{"@id":"https:\/\/arlettipartners.com\/de\/#website"},"primaryImageOfPage":{"@id":"https:\/\/arlettipartners.com\/de\/?news=zuwanderungsstroeme-italien-das-dreijahresplanungsdekret-fuer-2023-2025-wurde-im-amtsblatt-veroeffentlicht#primaryimage"},"image":{"@id":"https:\/\/arlettipartners.com\/de\/?news=zuwanderungsstroeme-italien-das-dreijahresplanungsdekret-fuer-2023-2025-wurde-im-amtsblatt-veroeffentlicht#primaryimage"},"thumbnailUrl":"https:\/\/arlettipartners.com\/wp-content\/uploads\/2023\/08\/entry.flow_.png","datePublished":"2023-10-05T10:14:00+00:00","dateModified":"2024-11-27T11:33:58+00:00","description":"Ver\u00f6ffentlicht am 3. Oktober 2023, trat das Flussdekret f\u00fcr ausl\u00e4ndische Arbeitskr\u00e4fte nach Italien f\u00fcr den dreij\u00e4hrigen Zeitraum 2023-2025 in Kraft.","breadcrumb":{"@id":"https:\/\/arlettipartners.com\/de\/?news=zuwanderungsstroeme-italien-das-dreijahresplanungsdekret-fuer-2023-2025-wurde-im-amtsblatt-veroeffentlicht#breadcrumb"},"inLanguage":"de","potentialAction":[{"@type":"ReadAction","target":["https:\/\/arlettipartners.com\/de\/?news=zuwanderungsstroeme-italien-das-dreijahresplanungsdekret-fuer-2023-2025-wurde-im-amtsblatt-veroeffentlicht"]}]},{"@type":"ImageObject","inLanguage":"de","@id":"https:\/\/arlettipartners.com\/de\/?news=zuwanderungsstroeme-italien-das-dreijahresplanungsdekret-fuer-2023-2025-wurde-im-amtsblatt-veroeffentlicht#primaryimage","url":"https:\/\/arlettipartners.com\/wp-content\/uploads\/2023\/08\/entry.flow_.png","contentUrl":"https:\/\/arlettipartners.com\/wp-content\/uploads\/2023\/08\/entry.flow_.png","width":1350,"height":700,"caption":"Italy decreto flussi 2023 officially approved on October 3rd 2023"},{"@type":"BreadcrumbList","@id":"https:\/\/arlettipartners.com\/de\/?news=zuwanderungsstroeme-italien-das-dreijahresplanungsdekret-fuer-2023-2025-wurde-im-amtsblatt-veroeffentlicht#breadcrumb","itemListElement":[{"@type":"ListItem","position":1,"name":"Home","item":"https:\/\/arlettipartners.com\/de\/"},{"@type":"ListItem","position":2,"name":"News","item":"https:\/\/arlettipartners.com\/de\/?post_type=news"},{"@type":"ListItem","position":3,"name":"Immigration Law","item":"https:\/\/arlettipartners.com\/de\/category\/immigration-law\/"},{"@type":"ListItem","position":4,"name":"Visa","item":"https:\/\/arlettipartners.com\/de\/category\/immigration-law\/visa-immigration-law\/"},{"@type":"ListItem","position":5,"name":"Work Visa","item":"https:\/\/arlettipartners.com\/de\/category\/immigration-law\/visa-immigration-law\/work-visa\/"},{"@type":"ListItem","position":6,"name":"Zuwanderungsstr\u00f6me Italien: Das Dreijahresplanungsdekret f\u00fcr 2023-2025 wurde im Amtsblatt ver\u00f6ffentlicht"}]},{"@type":"WebSite","@id":"https:\/\/arlettipartners.com\/de\/#website","url":"https:\/\/arlettipartners.com\/de\/","name":"Arletti Partners","description":"Tax Advisors and Global Mobility Specialists","publisher":{"@id":"https:\/\/arlettipartners.com\/de\/#organization"},"potentialAction":[{"@type":"SearchAction","target":{"@type":"EntryPoint","urlTemplate":"https:\/\/arlettipartners.com\/de\/?s={search_term_string}"},"query-input":{"@type":"PropertyValueSpecification","valueRequired":true,"valueName":"search_term_string"}}],"inLanguage":"de"},{"@type":"Organization","@id":"https:\/\/arlettipartners.com\/de\/#organization","name":"Arletti & Partners","url":"https:\/\/arlettipartners.com\/de\/","logo":{"@type":"ImageObject","inLanguage":"de","@id":"https:\/\/arlettipartners.com\/de\/#\/schema\/logo\/image\/","url":"https:\/\/arlettipartners.com\/wp-content\/uploads\/2022\/03\/logo.png.nuovo_.nero_.png","contentUrl":"https:\/\/arlettipartners.com\/wp-content\/uploads\/2022\/03\/logo.png.nuovo_.nero_.png","width":150,"height":32,"caption":"Arletti & Partners"},"image":{"@id":"https:\/\/arlettipartners.com\/de\/#\/schema\/logo\/image\/"},"sameAs":["https:\/\/www.facebook.com\/ArlettiPartners","https:\/\/www.linkedin.com\/company\/aampp---arletti-amp-partners\/"]}]}},"_links":{"self":[{"href":"https:\/\/arlettipartners.com\/de\/wp-json\/wp\/v2\/news\/183586","targetHints":{"allow":["GET"]}}],"collection":[{"href":"https:\/\/arlettipartners.com\/de\/wp-json\/wp\/v2\/news"}],"about":[{"href":"https:\/\/arlettipartners.com\/de\/wp-json\/wp\/v2\/types\/news"}],"author":[{"embeddable":true,"href":"https:\/\/arlettipartners.com\/de\/wp-json\/wp\/v2\/users\/1"}],"version-history":[{"count":0,"href":"https:\/\/arlettipartners.com\/de\/wp-json\/wp\/v2\/news\/183586\/revisions"}],"wp:featuredmedia":[{"embeddable":true,"href":"https:\/\/arlettipartners.com\/de\/wp-json\/wp\/v2\/media\/162165"}],"wp:attachment":[{"href":"https:\/\/arlettipartners.com\/de\/wp-json\/wp\/v2\/media?parent=183586"}],"wp:term":[{"taxonomy":"category","embeddable":true,"href":"https:\/\/arlettipartners.com\/de\/wp-json\/wp\/v2\/categories?post=183586"},{"taxonomy":"post_tag","embeddable":true,"href":"https:\/\/arlettipartners.com\/de\/wp-json\/wp\/v2\/tags?post=183586"},{"taxonomy":"country","embeddable":true,"href":"https:\/\/arlettipartners.com\/de\/wp-json\/wp\/v2\/country?post=183586"},{"taxonomy":"container","embeddable":true,"href":"https:\/\/arlettipartners.com\/de\/wp-json\/wp\/v2\/container?post=183586"},{"taxonomy":"service","embeddable":true,"href":"https:\/\/arlettipartners.com\/de\/wp-json\/wp\/v2\/service?post=183586"},{"taxonomy":"tag-di-competenza","embeddable":true,"href":"https:\/\/arlettipartners.com\/de\/wp-json\/wp\/v2\/tag-di-competenza?post=183586"}],"curies":[{"name":"wp","href":"https:\/\/api.w.org\/{rel}","templated":true}]}}