{"id":181296,"date":"2023-02-20T14:51:16","date_gmt":"2023-02-20T13:51:16","guid":{"rendered":"https:\/\/arlettipartners.com\/rundschreiben-inl-1-2023-ueber-die-aufbewahrungspflichten-von-dokumenten\/"},"modified":"2024-10-03T12:55:00","modified_gmt":"2024-10-03T10:55:00","slug":"rundschreiben-inl-1-2023-ueber-die-aufbewahrungspflichten-von-dokumenten","status":"publish","type":"news","link":"https:\/\/arlettipartners.com\/de\/?news=rundschreiben-inl-1-2023-ueber-die-aufbewahrungspflichten-von-dokumenten","title":{"rendered":"Rundschreiben INL 1\/2023 \u00fcber die Aufbewahrungspflichten von Dokumenten"},"content":{"rendered":"<p style=\"text-align: left;\">Mit dem Rundschreiben Nr. 1 vom 15. Februar 2023 hat die Nationale Arbeitsinspektion (Ispettorato Nazionale del Lavoro) Klarstellungen zur Natur der &#8220;\u00e4quivalenten Dokumentation&#8221; gegeben, die im Rahmen der \u00dcberwachung der grenz\u00fcberschreitenden Entsendung kontrolliert wird.<\/p>\n<h2 style=\"text-align: left;\">Aufbewahrungspflicht f\u00fcr Dokumente im Zusammenhang mit grenz\u00fcberschreitender Entsendung<\/h2>\n<p style=\"text-align: left;\">In Italien hat das <strong>Gesetzesdekrets Nr. 136\/2016<\/strong>, das die Richtlinie 2014\/67\/EU umsetzt, die Anwendung der Richtlinie 96\/71\/EG betreffend die Entsendung von Arbeitnehmern im Rahmen von Dienstleistungen regelt, spezifische Ma\u00dfnahmen eingef\u00fchrt, um nicht authentische grenz\u00fcberschreitende Entsendungen zu verhindern und zu bek\u00e4mpfen, die von in einem anderen Mitgliedstaat oder in einem Drittland ans\u00e4ssigen Unternehmen durchgef\u00fchrt werden.<\/p>\n<p style=\"text-align: left;\">Wie im Artikel 10, Absatz 3, Buchstabe a) des genannten Dekrets festgelegt, geh\u00f6rt zu den Pflichten der Unternehmen, die Personal nach Italien entsenden, die Aufbewahrung der Dokumentation, die die Authentizit\u00e4t der Entsendung bescheinigt, f\u00fcr die gesamte Dauer der Dienstleistung und bis zu zwei Jahre nach deren Beendigung zur Vorlage bei den \u00dcberwachungsbeh\u00f6rden.<\/p>\n<p style=\"text-align: left;\">Konkret hat Artikel 10 des genannten Dekrets die Aufbewahrungspflicht f\u00fcr den Arbeitgeber eingef\u00fchrt, wonach<\/p>\n<blockquote>\n<p style=\"text-align: left;\">\u201ew\u00e4hrend der Dauer der Entsendung und bis zu zwei Jahre nach deren Beendigung, das entsendende Unternehmen die Pflicht hat: a) eine Kopie in italienischer Sprache aufzubewahren (\u2026) der \u00f6ffentlichen Mitteilung \u00fcber die Begr\u00fcndung des Arbeitsverh\u00e4ltnisses oder <em>\u00e4quivalente Dokumentation<\/em> sowie das Zertifikat \u00fcber die anwendbare Sozialversicherungsgesetzgebung\u201c.<\/p>\n<\/blockquote>\n<h2 style=\"text-align: left;\">Erl\u00e4uterungen des INL-Rundschreibens 1\/2023 zur \u201e\u00e4quivalenten Dokumentation\u201c<\/h2>\n<p style=\"text-align: left;\">Die INL stellt klar, dass der Begriff \u201e\u00e4quivalente Dokumentation\u201c vom italienischen Gesetzgeber allgemein verstanden wurde, da bereits die M\u00f6glichkeit in Betracht gezogen wurde, dass andere Rechtsordnungen keine \u201e\u00f6ffentliche Mitteilung \u00fcber die Begr\u00fcndung des Arbeitsverh\u00e4ltnisses\u201c vorsehen, die jedoch in der italienischen Rechtsordnung zur Bek\u00e4mpfung des Ph\u00e4nomens der Schwarzarbeit vorhanden ist. Daher wird im Rundschreiben klargestellt, dass der Ausdruck \u201e\u00e4quivalente Dokumentation\u201c absichtlich verwendet wurde, um die Nutzbarkeit jeglicher in dem Mitgliedstaat \u00fcblichen Dokumentation zu erm\u00f6glichen, solange diese \u00e4quivalente Dokumentation die Existenz des Arbeitsverh\u00e4ltnisses in klaren Begriffen belegen kann.<\/p>\n<h2 style=\"text-align: left;\">A1-Bescheinigung als \u00e4quivalentes Dokument zur \u00f6ffentlichen Mitteilung \u00fcber die Begr\u00fcndung des Arbeitsverh\u00e4ltnisses<\/h2>\n<p style=\"text-align: left;\">Im Rundschreiben INL 1\/2023 wird au\u00dferdem klargestellt, dass die Aufbewahrungspflichten f\u00fcr ausl\u00e4ndische Unternehmen, die Arbeitnehmer nach Italien entsenden, durch die Aufbewahrung der Bescheinigung \u00fcber den Antrag auf die <a href=\"https:\/\/arlettipartners.com\/a1-bescheinigung-definitionen-relevanz-und-anwendung-der-verordnung-883-2004-im-bereich-der-sozialen-sicherheit-von-entsandten-arbeitnehmern\/?lang=de\">A1-Bescheinigung<\/a> erf\u00fcllt werden k\u00f6nnen, die vom entsendenden Unternehmen bei der Sozialversicherungsbeh\u00f6rde des Herkunftsstaates eingereicht wurde. In der Tat kann die Ausstellung des Modells A1 auch nach Beginn der Entsendung erfolgen, was zu einer r\u00fcckwirkenden G\u00fcltigkeit f\u00fchrt; andererseits bescheinigt der Antrag auf das Modell A1 die Registrierung des Arbeitnehmers in der Sozialversicherung des Staates, in dem das entsendende Unternehmen ans\u00e4ssig ist. Die Bescheinigung \u00fcber den Antrag auf das Modell A1 erm\u00f6glicht es somit, zuverl\u00e4ssige Informationen \u00fcber das Datum des Beginns des Arbeitsverh\u00e4ltnisses im Staat, in dem das entsendende Unternehmen ans\u00e4ssig ist, sowie \u00fcber die Vertragsdaten zu erhalten.<\/p>\n<p style=\"text-align: left;\">Die Kopie des Antrags auf das Modell A1, die an die zust\u00e4ndigen Beh\u00f6rden des Ansiedlungsstaates \u00fcbermittelt wird, kann somit als \u00e4quivalentes Dokument zur \u00f6ffentlichen Mitteilung \u00fcber die Begr\u00fcndung des Arbeitsverh\u00e4ltnisses betrachtet werden und erscheint verh\u00e4ltnism\u00e4\u00dfig zur Notwendigkeit, die effektive \u00dcberwachung der Einhaltung der Verpflichtungen gem\u00e4\u00df der Richtlinie 2014\/67\/EU und der Richtlinie 96\/71\/EG sicherzustellen.<\/p>\n","protected":false},"excerpt":{"rendered":"<p>Mit dem Rundschreiben Nr. 1 von 2023 gibt das INL Klarstellungen zu den administrativen Verpflichtungen im Zusammenhang mit der Entsendung von Arbeitnehmern im Rahmen einer Dienstleistungserbringung.<\/p>\n","protected":false},"author":42,"featured_media":143600,"template":"","meta":{"_acf_changed":false,"footnotes":""},"categories":[1488],"tags":[],"country":[2006],"container":[],"service":[5576],"tag-di-competenza":[5613],"class_list":["post-181296","news","type-news","status-publish","has-post-thumbnail","hentry","category-administrative-fulfilments-for-employers","country-italien","service-posting-of-workers-to-eu","tag-di-competenza-team-posting-de"],"acf":[],"yoast_head":"<!-- This site is optimized with the Yoast SEO Premium plugin v27.4 (Yoast SEO v27.4) - https:\/\/yoast.com\/product\/yoast-seo-premium-wordpress\/ -->\n<title>Rundschreiben INL 1\/2023 zu den Dokumentationsaufbewahrungspflichten<\/title>\n<meta name=\"description\" content=\"Transnationaler Einsatz von Arbeitnehmern: die Klarstellungen der Rundschreiben INL 1\/2023 zu den Dokumentationsaufbewahrungspflichten.\" \/>\n<meta name=\"robots\" content=\"index, follow, max-snippet:-1, max-image-preview:large, max-video-preview:-1\" \/>\n<link rel=\"canonical\" href=\"https:\/\/arlettipartners.com\/de\/?news=rundschreiben-inl-1-2023-ueber-die-aufbewahrungspflichten-von-dokumenten\" \/>\n<meta property=\"og:locale\" content=\"de_DE\" \/>\n<meta property=\"og:type\" content=\"article\" \/>\n<meta property=\"og:title\" content=\"Rundschreiben INL 1\/2023 \u00fcber die Aufbewahrungspflichten von Dokumenten\" \/>\n<meta property=\"og:description\" content=\"Transnationaler Einsatz von Arbeitnehmern: die Klarstellungen der Rundschreiben INL 1\/2023 zu den Dokumentationsaufbewahrungspflichten.\" \/>\n<meta property=\"og:url\" content=\"https:\/\/arlettipartners.com\/de\/?news=rundschreiben-inl-1-2023-ueber-die-aufbewahrungspflichten-von-dokumenten\" \/>\n<meta property=\"og:site_name\" content=\"Arletti Partners\" \/>\n<meta property=\"article:publisher\" content=\"https:\/\/www.facebook.com\/ArlettiPartners\" \/>\n<meta property=\"article:modified_time\" content=\"2024-10-03T10:55:00+00:00\" \/>\n<meta property=\"og:image\" content=\"https:\/\/arlettipartners.com\/wp-content\/uploads\/2023\/01\/modello-a1-portatile.png\" \/>\n\t<meta property=\"og:image:width\" content=\"1400\" \/>\n\t<meta property=\"og:image:height\" content=\"750\" \/>\n\t<meta property=\"og:image:type\" content=\"image\/png\" \/>\n<meta name=\"twitter:card\" content=\"summary_large_image\" \/>\n<meta name=\"twitter:label1\" content=\"Gesch\u00e4tzte Lesezeit\" \/>\n\t<meta name=\"twitter:data1\" content=\"1\u00a0Minute\" \/>\n<script type=\"application\/ld+json\" class=\"yoast-schema-graph\">{\"@context\":\"https:\\\/\\\/schema.org\",\"@graph\":[{\"@type\":\"WebPage\",\"@id\":\"https:\\\/\\\/arlettipartners.com\\\/de\\\/?news=rundschreiben-inl-1-2023-ueber-die-aufbewahrungspflichten-von-dokumenten\",\"url\":\"https:\\\/\\\/arlettipartners.com\\\/de\\\/?news=rundschreiben-inl-1-2023-ueber-die-aufbewahrungspflichten-von-dokumenten\",\"name\":\"Rundschreiben INL 1\\\/2023 zu den Dokumentationsaufbewahrungspflichten\",\"isPartOf\":{\"@id\":\"https:\\\/\\\/arlettipartners.com\\\/de\\\/#website\"},\"primaryImageOfPage\":{\"@id\":\"https:\\\/\\\/arlettipartners.com\\\/de\\\/?news=rundschreiben-inl-1-2023-ueber-die-aufbewahrungspflichten-von-dokumenten#primaryimage\"},\"image\":{\"@id\":\"https:\\\/\\\/arlettipartners.com\\\/de\\\/?news=rundschreiben-inl-1-2023-ueber-die-aufbewahrungspflichten-von-dokumenten#primaryimage\"},\"thumbnailUrl\":\"https:\\\/\\\/arlettipartners.com\\\/wp-content\\\/uploads\\\/2023\\\/01\\\/modello-a1-portatile.png\",\"datePublished\":\"2023-02-20T13:51:16+00:00\",\"dateModified\":\"2024-10-03T10:55:00+00:00\",\"description\":\"Transnationaler Einsatz von Arbeitnehmern: die Klarstellungen der Rundschreiben INL 1\\\/2023 zu den Dokumentationsaufbewahrungspflichten.\",\"breadcrumb\":{\"@id\":\"https:\\\/\\\/arlettipartners.com\\\/de\\\/?news=rundschreiben-inl-1-2023-ueber-die-aufbewahrungspflichten-von-dokumenten#breadcrumb\"},\"inLanguage\":\"de\",\"potentialAction\":[{\"@type\":\"ReadAction\",\"target\":[\"https:\\\/\\\/arlettipartners.com\\\/de\\\/?news=rundschreiben-inl-1-2023-ueber-die-aufbewahrungspflichten-von-dokumenten\"]}]},{\"@type\":\"ImageObject\",\"inLanguage\":\"de\",\"@id\":\"https:\\\/\\\/arlettipartners.com\\\/de\\\/?news=rundschreiben-inl-1-2023-ueber-die-aufbewahrungspflichten-von-dokumenten#primaryimage\",\"url\":\"https:\\\/\\\/arlettipartners.com\\\/wp-content\\\/uploads\\\/2023\\\/01\\\/modello-a1-portatile.png\",\"contentUrl\":\"https:\\\/\\\/arlettipartners.com\\\/wp-content\\\/uploads\\\/2023\\\/01\\\/modello-a1-portatile.png\",\"width\":1400,\"height\":750,\"caption\":\"a1 certificate for posting workers in europe\"},{\"@type\":\"BreadcrumbList\",\"@id\":\"https:\\\/\\\/arlettipartners.com\\\/de\\\/?news=rundschreiben-inl-1-2023-ueber-die-aufbewahrungspflichten-von-dokumenten#breadcrumb\",\"itemListElement\":[{\"@type\":\"ListItem\",\"position\":1,\"name\":\"Home\",\"item\":\"https:\\\/\\\/arlettipartners.com\\\/de\\\/\"},{\"@type\":\"ListItem\",\"position\":2,\"name\":\"News\",\"item\":\"https:\\\/\\\/arlettipartners.com\\\/de\\\/?post_type=news\"},{\"@type\":\"ListItem\",\"position\":3,\"name\":\"Labour Law\",\"item\":\"https:\\\/\\\/arlettipartners.com\\\/de\\\/category\\\/labour-law\\\/\"},{\"@type\":\"ListItem\",\"position\":4,\"name\":\"Posting of Workers for Provisions of Services\",\"item\":\"https:\\\/\\\/arlettipartners.com\\\/de\\\/category\\\/labour-law\\\/posting-of-workers-for-provisions-of-services\\\/\"},{\"@type\":\"ListItem\",\"position\":5,\"name\":\"Administrative Fulfilments for Employers\",\"item\":\"https:\\\/\\\/arlettipartners.com\\\/de\\\/category\\\/labour-law\\\/posting-of-workers-for-provisions-of-services\\\/administrative-fulfilments-for-employers\\\/\"},{\"@type\":\"ListItem\",\"position\":6,\"name\":\"Rundschreiben INL 1\\\/2023 \u00fcber die Aufbewahrungspflichten von Dokumenten\"}]},{\"@type\":\"WebSite\",\"@id\":\"https:\\\/\\\/arlettipartners.com\\\/de\\\/#website\",\"url\":\"https:\\\/\\\/arlettipartners.com\\\/de\\\/\",\"name\":\"Arletti Partners\",\"description\":\"Tax Advisors and Global Mobility Specialists\",\"publisher\":{\"@id\":\"https:\\\/\\\/arlettipartners.com\\\/de\\\/#organization\"},\"potentialAction\":[{\"@type\":\"SearchAction\",\"target\":{\"@type\":\"EntryPoint\",\"urlTemplate\":\"https:\\\/\\\/arlettipartners.com\\\/de\\\/?s={search_term_string}\"},\"query-input\":{\"@type\":\"PropertyValueSpecification\",\"valueRequired\":true,\"valueName\":\"search_term_string\"}}],\"inLanguage\":\"de\"},{\"@type\":\"Organization\",\"@id\":\"https:\\\/\\\/arlettipartners.com\\\/de\\\/#organization\",\"name\":\"Arletti & Partners\",\"url\":\"https:\\\/\\\/arlettipartners.com\\\/de\\\/\",\"logo\":{\"@type\":\"ImageObject\",\"inLanguage\":\"de\",\"@id\":\"https:\\\/\\\/arlettipartners.com\\\/de\\\/#\\\/schema\\\/logo\\\/image\\\/\",\"url\":\"https:\\\/\\\/arlettipartners.com\\\/wp-content\\\/uploads\\\/2022\\\/03\\\/logo.png.nuovo_.nero_.png\",\"contentUrl\":\"https:\\\/\\\/arlettipartners.com\\\/wp-content\\\/uploads\\\/2022\\\/03\\\/logo.png.nuovo_.nero_.png\",\"width\":150,\"height\":32,\"caption\":\"Arletti & Partners\"},\"image\":{\"@id\":\"https:\\\/\\\/arlettipartners.com\\\/de\\\/#\\\/schema\\\/logo\\\/image\\\/\"},\"sameAs\":[\"https:\\\/\\\/www.facebook.com\\\/ArlettiPartners\",\"https:\\\/\\\/www.linkedin.com\\\/company\\\/aampp---arletti-amp-partners\\\/\"]}]}<\/script>\n<!-- \/ Yoast SEO Premium plugin. -->","yoast_head_json":{"title":"Rundschreiben INL 1\/2023 zu den Dokumentationsaufbewahrungspflichten","description":"Transnationaler Einsatz von Arbeitnehmern: die Klarstellungen der Rundschreiben INL 1\/2023 zu den Dokumentationsaufbewahrungspflichten.","robots":{"index":"index","follow":"follow","max-snippet":"max-snippet:-1","max-image-preview":"max-image-preview:large","max-video-preview":"max-video-preview:-1"},"canonical":"https:\/\/arlettipartners.com\/de\/?news=rundschreiben-inl-1-2023-ueber-die-aufbewahrungspflichten-von-dokumenten","og_locale":"de_DE","og_type":"article","og_title":"Rundschreiben INL 1\/2023 \u00fcber die Aufbewahrungspflichten von Dokumenten","og_description":"Transnationaler Einsatz von Arbeitnehmern: die Klarstellungen der Rundschreiben INL 1\/2023 zu den Dokumentationsaufbewahrungspflichten.","og_url":"https:\/\/arlettipartners.com\/de\/?news=rundschreiben-inl-1-2023-ueber-die-aufbewahrungspflichten-von-dokumenten","og_site_name":"Arletti Partners","article_publisher":"https:\/\/www.facebook.com\/ArlettiPartners","article_modified_time":"2024-10-03T10:55:00+00:00","og_image":[{"width":1400,"height":750,"url":"https:\/\/arlettipartners.com\/wp-content\/uploads\/2023\/01\/modello-a1-portatile.png","type":"image\/png"}],"twitter_card":"summary_large_image","twitter_misc":{"Gesch\u00e4tzte Lesezeit":"1\u00a0Minute"},"schema":{"@context":"https:\/\/schema.org","@graph":[{"@type":"WebPage","@id":"https:\/\/arlettipartners.com\/de\/?news=rundschreiben-inl-1-2023-ueber-die-aufbewahrungspflichten-von-dokumenten","url":"https:\/\/arlettipartners.com\/de\/?news=rundschreiben-inl-1-2023-ueber-die-aufbewahrungspflichten-von-dokumenten","name":"Rundschreiben INL 1\/2023 zu den Dokumentationsaufbewahrungspflichten","isPartOf":{"@id":"https:\/\/arlettipartners.com\/de\/#website"},"primaryImageOfPage":{"@id":"https:\/\/arlettipartners.com\/de\/?news=rundschreiben-inl-1-2023-ueber-die-aufbewahrungspflichten-von-dokumenten#primaryimage"},"image":{"@id":"https:\/\/arlettipartners.com\/de\/?news=rundschreiben-inl-1-2023-ueber-die-aufbewahrungspflichten-von-dokumenten#primaryimage"},"thumbnailUrl":"https:\/\/arlettipartners.com\/wp-content\/uploads\/2023\/01\/modello-a1-portatile.png","datePublished":"2023-02-20T13:51:16+00:00","dateModified":"2024-10-03T10:55:00+00:00","description":"Transnationaler Einsatz von Arbeitnehmern: die Klarstellungen der Rundschreiben INL 1\/2023 zu den Dokumentationsaufbewahrungspflichten.","breadcrumb":{"@id":"https:\/\/arlettipartners.com\/de\/?news=rundschreiben-inl-1-2023-ueber-die-aufbewahrungspflichten-von-dokumenten#breadcrumb"},"inLanguage":"de","potentialAction":[{"@type":"ReadAction","target":["https:\/\/arlettipartners.com\/de\/?news=rundschreiben-inl-1-2023-ueber-die-aufbewahrungspflichten-von-dokumenten"]}]},{"@type":"ImageObject","inLanguage":"de","@id":"https:\/\/arlettipartners.com\/de\/?news=rundschreiben-inl-1-2023-ueber-die-aufbewahrungspflichten-von-dokumenten#primaryimage","url":"https:\/\/arlettipartners.com\/wp-content\/uploads\/2023\/01\/modello-a1-portatile.png","contentUrl":"https:\/\/arlettipartners.com\/wp-content\/uploads\/2023\/01\/modello-a1-portatile.png","width":1400,"height":750,"caption":"a1 certificate for posting workers in europe"},{"@type":"BreadcrumbList","@id":"https:\/\/arlettipartners.com\/de\/?news=rundschreiben-inl-1-2023-ueber-die-aufbewahrungspflichten-von-dokumenten#breadcrumb","itemListElement":[{"@type":"ListItem","position":1,"name":"Home","item":"https:\/\/arlettipartners.com\/de\/"},{"@type":"ListItem","position":2,"name":"News","item":"https:\/\/arlettipartners.com\/de\/?post_type=news"},{"@type":"ListItem","position":3,"name":"Labour Law","item":"https:\/\/arlettipartners.com\/de\/category\/labour-law\/"},{"@type":"ListItem","position":4,"name":"Posting of Workers for Provisions of Services","item":"https:\/\/arlettipartners.com\/de\/category\/labour-law\/posting-of-workers-for-provisions-of-services\/"},{"@type":"ListItem","position":5,"name":"Administrative Fulfilments for Employers","item":"https:\/\/arlettipartners.com\/de\/category\/labour-law\/posting-of-workers-for-provisions-of-services\/administrative-fulfilments-for-employers\/"},{"@type":"ListItem","position":6,"name":"Rundschreiben INL 1\/2023 \u00fcber die Aufbewahrungspflichten von Dokumenten"}]},{"@type":"WebSite","@id":"https:\/\/arlettipartners.com\/de\/#website","url":"https:\/\/arlettipartners.com\/de\/","name":"Arletti Partners","description":"Tax Advisors and Global Mobility Specialists","publisher":{"@id":"https:\/\/arlettipartners.com\/de\/#organization"},"potentialAction":[{"@type":"SearchAction","target":{"@type":"EntryPoint","urlTemplate":"https:\/\/arlettipartners.com\/de\/?s={search_term_string}"},"query-input":{"@type":"PropertyValueSpecification","valueRequired":true,"valueName":"search_term_string"}}],"inLanguage":"de"},{"@type":"Organization","@id":"https:\/\/arlettipartners.com\/de\/#organization","name":"Arletti & Partners","url":"https:\/\/arlettipartners.com\/de\/","logo":{"@type":"ImageObject","inLanguage":"de","@id":"https:\/\/arlettipartners.com\/de\/#\/schema\/logo\/image\/","url":"https:\/\/arlettipartners.com\/wp-content\/uploads\/2022\/03\/logo.png.nuovo_.nero_.png","contentUrl":"https:\/\/arlettipartners.com\/wp-content\/uploads\/2022\/03\/logo.png.nuovo_.nero_.png","width":150,"height":32,"caption":"Arletti & Partners"},"image":{"@id":"https:\/\/arlettipartners.com\/de\/#\/schema\/logo\/image\/"},"sameAs":["https:\/\/www.facebook.com\/ArlettiPartners","https:\/\/www.linkedin.com\/company\/aampp---arletti-amp-partners\/"]}]}},"_links":{"self":[{"href":"https:\/\/arlettipartners.com\/de\/wp-json\/wp\/v2\/news\/181296","targetHints":{"allow":["GET"]}}],"collection":[{"href":"https:\/\/arlettipartners.com\/de\/wp-json\/wp\/v2\/news"}],"about":[{"href":"https:\/\/arlettipartners.com\/de\/wp-json\/wp\/v2\/types\/news"}],"author":[{"embeddable":true,"href":"https:\/\/arlettipartners.com\/de\/wp-json\/wp\/v2\/users\/42"}],"version-history":[{"count":0,"href":"https:\/\/arlettipartners.com\/de\/wp-json\/wp\/v2\/news\/181296\/revisions"}],"wp:featuredmedia":[{"embeddable":true,"href":"https:\/\/arlettipartners.com\/de\/wp-json\/wp\/v2\/media\/143600"}],"wp:attachment":[{"href":"https:\/\/arlettipartners.com\/de\/wp-json\/wp\/v2\/media?parent=181296"}],"wp:term":[{"taxonomy":"category","embeddable":true,"href":"https:\/\/arlettipartners.com\/de\/wp-json\/wp\/v2\/categories?post=181296"},{"taxonomy":"post_tag","embeddable":true,"href":"https:\/\/arlettipartners.com\/de\/wp-json\/wp\/v2\/tags?post=181296"},{"taxonomy":"country","embeddable":true,"href":"https:\/\/arlettipartners.com\/de\/wp-json\/wp\/v2\/country?post=181296"},{"taxonomy":"container","embeddable":true,"href":"https:\/\/arlettipartners.com\/de\/wp-json\/wp\/v2\/container?post=181296"},{"taxonomy":"service","embeddable":true,"href":"https:\/\/arlettipartners.com\/de\/wp-json\/wp\/v2\/service?post=181296"},{"taxonomy":"tag-di-competenza","embeddable":true,"href":"https:\/\/arlettipartners.com\/de\/wp-json\/wp\/v2\/tag-di-competenza?post=181296"}],"curies":[{"name":"wp","href":"https:\/\/api.w.org\/{rel}","templated":true}]}}